{"id":216424,"date":"2022-02-20T22:20:32","date_gmt":"2022-02-21T01:20:32","guid":{"rendered":"https:\/\/www.redenoticia.com.br\/noticia\/?p=216424"},"modified":"2022-02-20T22:20:32","modified_gmt":"2022-02-21T01:20:32","slug":"resumo-carinha-de-anjo-21-02-padre-pede-a-gustavo-um-emprego-para-leonardo","status":"publish","type":"post","link":"https:\/\/www.redenoticia.com.br\/noticia\/2022\/resumo-carinha-de-anjo-21-02-padre-pede-a-gustavo-um-emprego-para-leonardo\/216424","title":{"rendered":"Resumo \u201cCarinha De Anjo\u201d 21\/02: Padre pede a Gustavo um emprego para Leonardo"},"content":{"rendered":"<p> <img loading=\"lazy\" decoding=\"async\" class=\"aligncenter size-full wp-image-210452\" src=\"https:\/\/www.redenoticia.com.br\/noticia\/imagens\/carinha-de-anjo-novela-sbt-elenco-infantil.jpeg\" alt=\"\" width=\"1280\" height=\"720\" srcset=\"https:\/\/www.redenoticia.com.br\/noticia\/imagens\/carinha-de-anjo-novela-sbt-elenco-infantil.jpeg 1280w, https:\/\/www.redenoticia.com.br\/noticia\/imagens\/carinha-de-anjo-novela-sbt-elenco-infantil-250x140.jpeg 250w, https:\/\/www.redenoticia.com.br\/noticia\/imagens\/carinha-de-anjo-novela-sbt-elenco-infantil-400x225.jpeg 400w, https:\/\/www.redenoticia.com.br\/noticia\/imagens\/carinha-de-anjo-novela-sbt-elenco-infantil-768x432.jpeg 768w, https:\/\/www.redenoticia.com.br\/noticia\/imagens\/carinha-de-anjo-novela-sbt-elenco-infantil-150x85.jpeg 150w\" sizes=\"auto, (max-width: 1280px) 100vw, 1280px\" \/><\/p>\n<p><strong><em>Resumo da novela \u201cCarinha De Anjo\u201d<\/em><\/strong> em 21\/02: no cap\u00edtulo 118(*) da novela, Diana encontra Z\u00e9 Felipe e diz que a rela\u00e7\u00e3o dela com In\u00e1cio s\u00f3 est\u00e1 passando por uma tempestade. Padre Gabriel conversa com In\u00e1cio e diz que ele pode perder uma das melhores coisas que tem na vida. Estef\u00e2nia se encontra com Leonardo e diz que n\u00e3o vai dar mais dinheiro a ele. Ele pega a bolsa dela e procura dinheiro, mas n\u00e3o encontra. Na verdade, ele pega a chave da casa de Estef\u00e2nia sem que ela perceba.<\/p>\n<p>Frida briga com Barbara por ela t\u00ea-la deixado sozinha com a Dulce. Adriana e Duda ouvem. Franciely pede que Silvestre a ajude a encontrar uma cartomante. Ele diz que ir\u00e1 ajud\u00e1-la. Gabriel diz que In\u00e1cio precisa se livrar do sentimento de inferioridade, pois sua esposa o ama. Diana fala com Rosana sobre seu relacionamento com In\u00e1cio. Em\u00edlio diz a Z\u00e9 Felipe que ele poderia pedir ajuda para Dulce, pois ela \u00e9 boa em juntar casais.<\/p>\n<p>Silvestre compra roupas de cigana, baralho e uma bola de cristal. Gustavo pede que Silvana mande entregar um buqu\u00ea de flores por dia na casa de Cec\u00edlia. Vitor chega em casa, v\u00ea Estef\u00e2nia triste e a chama para sair. Peixoto diz a Ribeiro que a Franciely est\u00e1 em outra. Silvestre diz a Franciely que marcou uma sess\u00e3o dela com a cartomante.<\/p>\n<p>Z\u00e9 Felipe conta a hist\u00f3ria de seus pais para Dulce. Ela diz que eles v\u00e3o dar um jeito nisso. Leonardo espera Vitor e Estef\u00e2nia sa\u00edrem e entra na casa deles. Adriana conta \u00e0s outras amigas sobre a briga de Barbara e Frida. Fabiana diz a Dulce que a Madre quer falar com ela e Frida no dia seguinte pela manh\u00e3.<\/p>\n<p>Leonardo revira a casa inteira e acha um cofre no quarto, por\u00e9m n\u00e3o consegue abrigo. Vitor e Estef\u00e2nia voltam antes, pois Tia Perucas n\u00e3o estava se sentindo bem. Vitor repara nas coisas reviradas. Vitor v\u00ea Leonardo e eles come\u00e7am a brigar. Estef\u00e2nia grita para que Leonardo solte Vitor. Leonardo solta Vitor e conta que ele \u00e9 irm\u00e3o de Estef\u00e2nia.<\/p>\n<p>Dulce pede ajuda a Fabiana e Didi para juntar In\u00e1cio e Diana. Estef\u00e2nia diz a Vitor que nunca contou sobre Leonardo porque teve medo, pois este \u00e9 um assunto delicado em sua fam\u00edlia. Leonardo sumiu por 10 anos, pois estava preso por uma d\u00edvida de jogo. Leonardo chora e pede que eles o ajudem a se recuperar de seu v\u00edcio. Ele devolve a chave para Estef\u00e2nia e vai embora.\u00a0 Vitor fica chateado e Estef\u00e2nia diz que nenhum segredo mais vai atrapalhar os dois. O casal conta para Gustavo, Gabriel e Silvestre que Leonardo voltou a Doce Horizonte. Gustavo \u00e9 o que mais se indigna, pois, segundo ele, Leonardo teve todas as chances e oportunidades do mundo.<\/p>\n<p>Frida e Dulce voltam \u00e0 sala da Madre, que quer fazer com que as meninas se entendam. Leonardo se encontra com Nicole e conta tudo o que fez. O plano \u00e9 fazer com que ele recupere a confian\u00e7a da fam\u00edlia L\u00e1rios. Madre Superiora leva Dulce e Frida para a sala de aula. L\u00e1, ela fala a todas as meninas sobre ter respeito e aprender a contar umas com as outras. In\u00e1cio vai \u00e0 casa de Diana para tentar fazer as pazes, mas os dois brigam novamente. Na sala de aula, todas as meninas, at\u00e9 B\u00e1rbara, reclamam de Frida. Frida diz que \u00e9 a exclu\u00edda da sala. Padre Gabriel pede a Gustavo que ofere\u00e7a um emprego a Leonardo. <\/p>\n<p>(*) edi\u00e7\u00e3o das novelas do SBT, \u201cCarinha De Anjo\u201d, sujeito a altera\u00e7\u00e3o de data e conte\u00fado.<\/p>\n<p>Sinopse \u201cCarinha De Anjo\u201d: Dulce Maria \u00e9 uma menina doce, ing\u00eanua, inteligente e alegre de 5 anos de idade. \u00c9 brincalhona, aventureira e extremamente curiosa. Diverte a todos com seus coment\u00e1rios e perguntas indiscretas e surpreende com suas descobertas.<\/p>\n<p>Ela \u00e9 filha \u00fanica de Gustavo L\u00e1rios (Carlo Porto), bem-sucedido empres\u00e1rio da cafeicultura brasileira, e da mexicana Teresa Rezende L\u00e1rios (Lucero), m\u00e3e acolhedora de s\u00e1bios conselhos e voz ador\u00e1vel, que faleceu num acidente quando Dulce Maria tinha apenas 3 anos de idade. Traumatizado com a trag\u00e9dia, Gustavo deixou a filha no col\u00e9gio interno.<\/p>\n","protected":false},"excerpt":{"rendered":"<p>Resumo da novela \u201cCarinha De Anjo\u201d em 21\/02: no cap\u00edtulo 118(*) da novela, Diana encontra Z\u00e9 Felipe e diz que a rela\u00e7\u00e3o dela com In\u00e1cio s\u00f3 est\u00e1 passando por uma tempestade. Padre Gabriel conversa com In\u00e1cio e diz que ele pode perder uma das melhores coisas que tem na vida. Estef\u00e2nia se encontra com Leonardo [&hellip;]<\/p>\n","protected":false},"author":2,"featured_media":210453,"comment_status":"closed","ping_status":"closed","sticky":false,"template":"","format":"standard","meta":{"_genesis_hide_title":false,"_genesis_hide_breadcrumbs":false,"_genesis_hide_singular_image":false,"_genesis_hide_footer_widgets":false,"_genesis_custom_body_class":"","_genesis_custom_post_class":"","_genesis_layout":"","_jetpack_memberships_contains_paid_content":false,"footnotes":""},"categories":[452,379,2025,372,343],"tags":[441],"class_list":{"0":"post-216424","1":"post","2":"type-post","3":"status-publish","4":"format-standard","5":"has-post-thumbnail","7":"category-carinha-de-anjo","8":"category-novelas","9":"category-resumo","10":"category-sbt","11":"category-televisao","12":"tag-resumo-do-dia","13":"entry","14":"gs-1","15":"gs-odd","16":"gs-even","17":"gs-featured-content-entry"},"jetpack_featured_media_url":"https:\/\/www.redenoticia.com.br\/noticia\/imagens\/carinha-de-anjo-resumo-novela-sbt-elenco-infantil.jpeg","jetpack_sharing_enabled":true,"jetpack_likes_enabled":true,"_links":{"self":[{"href":"https:\/\/www.redenoticia.com.br\/noticia\/wp-json\/wp\/v2\/posts\/216424","targetHints":{"allow":["GET"]}}],"collection":[{"href":"https:\/\/www.redenoticia.com.br\/noticia\/wp-json\/wp\/v2\/posts"}],"about":[{"href":"https:\/\/www.redenoticia.com.br\/noticia\/wp-json\/wp\/v2\/types\/post"}],"author":[{"embeddable":true,"href":"https:\/\/www.redenoticia.com.br\/noticia\/wp-json\/wp\/v2\/users\/2"}],"replies":[{"embeddable":true,"href":"https:\/\/www.redenoticia.com.br\/noticia\/wp-json\/wp\/v2\/comments?post=216424"}],"version-history":[{"count":0,"href":"https:\/\/www.redenoticia.com.br\/noticia\/wp-json\/wp\/v2\/posts\/216424\/revisions"}],"wp:featuredmedia":[{"embeddable":true,"href":"https:\/\/www.redenoticia.com.br\/noticia\/wp-json\/wp\/v2\/media\/210453"}],"wp:attachment":[{"href":"https:\/\/www.redenoticia.com.br\/noticia\/wp-json\/wp\/v2\/media?parent=216424"}],"wp:term":[{"taxonomy":"category","embeddable":true,"href":"https:\/\/www.redenoticia.com.br\/noticia\/wp-json\/wp\/v2\/categories?post=216424"},{"taxonomy":"post_tag","embeddable":true,"href":"https:\/\/www.redenoticia.com.br\/noticia\/wp-json\/wp\/v2\/tags?post=216424"}],"curies":[{"name":"wp","href":"https:\/\/api.w.org\/{rel}","templated":true}]}}