{"id":216234,"date":"2022-02-15T15:04:46","date_gmt":"2022-02-15T18:04:46","guid":{"rendered":"https:\/\/www.redenoticia.com.br\/noticia\/?p=216234"},"modified":"2022-02-15T15:04:46","modified_gmt":"2022-02-15T18:04:46","slug":"resumo-carinha-de-anjo-16-02-estefania-descobre-que-cecilia-terminou-com-gustavo-por-principios-religiosos","status":"publish","type":"post","link":"https:\/\/www.redenoticia.com.br\/noticia\/2022\/resumo-carinha-de-anjo-16-02-estefania-descobre-que-cecilia-terminou-com-gustavo-por-principios-religiosos\/216234","title":{"rendered":"Resumo \u201cCarinha De Anjo\u201d 16\/02: Estef\u00e2nia descobre que Cec\u00edlia terminou com Gustavo por princ\u00edpios religiosos"},"content":{"rendered":"<p><img loading=\"lazy\" decoding=\"async\" class=\"aligncenter size-full wp-image-210452\" src=\"https:\/\/www.redenoticia.com.br\/noticia\/imagens\/carinha-de-anjo-novela-sbt-elenco-infantil.jpeg\" alt=\"\" width=\"1280\" height=\"720\" srcset=\"https:\/\/www.redenoticia.com.br\/noticia\/imagens\/carinha-de-anjo-novela-sbt-elenco-infantil.jpeg 1280w, https:\/\/www.redenoticia.com.br\/noticia\/imagens\/carinha-de-anjo-novela-sbt-elenco-infantil-250x140.jpeg 250w, https:\/\/www.redenoticia.com.br\/noticia\/imagens\/carinha-de-anjo-novela-sbt-elenco-infantil-400x225.jpeg 400w, https:\/\/www.redenoticia.com.br\/noticia\/imagens\/carinha-de-anjo-novela-sbt-elenco-infantil-768x432.jpeg 768w, https:\/\/www.redenoticia.com.br\/noticia\/imagens\/carinha-de-anjo-novela-sbt-elenco-infantil-150x85.jpeg 150w\" sizes=\"auto, (max-width: 1280px) 100vw, 1280px\" \/><\/p>\n<p><strong><em>Resumo da novela \u201cCarinha De Anjo\u201d<\/em><\/strong> em 16\/02: no cap\u00edtulo 114(*) da novela, Cec\u00edlia chora e conta para F\u00e1tima que n\u00e3o teve coragem de contar a verdade para Gustavo e fez ele se sentir p\u00e9ssimo. A ex-novi\u00e7a diz que fez tudo errado e est\u00e1 com d\u00f3 de seu grande amor. A Madre Superiora avisa Fabiana e Didi que as meninas est\u00e3o autorizadas a jogar futebol com os meninos.<\/p>\n<p>Estef\u00e2nia diz para Vitor que Gabriel deixou escapar que Cec\u00edlia terminou o namoro com Gustavo por princ\u00edpios religiosos, por n\u00e3o querer fazer mal aos outros e n\u00e3o por ela estar interessada em Andr\u00e9. Nicole recebe todos os dados de Fl\u00e1vio e que o irm\u00e3o est\u00e1 recebendo propina. Nicole diz o que pretende fazer com Gustavo: \u201cQuero destruir o imp\u00e9rio dele. Jogar praga nas planta\u00e7\u00f5es e mandar pessoas invadirem as fazendas dele\u201d.<\/p>\n<p>Cec\u00edlia vai at\u00e9 o consult\u00f3rio de Andr\u00e9, diz que ele sempre foi muito atencioso e por isso n\u00e3o quer deixar nada mal resolvido. Cec\u00edlia revela que ama Gustavo e s\u00f3 abriu m\u00e3o do namoro com ele para n\u00e3o magoar Ver\u00f4nica. Os convidados come\u00e7am a chegar na cerim\u00f4nia de casamento surpresa de Rosana planejada pelo delegado Peixoto. A decora\u00e7\u00e3o \u00e9 inteiramente inspirada em rock e no ambiente ligado a motos.<\/p>\n<p>(*) edi\u00e7\u00e3o das novelas do SBT, \u201cCarinha De Anjo\u201d, sujeito a altera\u00e7\u00e3o de data e conte\u00fado.<\/p>\n<p>Sinopse \u201cCarinha De Anjo\u201d: Dulce Maria \u00e9 uma menina doce, ingenua, inteligente e alegre de 5 anos de idade. \u00c9 brincalhona, aventureira e extremamente curiosa. Diverte a todos com seus coment\u00e1rios e perguntas indiscretas e surpreende com suas descobertas.<\/p>\n<p>Ela \u00e9 filha \u00fanica de Gustavo L\u00e1rios (Carlo Porto), bem-sucedido empres\u00e1rio da cafeicultura brasileira, e da mexicana Teresa Rezende L\u00e1rios (Lucero), m\u00e3e acolhedora de s\u00e1bios conselhos e voz ador\u00e1vel, que faleceu num acidente quando Dulce Maria tinha apenas 3 anos de idade. Traumatizado com a trag\u00e9dia, Gustavo deixou a filha no col\u00e9gio interno.<\/p>\n","protected":false},"excerpt":{"rendered":"<p>Resumo da novela \u201cCarinha De Anjo\u201d em 16\/02: no cap\u00edtulo 114(*) da novela, Cec\u00edlia chora e conta para F\u00e1tima que n\u00e3o teve coragem de contar a verdade para Gustavo e fez ele se sentir p\u00e9ssimo. A ex-novi\u00e7a diz que fez tudo errado e est\u00e1 com d\u00f3 de seu grande amor. A Madre Superiora avisa Fabiana [&hellip;]<\/p>\n","protected":false},"author":4,"featured_media":210453,"comment_status":"closed","ping_status":"closed","sticky":false,"template":"","format":"standard","meta":{"_genesis_hide_title":false,"_genesis_hide_breadcrumbs":false,"_genesis_hide_singular_image":false,"_genesis_hide_footer_widgets":false,"_genesis_custom_body_class":"","_genesis_custom_post_class":"","_genesis_layout":"","_jetpack_memberships_contains_paid_content":false,"footnotes":""},"categories":[452,379,2025,372,343],"tags":[441],"class_list":{"0":"post-216234","1":"post","2":"type-post","3":"status-publish","4":"format-standard","5":"has-post-thumbnail","7":"category-carinha-de-anjo","8":"category-novelas","9":"category-resumo","10":"category-sbt","11":"category-televisao","12":"tag-resumo-do-dia","13":"entry","14":"gs-1","15":"gs-odd","16":"gs-even","17":"gs-featured-content-entry"},"jetpack_featured_media_url":"https:\/\/www.redenoticia.com.br\/noticia\/imagens\/carinha-de-anjo-resumo-novela-sbt-elenco-infantil.jpeg","jetpack_sharing_enabled":true,"jetpack_likes_enabled":true,"_links":{"self":[{"href":"https:\/\/www.redenoticia.com.br\/noticia\/wp-json\/wp\/v2\/posts\/216234","targetHints":{"allow":["GET"]}}],"collection":[{"href":"https:\/\/www.redenoticia.com.br\/noticia\/wp-json\/wp\/v2\/posts"}],"about":[{"href":"https:\/\/www.redenoticia.com.br\/noticia\/wp-json\/wp\/v2\/types\/post"}],"author":[{"embeddable":true,"href":"https:\/\/www.redenoticia.com.br\/noticia\/wp-json\/wp\/v2\/users\/4"}],"replies":[{"embeddable":true,"href":"https:\/\/www.redenoticia.com.br\/noticia\/wp-json\/wp\/v2\/comments?post=216234"}],"version-history":[{"count":0,"href":"https:\/\/www.redenoticia.com.br\/noticia\/wp-json\/wp\/v2\/posts\/216234\/revisions"}],"wp:featuredmedia":[{"embeddable":true,"href":"https:\/\/www.redenoticia.com.br\/noticia\/wp-json\/wp\/v2\/media\/210453"}],"wp:attachment":[{"href":"https:\/\/www.redenoticia.com.br\/noticia\/wp-json\/wp\/v2\/media?parent=216234"}],"wp:term":[{"taxonomy":"category","embeddable":true,"href":"https:\/\/www.redenoticia.com.br\/noticia\/wp-json\/wp\/v2\/categories?post=216234"},{"taxonomy":"post_tag","embeddable":true,"href":"https:\/\/www.redenoticia.com.br\/noticia\/wp-json\/wp\/v2\/tags?post=216234"}],"curies":[{"name":"wp","href":"https:\/\/api.w.org\/{rel}","templated":true}]}}