{"id":216190,"date":"2022-02-14T16:54:48","date_gmt":"2022-02-14T19:54:48","guid":{"rendered":"https:\/\/www.redenoticia.com.br\/noticia\/?p=216190"},"modified":"2022-02-14T16:54:48","modified_gmt":"2022-02-14T19:54:48","slug":"resumo-carinha-de-anjo-15-02-mae-de-veronica-chega-a-nova-horizonte","status":"publish","type":"post","link":"https:\/\/www.redenoticia.com.br\/noticia\/2022\/resumo-carinha-de-anjo-15-02-mae-de-veronica-chega-a-nova-horizonte\/216190","title":{"rendered":"Resumo \u201cCarinha De Anjo\u201d 15\/02: M\u00e3e de Ver\u00f4nica chega a Nova Horizonte"},"content":{"rendered":"<p><img loading=\"lazy\" decoding=\"async\" class=\"aligncenter size-full wp-image-210452\" src=\"https:\/\/www.redenoticia.com.br\/noticia\/imagens\/carinha-de-anjo-novela-sbt-elenco-infantil.jpeg\" alt=\"\" width=\"1280\" height=\"720\" srcset=\"https:\/\/www.redenoticia.com.br\/noticia\/imagens\/carinha-de-anjo-novela-sbt-elenco-infantil.jpeg 1280w, https:\/\/www.redenoticia.com.br\/noticia\/imagens\/carinha-de-anjo-novela-sbt-elenco-infantil-250x140.jpeg 250w, https:\/\/www.redenoticia.com.br\/noticia\/imagens\/carinha-de-anjo-novela-sbt-elenco-infantil-400x225.jpeg 400w, https:\/\/www.redenoticia.com.br\/noticia\/imagens\/carinha-de-anjo-novela-sbt-elenco-infantil-768x432.jpeg 768w, https:\/\/www.redenoticia.com.br\/noticia\/imagens\/carinha-de-anjo-novela-sbt-elenco-infantil-150x85.jpeg 150w\" sizes=\"auto, (max-width: 1280px) 100vw, 1280px\" \/><\/p>\n<p><strong><em>Resumo da novela \u201cCarinha De Anjo\u201d<\/em><\/strong> em 15\/02: no cap\u00edtulo 114(*) da novela, Silvestre avisa que Franciely acabou de completar 1 ano na casa dos L\u00e1rios e por isso j\u00e1 tem direito a tirar f\u00e9rias. Franciely comemora, diz que quer  viajar para outro pa\u00eds em um cruzeiro de solteiros para o Caribe. Ver\u00f4nica conta para Silvana que sua m\u00e3e, dona Regina (\u00c2ngela Figueiredo), est\u00e1 vindo de Campo Grande para conhecer Doce Horizonte e Gustavo.<\/p>\n<p>Dulce Maria conversa com as amigas para pensarem em um plano para que Cec\u00edlia assume seu amor e lute por Gustavo. Uma das ideias \u00e9 fazer a professora acreditar que Gustavo ir\u00e1 se casar com Ver\u00f4nica. Fl\u00e1vio acha que Nicole desapareceu. Gustavo vai at\u00e9 a casa de Cec\u00edlia durante a noite sem avisar e diz que precisa conversar com ela. O empres\u00e1rio diz que n\u00e3o consegue esquec\u00ea-la e pergunta se a amada est\u00e1 namorando o doutor Andr\u00e9.<\/p>\n<p>Frida descobre que a construtora do pai est\u00e1 com graves problemas financeiros e precisar\u00e1 economizar. Cec\u00edlia diz que n\u00e3o quer falar de sua vida, ainda mais por ele namorar Ver\u00f4nica. Gustavo entende errado e acredita que os dois est\u00e3o juntos. O empres\u00e1rio questiona se ela o traiu com o m\u00e9dico e por isso terminou o namoro entre eles. Cec\u00edlia fica abalada com o que escuta. Gustavo diz que chegou a pensar nisso por ser abandonado. Cec\u00edlia diz que jamais faria isso, pois ele \u00e9 seu primeiro amor, primeiro beijo e namorado. Gustavo insiste em querer saber os motivos e Cec\u00edlia grita: \u201cChega, vai embora\u201d. Gustavo responde que ir\u00e1 e que infelizmente ficou claro que havia algu\u00e9m na vida dela para os dois terem se separado.<\/p>\n<p>Ver\u00f4nica recebe a m\u00e3e, que diz querer saber tudo sobre a vida da filha. Regina questiona se ela conquistou Gustavo ou o amor dele.<\/p>\n<p>(*) edi\u00e7\u00e3o das novelas do SBT, \u201cCarinha De Anjo\u201d, sujeito a altera\u00e7\u00e3o de data e conte\u00fado.<\/p>\n<p>Sinopse \u201cCarinha De Anjo\u201d: Dulce Maria \u00e9 uma menina doce, ing\u00eanua, inteligente e alegre de 5 anos de idade. \u00c9 brincalhona, aventureira e extremamente curiosa. Diverte a todos com seus coment\u00e1rios e perguntas indiscretas e surpreende com suas descobertas.<\/p>\n<p>Ela \u00e9 filha \u00fanica de Gustavo L\u00e1rios (Carlo Porto), bem-sucedido empres\u00e1rio da cafeicultura brasileira, e da mexicana Teresa Rezende L\u00e1rios (Lucero), m\u00e3e acolhedora de s\u00e1bios conselhos e voz ador\u00e1vel, que faleceu num acidente quando Dulce Maria tinha apenas 3 anos de idade. Traumatizado com a trag\u00e9dia, Gustavo deixou a filha no col\u00e9gio interno.<\/p>\n","protected":false},"excerpt":{"rendered":"<p>Resumo da novela \u201cCarinha De Anjo\u201d em 15\/02: no cap\u00edtulo 114(*) da novela, Silvestre avisa que Franciely acabou de completar 1 ano na casa dos L\u00e1rios e por isso j\u00e1 tem direito a tirar f\u00e9rias. Franciely comemora, diz que quer viajar para outro pa\u00eds em um cruzeiro de solteiros para o Caribe. Ver\u00f4nica conta para [&hellip;]<\/p>\n","protected":false},"author":4,"featured_media":210453,"comment_status":"closed","ping_status":"closed","sticky":false,"template":"","format":"standard","meta":{"_genesis_hide_title":false,"_genesis_hide_breadcrumbs":false,"_genesis_hide_singular_image":false,"_genesis_hide_footer_widgets":false,"_genesis_custom_body_class":"","_genesis_custom_post_class":"","_genesis_layout":"","_jetpack_memberships_contains_paid_content":false,"footnotes":""},"categories":[452,379,2025,372,343],"tags":[441],"class_list":{"0":"post-216190","1":"post","2":"type-post","3":"status-publish","4":"format-standard","5":"has-post-thumbnail","7":"category-carinha-de-anjo","8":"category-novelas","9":"category-resumo","10":"category-sbt","11":"category-televisao","12":"tag-resumo-do-dia","13":"entry","14":"gs-1","15":"gs-odd","16":"gs-even","17":"gs-featured-content-entry"},"jetpack_featured_media_url":"https:\/\/www.redenoticia.com.br\/noticia\/imagens\/carinha-de-anjo-resumo-novela-sbt-elenco-infantil.jpeg","jetpack_sharing_enabled":true,"jetpack_likes_enabled":true,"_links":{"self":[{"href":"https:\/\/www.redenoticia.com.br\/noticia\/wp-json\/wp\/v2\/posts\/216190","targetHints":{"allow":["GET"]}}],"collection":[{"href":"https:\/\/www.redenoticia.com.br\/noticia\/wp-json\/wp\/v2\/posts"}],"about":[{"href":"https:\/\/www.redenoticia.com.br\/noticia\/wp-json\/wp\/v2\/types\/post"}],"author":[{"embeddable":true,"href":"https:\/\/www.redenoticia.com.br\/noticia\/wp-json\/wp\/v2\/users\/4"}],"replies":[{"embeddable":true,"href":"https:\/\/www.redenoticia.com.br\/noticia\/wp-json\/wp\/v2\/comments?post=216190"}],"version-history":[{"count":0,"href":"https:\/\/www.redenoticia.com.br\/noticia\/wp-json\/wp\/v2\/posts\/216190\/revisions"}],"wp:featuredmedia":[{"embeddable":true,"href":"https:\/\/www.redenoticia.com.br\/noticia\/wp-json\/wp\/v2\/media\/210453"}],"wp:attachment":[{"href":"https:\/\/www.redenoticia.com.br\/noticia\/wp-json\/wp\/v2\/media?parent=216190"}],"wp:term":[{"taxonomy":"category","embeddable":true,"href":"https:\/\/www.redenoticia.com.br\/noticia\/wp-json\/wp\/v2\/categories?post=216190"},{"taxonomy":"post_tag","embeddable":true,"href":"https:\/\/www.redenoticia.com.br\/noticia\/wp-json\/wp\/v2\/tags?post=216190"}],"curies":[{"name":"wp","href":"https:\/\/api.w.org\/{rel}","templated":true}]}}