{"id":216064,"date":"2022-02-10T19:24:00","date_gmt":"2022-02-10T22:24:00","guid":{"rendered":"https:\/\/www.redenoticia.com.br\/noticia\/?p=216064"},"modified":"2022-02-10T19:24:00","modified_gmt":"2022-02-10T22:24:00","slug":"resumo-carinha-de-anjo-11-02-miguel-quer-ajudar-zeca-voltar-a-cantar","status":"publish","type":"post","link":"https:\/\/www.redenoticia.com.br\/noticia\/2022\/resumo-carinha-de-anjo-11-02-miguel-quer-ajudar-zeca-voltar-a-cantar\/216064","title":{"rendered":"Resumo \u201cCarinha De Anjo\u201d 11\/02: Miguel quer ajudar Zeca voltar a cantar"},"content":{"rendered":"<p> <img loading=\"lazy\" decoding=\"async\" class=\"aligncenter size-full wp-image-210452\" src=\"https:\/\/www.redenoticia.com.br\/noticia\/imagens\/carinha-de-anjo-novela-sbt-elenco-infantil.jpeg\" alt=\"\" width=\"1280\" height=\"720\" srcset=\"https:\/\/www.redenoticia.com.br\/noticia\/imagens\/carinha-de-anjo-novela-sbt-elenco-infantil.jpeg 1280w, https:\/\/www.redenoticia.com.br\/noticia\/imagens\/carinha-de-anjo-novela-sbt-elenco-infantil-250x140.jpeg 250w, https:\/\/www.redenoticia.com.br\/noticia\/imagens\/carinha-de-anjo-novela-sbt-elenco-infantil-400x225.jpeg 400w, https:\/\/www.redenoticia.com.br\/noticia\/imagens\/carinha-de-anjo-novela-sbt-elenco-infantil-768x432.jpeg 768w, https:\/\/www.redenoticia.com.br\/noticia\/imagens\/carinha-de-anjo-novela-sbt-elenco-infantil-150x85.jpeg 150w\" sizes=\"auto, (max-width: 1280px) 100vw, 1280px\" \/><\/p>\n<p><strong><em>Resumo da novela \u201cCarinha De Anjo\u201d<\/em><\/strong> em 11\/02: no cap\u00edtulo 110(*) da novela, Juju grava videoclipe de Luciano para seu vlog. Andr\u00e9 envia flores para Cec\u00edlia e a convida para jantar. F\u00e1tima diz que a irm\u00e3 deve aceitar o convite do m\u00e9dico. Franciely n\u00e3o sabe da surpresa para Estef\u00e2nia sobre a libera\u00e7\u00e3o do food truck e acaba contando para ela sobre o acontecimento antes de Vitor.<\/p>\n<p>Gustavo e Ver\u00f4nica se beijam mais uma vez e ele a convida para ir no jantar sobre o food truck que haver\u00e1 em sua casa. Cec\u00edlia aceita jantar com o doutor Andr\u00e9. Dulce diz que Fabiana sente falta de Ver\u00f4nica. A carinha de anjo se incomoda com a secretaria. Rosana pede Peixoto em casamento para a alegria de seus filhos.<\/p>\n<p>Vitor reabre o LePf. Gustavo passa pela pra\u00e7a e v\u00ea Cec\u00edlia. O pai de Dulce diz que faz tempo que os dois n\u00e3o se encontram. In\u00e1cio e Diana presenteiam os filhos. Gustavo pergunta se Cec\u00edlia est\u00e1 feliz. A ex-novi\u00e7a diz que o empres\u00e1rio que deve estar bem, pois est\u00e1 namorando Ver\u00f4nica que pode encontrar um novo amor.<\/p>\n<p>Gustavo insiste se a decis\u00e3o de Cec\u00edlia foi assertiva, mas ela decide ir embora sem responder. Miguel e Z\u00e9 Felipe ganham bicicletas e Zeca ganha um amplificador novo para que ele possa retomar a carreira de cantor. O garoto, por\u00e9m, diz para os pais que n\u00e3o consegue mais pensar em m\u00fasica para n\u00e3o ser mais humilhado. Rosana conta para Franciely que pediu Peixoto em casamento e ele aceitou.<\/p>\n<p>Cec\u00edlia e Fabiana pensam na festa de anivers\u00e1rio que far\u00e3o para a Madre Superiora. Fabiana diz que mesmo ap\u00f3s dois meses ainda n\u00e3o consegue entender por que Cec\u00edlia terminou o namoro com Gustavo e o empres\u00e1rio come\u00e7ou a namorar com Ver\u00f4nica. A novi\u00e7a se engasga ao escutar da amiga que ela sa\u00edra com o doutor Andr\u00e9 durante a noite. Miguel diz que \u00e9 cantor e quer ajudar Zeca a voltar a cantar. Z\u00e9 Felipe fica enciumado.<\/p>\n<p>(*) edi\u00e7\u00e3o das novelas do SBT, \u201cCarinha De Anjo\u201d, sujeito a altera\u00e7\u00e3o de data e conte\u00fado.<\/p>\n<p>Sinopse \u201cCarinha De Anjo\u201d: Dulce Maria \u00e9 uma menina doce, ing\u00eanua, inteligente e alegre de 5 anos de idade. \u00c9 brincalhona, aventureira e extremamente curiosa. Diverte a todos com seus coment\u00e1rios e perguntas indiscretas e surpreende com suas descobertas.<\/p>\n<p>Ela \u00e9 filha \u00fanica de Gustavo L\u00e1rios (Carlo Porto), bem-sucedido empres\u00e1rio da cafeicultura brasileira, e da mexicana Teresa Rezende L\u00e1rios (Lucero), m\u00e3e acolhedora de s\u00e1bios conselhos e voz ador\u00e1vel, que faleceu num acidente quando Dulce Maria tinha apenas 3 anos de idade. Traumatizado com a trag\u00e9dia, Gustavo deixou a filha no col\u00e9gio interno.<\/p>\n","protected":false},"excerpt":{"rendered":"<p>Resumo da novela \u201cCarinha De Anjo\u201d em 11\/02: no cap\u00edtulo 110(*) da novela, Juju grava videoclipe de Luciano para seu vlog. Andr\u00e9 envia flores para Cec\u00edlia e a convida para jantar. F\u00e1tima diz que a irm\u00e3 deve aceitar o convite do m\u00e9dico. Franciely n\u00e3o sabe da surpresa para Estef\u00e2nia sobre a libera\u00e7\u00e3o do food truck [&hellip;]<\/p>\n","protected":false},"author":2,"featured_media":210453,"comment_status":"closed","ping_status":"closed","sticky":false,"template":"","format":"standard","meta":{"_genesis_hide_title":false,"_genesis_hide_breadcrumbs":false,"_genesis_hide_singular_image":false,"_genesis_hide_footer_widgets":false,"_genesis_custom_body_class":"","_genesis_custom_post_class":"","_genesis_layout":"","_jetpack_memberships_contains_paid_content":false,"footnotes":""},"categories":[452,379,2025,372,343],"tags":[441],"class_list":{"0":"post-216064","1":"post","2":"type-post","3":"status-publish","4":"format-standard","5":"has-post-thumbnail","7":"category-carinha-de-anjo","8":"category-novelas","9":"category-resumo","10":"category-sbt","11":"category-televisao","12":"tag-resumo-do-dia","13":"entry","14":"gs-1","15":"gs-odd","16":"gs-even","17":"gs-featured-content-entry"},"jetpack_featured_media_url":"https:\/\/www.redenoticia.com.br\/noticia\/imagens\/carinha-de-anjo-resumo-novela-sbt-elenco-infantil.jpeg","jetpack_sharing_enabled":true,"jetpack_likes_enabled":true,"_links":{"self":[{"href":"https:\/\/www.redenoticia.com.br\/noticia\/wp-json\/wp\/v2\/posts\/216064","targetHints":{"allow":["GET"]}}],"collection":[{"href":"https:\/\/www.redenoticia.com.br\/noticia\/wp-json\/wp\/v2\/posts"}],"about":[{"href":"https:\/\/www.redenoticia.com.br\/noticia\/wp-json\/wp\/v2\/types\/post"}],"author":[{"embeddable":true,"href":"https:\/\/www.redenoticia.com.br\/noticia\/wp-json\/wp\/v2\/users\/2"}],"replies":[{"embeddable":true,"href":"https:\/\/www.redenoticia.com.br\/noticia\/wp-json\/wp\/v2\/comments?post=216064"}],"version-history":[{"count":0,"href":"https:\/\/www.redenoticia.com.br\/noticia\/wp-json\/wp\/v2\/posts\/216064\/revisions"}],"wp:featuredmedia":[{"embeddable":true,"href":"https:\/\/www.redenoticia.com.br\/noticia\/wp-json\/wp\/v2\/media\/210453"}],"wp:attachment":[{"href":"https:\/\/www.redenoticia.com.br\/noticia\/wp-json\/wp\/v2\/media?parent=216064"}],"wp:term":[{"taxonomy":"category","embeddable":true,"href":"https:\/\/www.redenoticia.com.br\/noticia\/wp-json\/wp\/v2\/categories?post=216064"},{"taxonomy":"post_tag","embeddable":true,"href":"https:\/\/www.redenoticia.com.br\/noticia\/wp-json\/wp\/v2\/tags?post=216064"}],"curies":[{"name":"wp","href":"https:\/\/api.w.org\/{rel}","templated":true}]}}