{"id":216062,"date":"2022-02-10T19:22:37","date_gmt":"2022-02-10T22:22:37","guid":{"rendered":"https:\/\/www.redenoticia.com.br\/noticia\/?p=216062"},"modified":"2022-02-10T19:22:37","modified_gmt":"2022-02-10T22:22:37","slug":"resumo-amanha-e-para-sempre-11-02-rene-descobre-que-eduardo-e-franco","status":"publish","type":"post","link":"https:\/\/www.redenoticia.com.br\/noticia\/2022\/resumo-amanha-e-para-sempre-11-02-rene-descobre-que-eduardo-e-franco\/216062","title":{"rendered":"Resumo \u201cAmanh\u00e3 \u00e9 para sempre\u201d 11\/02: Ren\u00ea descobre que Eduardo \u00e9 Franco"},"content":{"rendered":"<p> <img loading=\"lazy\" decoding=\"async\" class=\"aligncenter size-full wp-image-212995\" src=\"https:\/\/www.redenoticia.com.br\/noticia\/imagens\/amanha-e-para-sempre.jpeg\" alt=\"\" width=\"1280\" height=\"720\" srcset=\"https:\/\/www.redenoticia.com.br\/noticia\/imagens\/amanha-e-para-sempre.jpeg 1280w, https:\/\/www.redenoticia.com.br\/noticia\/imagens\/amanha-e-para-sempre-250x140.jpeg 250w, https:\/\/www.redenoticia.com.br\/noticia\/imagens\/amanha-e-para-sempre-400x225.jpeg 400w, https:\/\/www.redenoticia.com.br\/noticia\/imagens\/amanha-e-para-sempre-768x432.jpeg 768w, https:\/\/www.redenoticia.com.br\/noticia\/imagens\/amanha-e-para-sempre-150x85.jpeg 150w\" sizes=\"auto, (max-width: 1280px) 100vw, 1280px\" \/><\/p>\n<p><strong><em>Resumo da novela \u201cAmanh\u00e3 \u00e9 para sempre\u201d<\/em><\/strong> em 11\/02: no cap\u00edtulo 055(*) da novela, Fernanda se surpreende quando Jacinto conta que Camilo foi o respons\u00e1vel por sua demiss\u00e3o. Gard\u00eania \u00e9 sequestrada por L\u00facio e Jairo. Com Dominga b\u00eabada, Aurora aproveita e foge de casa.<\/p>\n<p>Com a ajuda de L\u00facio e Jairo, Ren\u00ea entra e vasculha a casa de Franco \u00e0 procura de alguma prova contra ele. Atrav\u00e9s da imprensa, a popula\u00e7\u00e3o \u00e9 informada que Adriano deu um desfalque na Lactos e est\u00e1 foragido. Adriano \u00e9 questionado por Vladimir por ter mentido, descobre que est\u00e1 sendo procurado e fica furioso. Fernanda fica sem rea\u00e7\u00e3o quando \u00c9rika comenta que a not\u00edcia do desfalque foi divulgada em todos os meios de comunica\u00e7\u00e3o. Furiosa, Fernanda critica o pai por ter permitido que a not\u00edcia fosse publicada.<\/p>\n<p>Desconcertado, Gon\u00e7alo diz para a filha que havia pedido descri\u00e7\u00e3o. Ren\u00ea descobre que Eduardo Juarez e Franco Santoro s\u00e3o a mesma pessoa. Fernanda se surpreende quando \u00c9rika comenta que Franco est\u00e1 na cidade procurando uma esposa. Por interm\u00e9dio de B\u00e1rbara, Franco (Eduardo) e Steves conseguem o n\u00famero da conta de Rebeca Sanchez.<\/p>\n<p>Aurora chega na fazenda procurando por Santiago, diz que est\u00e1 arrependida de t\u00ea-lo desprezado, e declara seu amor por ele, sendo surpreendida com um beijo de seu amado. Ap\u00f3s ordem de Adriano, Vladimir entrega documentos para Priscila e diz que precisa de ajuda para trabalhar no Grupo Lactos. B\u00e1rbara convence An\u00edbal a assumir a culpa pela divulga\u00e7\u00e3o do esc\u00e2ndalo envolvendo Adriano.<\/p>\n<p>(*) edi\u00e7\u00e3o das novelas do SBT, \u201cAmanh\u00e3 \u00e9 para sempre\u201d, sujeito a altera\u00e7\u00e3o de data e conte\u00fado.<\/p>\n<p>Sinopse \u201cAmanh\u00e3 \u00e9 para sempre\u201d: Fernanda \u00e9 a filha ca\u00e7ula do fazendeiro Gon\u00e7alo Elizalde, dono de uma grande companhia leiteira, e Eduardo \u00e9 filho de Soledade, a governanta da fam\u00edlia Elizalde. As duas crian\u00e7as t\u00eam crescido juntas e unidas por um amor inocente e justo, apesar da diferen\u00e7a de classes sociais.<\/p>\n<p>Gon\u00e7alo vive feliz com sua esposa Montserrat e seus cinco filhos, sem suspeitar que um inimigo implac\u00e1vel acerca aos seus. Art\u00eamio Bravo sente um \u00f3dio intenso e amargo de Gon\u00e7alo, que tem corro\u00eddo sua mente e, sua \u00fanica meta \u00e9 destruir, lenta e dolorosamente, toda a fam\u00edlia Elizalde.<\/p>\n","protected":false},"excerpt":{"rendered":"<p>Resumo da novela \u201cAmanh\u00e3 \u00e9 para sempre\u201d em 11\/02: no cap\u00edtulo 055(*) da novela, Fernanda se surpreende quando Jacinto conta que Camilo foi o respons\u00e1vel por sua demiss\u00e3o. Gard\u00eania \u00e9 sequestrada por L\u00facio e Jairo. Com Dominga b\u00eabada, Aurora aproveita e foge de casa. Com a ajuda de L\u00facio e Jairo, Ren\u00ea entra e vasculha [&hellip;]<\/p>\n","protected":false},"author":2,"featured_media":212996,"comment_status":"closed","ping_status":"closed","sticky":false,"template":"","format":"standard","meta":{"_genesis_hide_title":false,"_genesis_hide_breadcrumbs":false,"_genesis_hide_singular_image":false,"_genesis_hide_footer_widgets":false,"_genesis_custom_body_class":"","_genesis_custom_post_class":"","_genesis_layout":"","_jetpack_memberships_contains_paid_content":false,"footnotes":""},"categories":[2228,379,2025,372,343],"tags":[441],"class_list":{"0":"post-216062","1":"post","2":"type-post","3":"status-publish","4":"format-standard","5":"has-post-thumbnail","7":"category-amanha-e-para-sempre","8":"category-novelas","9":"category-resumo","10":"category-sbt","11":"category-televisao","12":"tag-resumo-do-dia","13":"entry","14":"gs-1","15":"gs-odd","16":"gs-even","17":"gs-featured-content-entry"},"jetpack_featured_media_url":"https:\/\/www.redenoticia.com.br\/noticia\/imagens\/amanha-e-para-sempre-sbt-resumo-sinopse-logo.jpeg","jetpack_sharing_enabled":true,"jetpack_likes_enabled":true,"_links":{"self":[{"href":"https:\/\/www.redenoticia.com.br\/noticia\/wp-json\/wp\/v2\/posts\/216062","targetHints":{"allow":["GET"]}}],"collection":[{"href":"https:\/\/www.redenoticia.com.br\/noticia\/wp-json\/wp\/v2\/posts"}],"about":[{"href":"https:\/\/www.redenoticia.com.br\/noticia\/wp-json\/wp\/v2\/types\/post"}],"author":[{"embeddable":true,"href":"https:\/\/www.redenoticia.com.br\/noticia\/wp-json\/wp\/v2\/users\/2"}],"replies":[{"embeddable":true,"href":"https:\/\/www.redenoticia.com.br\/noticia\/wp-json\/wp\/v2\/comments?post=216062"}],"version-history":[{"count":0,"href":"https:\/\/www.redenoticia.com.br\/noticia\/wp-json\/wp\/v2\/posts\/216062\/revisions"}],"wp:featuredmedia":[{"embeddable":true,"href":"https:\/\/www.redenoticia.com.br\/noticia\/wp-json\/wp\/v2\/media\/212996"}],"wp:attachment":[{"href":"https:\/\/www.redenoticia.com.br\/noticia\/wp-json\/wp\/v2\/media?parent=216062"}],"wp:term":[{"taxonomy":"category","embeddable":true,"href":"https:\/\/www.redenoticia.com.br\/noticia\/wp-json\/wp\/v2\/categories?post=216062"},{"taxonomy":"post_tag","embeddable":true,"href":"https:\/\/www.redenoticia.com.br\/noticia\/wp-json\/wp\/v2\/tags?post=216062"}],"curies":[{"name":"wp","href":"https:\/\/api.w.org\/{rel}","templated":true}]}}