{"id":215948,"date":"2022-02-09T15:53:20","date_gmt":"2022-02-09T18:53:20","guid":{"rendered":"https:\/\/www.redenoticia.com.br\/noticia\/?p=215948"},"modified":"2022-02-09T15:53:20","modified_gmt":"2022-02-09T18:53:20","slug":"resumo-carinha-de-anjo-10-02-padre-gabriel-descobre-que-silvestre-vai-passar-por-cirurgia","status":"publish","type":"post","link":"https:\/\/www.redenoticia.com.br\/noticia\/2022\/resumo-carinha-de-anjo-10-02-padre-gabriel-descobre-que-silvestre-vai-passar-por-cirurgia\/215948","title":{"rendered":"Resumo \u201cCarinha De Anjo\u201d 10\/02: Padre Gabriel descobre que Silvestre vai passar por cirurgia"},"content":{"rendered":"<p><img loading=\"lazy\" decoding=\"async\" class=\"aligncenter size-full wp-image-210452\" src=\"https:\/\/www.redenoticia.com.br\/noticia\/imagens\/carinha-de-anjo-novela-sbt-elenco-infantil.jpeg\" alt=\"\" width=\"1280\" height=\"720\" srcset=\"https:\/\/www.redenoticia.com.br\/noticia\/imagens\/carinha-de-anjo-novela-sbt-elenco-infantil.jpeg 1280w, https:\/\/www.redenoticia.com.br\/noticia\/imagens\/carinha-de-anjo-novela-sbt-elenco-infantil-250x140.jpeg 250w, https:\/\/www.redenoticia.com.br\/noticia\/imagens\/carinha-de-anjo-novela-sbt-elenco-infantil-400x225.jpeg 400w, https:\/\/www.redenoticia.com.br\/noticia\/imagens\/carinha-de-anjo-novela-sbt-elenco-infantil-768x432.jpeg 768w, https:\/\/www.redenoticia.com.br\/noticia\/imagens\/carinha-de-anjo-novela-sbt-elenco-infantil-150x85.jpeg 150w\" sizes=\"auto, (max-width: 1280px) 100vw, 1280px\" \/><\/p>\n<p><strong><em>Resumo da novela \u201cCarinha De Anjo\u201d<\/em><\/strong> em 10\/02: no cap\u00edtulo 109(*) da novela, Gustavo lembra de Tereza e quando prometeu para ela sempre fazer aquilo que seu cora\u00e7\u00e3o mandar. Franciely conta para Rosana que Silvestre vai precisar passar por uma delicada cirurgia. A empregada diz ainda que Gustavo pediu para Dulce dormir com Rosana por ter acontecido algo que o deixou abalado. Gustavo vai at\u00e9 a casa de Vitor e pede para conversar com Estef\u00e2nia em particular, com urg\u00eancia. Gustavo diz estar arrasado e que n\u00e3o compreende o motivo de Cec\u00edlia ter terminado o romance. Estef\u00e2nia revela que F\u00e1tima disse que Ver\u00f4nica conversou com Cec\u00edlia no dia anterior e depois disso se mudou para uma pousada. Gustavo pensa que Ver\u00f4nica contou que havia se declarado para ele. Estef\u00e2nia diz que vai conversar com o Padre Gabriel para ir at\u00e9 o apartamento do irm\u00e3o conversar com ele.<\/p>\n<p>Cec\u00edlia vai at\u00e9 a casa de Diana para desabafar com a amiga sobre o ocorrido. Gustavo fica nervoso ao Gabriel dizer que n\u00e3o pode contar nada sobre o que Cec\u00edlia lhe disse. Cec\u00edlia diz para Diana que est\u00e1 arrasada e n\u00e3o quer voltar para casa. A professora pede para dormir l\u00e1 para poder conversar com a Madre no dia seguinte. Vitor recebe convidados em casa para o jantar que fez. O chef e Estef\u00e2nia recebem o chef Carlos Bertolazzi. O chef e apresentador de TV diz estar honrado em participar da degusta\u00e7\u00e3o do amigo. Bertolazzi acha F\u00e1tima animada e deseja boa sorte. Franciely conta para Gabriel que Silvestre est\u00e1 doente e pediu para entregar a corrente (que ele havia lhe entregue) para Dulce Maria. Padre Gabriel vai at\u00e9 o hospital aonde Silvestre passa pela cirurgia.<\/p>\n<p>(*) edi\u00e7\u00e3o das novelas do SBT, \u201cCarinha De Anjo\u201d, sujeito a altera\u00e7\u00e3o de data e conte\u00fado.<\/p>\n<p>Sinopse \u201cCarinha De Anjo\u201d: Dulce Maria \u00e9 uma menina doce, ingenua, inteligente e alegre de 5 anos de idade. \u00c9 brincalhona, aventureira e extremamente curiosa. Diverte a todos com seus coment\u00e1rios e perguntas indiscretas e surpreende com suas descobertas.<\/p>\n<p>Ela \u00e9 filha \u00fanica de Gustavo L\u00e1rios (Carlo Porto), bem-sucedido empres\u00e1rio da cafeicultura brasileira, e da mexicana Teresa Rezende L\u00e1rios (Lucero), m\u00e3e acolhedora de s\u00e1bios conselhos e voz ador\u00e1vel, que faleceu num acidente quando Dulce Maria tinha apenas 3 anos de idade. Traumatizado com a trag\u00e9dia, Gustavo deixou a filha no col\u00e9gio interno.<\/p>\n","protected":false},"excerpt":{"rendered":"<p>Resumo da novela \u201cCarinha De Anjo\u201d em 10\/02: no cap\u00edtulo 109(*) da novela, Gustavo lembra de Tereza e quando prometeu para ela sempre fazer aquilo que seu cora\u00e7\u00e3o mandar. Franciely conta para Rosana que Silvestre vai precisar passar por uma delicada cirurgia. A empregada diz ainda que Gustavo pediu para Dulce dormir com Rosana por [&hellip;]<\/p>\n","protected":false},"author":4,"featured_media":210453,"comment_status":"closed","ping_status":"closed","sticky":false,"template":"","format":"standard","meta":{"_genesis_hide_title":false,"_genesis_hide_breadcrumbs":false,"_genesis_hide_singular_image":false,"_genesis_hide_footer_widgets":false,"_genesis_custom_body_class":"","_genesis_custom_post_class":"","_genesis_layout":"","_jetpack_memberships_contains_paid_content":false,"footnotes":""},"categories":[452,379,2025,372,343],"tags":[441],"class_list":{"0":"post-215948","1":"post","2":"type-post","3":"status-publish","4":"format-standard","5":"has-post-thumbnail","7":"category-carinha-de-anjo","8":"category-novelas","9":"category-resumo","10":"category-sbt","11":"category-televisao","12":"tag-resumo-do-dia","13":"entry","14":"gs-1","15":"gs-odd","16":"gs-even","17":"gs-featured-content-entry"},"jetpack_featured_media_url":"https:\/\/www.redenoticia.com.br\/noticia\/imagens\/carinha-de-anjo-resumo-novela-sbt-elenco-infantil.jpeg","jetpack_sharing_enabled":true,"jetpack_likes_enabled":true,"_links":{"self":[{"href":"https:\/\/www.redenoticia.com.br\/noticia\/wp-json\/wp\/v2\/posts\/215948","targetHints":{"allow":["GET"]}}],"collection":[{"href":"https:\/\/www.redenoticia.com.br\/noticia\/wp-json\/wp\/v2\/posts"}],"about":[{"href":"https:\/\/www.redenoticia.com.br\/noticia\/wp-json\/wp\/v2\/types\/post"}],"author":[{"embeddable":true,"href":"https:\/\/www.redenoticia.com.br\/noticia\/wp-json\/wp\/v2\/users\/4"}],"replies":[{"embeddable":true,"href":"https:\/\/www.redenoticia.com.br\/noticia\/wp-json\/wp\/v2\/comments?post=215948"}],"version-history":[{"count":0,"href":"https:\/\/www.redenoticia.com.br\/noticia\/wp-json\/wp\/v2\/posts\/215948\/revisions"}],"wp:featuredmedia":[{"embeddable":true,"href":"https:\/\/www.redenoticia.com.br\/noticia\/wp-json\/wp\/v2\/media\/210453"}],"wp:attachment":[{"href":"https:\/\/www.redenoticia.com.br\/noticia\/wp-json\/wp\/v2\/media?parent=215948"}],"wp:term":[{"taxonomy":"category","embeddable":true,"href":"https:\/\/www.redenoticia.com.br\/noticia\/wp-json\/wp\/v2\/categories?post=215948"},{"taxonomy":"post_tag","embeddable":true,"href":"https:\/\/www.redenoticia.com.br\/noticia\/wp-json\/wp\/v2\/tags?post=215948"}],"curies":[{"name":"wp","href":"https:\/\/api.w.org\/{rel}","templated":true}]}}