{"id":215860,"date":"2022-02-08T18:53:42","date_gmt":"2022-02-08T21:53:42","guid":{"rendered":"https:\/\/www.redenoticia.com.br\/noticia\/?p=215860"},"modified":"2022-02-08T18:53:42","modified_gmt":"2022-02-08T21:53:42","slug":"resumo-carinha-de-anjo-09-02-veronica-conversa-com-cecilia-sobre-gustavo","status":"publish","type":"post","link":"https:\/\/www.redenoticia.com.br\/noticia\/2022\/resumo-carinha-de-anjo-09-02-veronica-conversa-com-cecilia-sobre-gustavo\/215860","title":{"rendered":"Resumo \u201cCarinha De Anjo\u201d 09\/02: Ver\u00f4nica conversa com Cec\u00edlia sobre Gustavo"},"content":{"rendered":"<p> <img loading=\"lazy\" decoding=\"async\" class=\"aligncenter size-full wp-image-210452\" src=\"https:\/\/www.redenoticia.com.br\/noticia\/imagens\/carinha-de-anjo-novela-sbt-elenco-infantil.jpeg\" alt=\"\" width=\"1280\" height=\"720\" srcset=\"https:\/\/www.redenoticia.com.br\/noticia\/imagens\/carinha-de-anjo-novela-sbt-elenco-infantil.jpeg 1280w, https:\/\/www.redenoticia.com.br\/noticia\/imagens\/carinha-de-anjo-novela-sbt-elenco-infantil-250x140.jpeg 250w, https:\/\/www.redenoticia.com.br\/noticia\/imagens\/carinha-de-anjo-novela-sbt-elenco-infantil-400x225.jpeg 400w, https:\/\/www.redenoticia.com.br\/noticia\/imagens\/carinha-de-anjo-novela-sbt-elenco-infantil-768x432.jpeg 768w, https:\/\/www.redenoticia.com.br\/noticia\/imagens\/carinha-de-anjo-novela-sbt-elenco-infantil-150x85.jpeg 150w\" sizes=\"auto, (max-width: 1280px) 100vw, 1280px\" \/><\/p>\n<p><strong><em>Resumo da novela \u201cCarinha De Anjo\u201d<\/em><\/strong> em 09\/02: no cap\u00edtulo 108(*) da novela, Ver\u00f4nica conversa com Cec\u00edlia e diz que al\u00e9m da perda do pai outros acontecimentos ajudaram a aumentar o vazio que ela sente. A secret\u00e1ria diz que o amor que sente por Gustavo e o namoro de Cec\u00edlia com o empres\u00e1rio a deixam ainda mais abalada. Crist\u00f3v\u00e3o leva F\u00e1tima para jantar. Vitor e Tia Perucas decidem fazer uma manifesta\u00e7\u00e3o na cidade pela volta do LePf.<\/p>\n<p>Ver\u00f4nica pede perd\u00e3o por estar desabafando com ela, mas que precisa compartilhar o que est\u00e1 sentindo. Cec\u00edlia chora ao escutar tudo e pergunta se ela e Gustavo chegaram a ficar juntos em algum momento. A secret\u00e1ria diz que \u00e9 melhor n\u00e3o falarem sobre isso para n\u00e3o se machucarem ainda mais. Cec\u00edlia se sente culpada. Ver\u00f4nica agradece ao carinho, diz que deseja felicidade para ela e F\u00e1tima, mas que acha mais adequado ela procurar um novo lugar para morar e trabalhar.<\/p>\n<p>Cec\u00edlia pede para a secret\u00e1ria se acalmar e pensar com calma. Silvestre descobre que corre o risco de ter um novo infarto e por isso precisa passar por uma cirurgia. Cec\u00edlia vai at\u00e9 a igreja conversar com o Padre Gabriel. A professora diz ao Padre que Ver\u00f4nica lhe contou que estava iniciando um relacionamento com Gustavo, mas que ela atrapalhou tudo quando largou o h\u00e1bito.<\/p>\n<p>(*) edi\u00e7\u00e3o das novelas do SBT, \u201cCarinha De Anjo\u201d, sujeito a altera\u00e7\u00e3o de data e conte\u00fado.<\/p>\n<p>Sinopse \u201cCarinha De Anjo\u201d: Dulce Maria \u00e9 uma menina doce, ingenua, inteligente e alegre de 5 anos de idade. \u00c9 brincalhona, aventureira e extremamente curiosa. Diverte a todos com seus coment\u00e1rios e perguntas indiscretas e surpreende com suas descobertas.<\/p>\n<p>Ela \u00e9 filha \u00fanica de Gustavo L\u00e1rios (Carlo Porto), bem-sucedido empres\u00e1rio da cafeicultura brasileira, e da mexicana Teresa Rezende L\u00e1rios (Lucero), m\u00e3e acolhedora de s\u00e1bios conselhos e voz ador\u00e1vel, que faleceu num acidente quando Dulce Maria tinha apenas 3 anos de idade. Traumatizado com a trag\u00e9dia, Gustavo deixou a filha no col\u00e9gio interno.<\/p>\n","protected":false},"excerpt":{"rendered":"<p>Resumo da novela \u201cCarinha De Anjo\u201d em 09\/02: no cap\u00edtulo 108(*) da novela, Ver\u00f4nica conversa com Cec\u00edlia e diz que al\u00e9m da perda do pai outros acontecimentos ajudaram a aumentar o vazio que ela sente. A secret\u00e1ria diz que o amor que sente por Gustavo e o namoro de Cec\u00edlia com o empres\u00e1rio a deixam [&hellip;]<\/p>\n","protected":false},"author":2,"featured_media":210453,"comment_status":"closed","ping_status":"closed","sticky":false,"template":"","format":"standard","meta":{"_genesis_hide_title":false,"_genesis_hide_breadcrumbs":false,"_genesis_hide_singular_image":false,"_genesis_hide_footer_widgets":false,"_genesis_custom_body_class":"","_genesis_custom_post_class":"","_genesis_layout":"","_jetpack_memberships_contains_paid_content":false,"footnotes":""},"categories":[452,379,2025,372,343],"tags":[441],"class_list":{"0":"post-215860","1":"post","2":"type-post","3":"status-publish","4":"format-standard","5":"has-post-thumbnail","7":"category-carinha-de-anjo","8":"category-novelas","9":"category-resumo","10":"category-sbt","11":"category-televisao","12":"tag-resumo-do-dia","13":"entry","14":"gs-1","15":"gs-odd","16":"gs-even","17":"gs-featured-content-entry"},"jetpack_featured_media_url":"https:\/\/www.redenoticia.com.br\/noticia\/imagens\/carinha-de-anjo-resumo-novela-sbt-elenco-infantil.jpeg","jetpack_sharing_enabled":true,"jetpack_likes_enabled":true,"_links":{"self":[{"href":"https:\/\/www.redenoticia.com.br\/noticia\/wp-json\/wp\/v2\/posts\/215860","targetHints":{"allow":["GET"]}}],"collection":[{"href":"https:\/\/www.redenoticia.com.br\/noticia\/wp-json\/wp\/v2\/posts"}],"about":[{"href":"https:\/\/www.redenoticia.com.br\/noticia\/wp-json\/wp\/v2\/types\/post"}],"author":[{"embeddable":true,"href":"https:\/\/www.redenoticia.com.br\/noticia\/wp-json\/wp\/v2\/users\/2"}],"replies":[{"embeddable":true,"href":"https:\/\/www.redenoticia.com.br\/noticia\/wp-json\/wp\/v2\/comments?post=215860"}],"version-history":[{"count":0,"href":"https:\/\/www.redenoticia.com.br\/noticia\/wp-json\/wp\/v2\/posts\/215860\/revisions"}],"wp:featuredmedia":[{"embeddable":true,"href":"https:\/\/www.redenoticia.com.br\/noticia\/wp-json\/wp\/v2\/media\/210453"}],"wp:attachment":[{"href":"https:\/\/www.redenoticia.com.br\/noticia\/wp-json\/wp\/v2\/media?parent=215860"}],"wp:term":[{"taxonomy":"category","embeddable":true,"href":"https:\/\/www.redenoticia.com.br\/noticia\/wp-json\/wp\/v2\/categories?post=215860"},{"taxonomy":"post_tag","embeddable":true,"href":"https:\/\/www.redenoticia.com.br\/noticia\/wp-json\/wp\/v2\/tags?post=215860"}],"curies":[{"name":"wp","href":"https:\/\/api.w.org\/{rel}","templated":true}]}}