{"id":215676,"date":"2022-02-04T15:51:30","date_gmt":"2022-02-04T18:51:30","guid":{"rendered":"https:\/\/www.redenoticia.com.br\/noticia\/?p=215676"},"modified":"2022-02-04T15:51:30","modified_gmt":"2022-02-04T18:51:30","slug":"resumo-carinha-de-anjo-05-02-gustavo-nao-conta-para-veronica-que-esta-a-namorar-cecilia","status":"publish","type":"post","link":"https:\/\/www.redenoticia.com.br\/noticia\/2022\/resumo-carinha-de-anjo-05-02-gustavo-nao-conta-para-veronica-que-esta-a-namorar-cecilia\/215676","title":{"rendered":"Resumo \u201cCarinha De Anjo\u201d 05\/02: Gustavo n\u00e3o conta para Ver\u00f4nica que est\u00e1 a namorar Cec\u00edlia"},"content":{"rendered":"<p><img loading=\"lazy\" decoding=\"async\" class=\"aligncenter size-full wp-image-210452\" src=\"https:\/\/www.redenoticia.com.br\/noticia\/imagens\/carinha-de-anjo-novela-sbt-elenco-infantil.jpeg\" alt=\"\" width=\"1280\" height=\"720\" srcset=\"https:\/\/www.redenoticia.com.br\/noticia\/imagens\/carinha-de-anjo-novela-sbt-elenco-infantil.jpeg 1280w, https:\/\/www.redenoticia.com.br\/noticia\/imagens\/carinha-de-anjo-novela-sbt-elenco-infantil-250x140.jpeg 250w, https:\/\/www.redenoticia.com.br\/noticia\/imagens\/carinha-de-anjo-novela-sbt-elenco-infantil-400x225.jpeg 400w, https:\/\/www.redenoticia.com.br\/noticia\/imagens\/carinha-de-anjo-novela-sbt-elenco-infantil-768x432.jpeg 768w, https:\/\/www.redenoticia.com.br\/noticia\/imagens\/carinha-de-anjo-novela-sbt-elenco-infantil-150x85.jpeg 150w\" sizes=\"auto, (max-width: 1280px) 100vw, 1280px\" \/><\/p>\n<p><strong><em>Resumo da novela \u201cCarinha De Anjo\u201d<\/em><\/strong> em 05\/02: no cap\u00edtulo 105(*) da novela, Gustavo conversa com Silvestre e diz que est\u00e1 pensando em contratar algu\u00e9m mais novo para ajud\u00e1-lo, mas o homem fica chateado ao entender que o patr\u00e3o disse que ele n\u00e3o executa t\u00e3o bem suas atividades.<\/p>\n<p>Luciano chega no apartamento de Juju com flores para o jantar e diz que ele \u00e9 o Lucky. Crist\u00f3v\u00e3o comenta sem querer que Gustavo est\u00e1 com Cec\u00edlia. Ver\u00f4nica fica chocada com o que escuta. Cec\u00edlia chega na mesma hora e Ver\u00f4nica questiona se ela est\u00e1 namorando com Gustavo. A ex-novi\u00e7a diz que prefere n\u00e3o comentar da vida \u00edntima, mas que Gustavo pode responder isso para ela.<\/p>\n<p>A secret\u00e1ria vai para o quarto. Crist\u00f3v\u00e3o diz que precisa avisar Gustavo da besteira que fez e Cec\u00edlia n\u00e3o entende qual o problema na quest\u00e3o e fala para F\u00e1tima que espera que Gustavo n\u00e3o tenha mentido ao dizer que nunca teve nada com Ver\u00f4nica. No outro dia, no escrit\u00f3rio, Gustavo tenta falar com Ver\u00f4nica que est\u00e1 namorando com Cec\u00edlia, mas a secret\u00e1ria pede para que ele n\u00e3o lhe diga nada, pois quer lutar pelos seus sonhos.<\/p>\n<p>Um fiscal da nova prefeitura aparece para conversar com Vitor sobre o LePf, diz que a nova administra\u00e7\u00e3o revogou as libera\u00e7\u00f5es anteriores e que o foodtruck ter\u00e1 que sair da pra\u00e7a at\u00e9 regularizar as novas exig\u00eancias.<\/p>\n<p>Silvestre procura um asilo para morar, pois j\u00e1 est\u00e1 com cerca de 60 anos e n\u00e3o tem ningu\u00e9m para morar junto. Fl\u00e1vio est\u00e1 esgotado ap\u00f3s come\u00e7ar a trabalhar na empresa de Gustavo. Zeca ensaia para os supostos primeiros shows que far\u00e1 com o empres\u00e1rio novo. Dulce Maria conversa com Silvestre, consegue fazer o homem ficar mais feliz e se sentir querido e especial.<\/p>\n<p>(*) edi\u00e7\u00e3o das novelas do SBT, \u201cCarinha De Anjo\u201d, sujeito a altera\u00e7\u00e3o de data e conte\u00fado.<\/p>\n<p>Sinopse \u201cCarinha De Anjo\u201d: Dulce Maria \u00e9 uma menina doce, ing\u00eanua, inteligente e alegre de 5 anos de idade. \u00c9 brincalhona, aventureira e extremamente curiosa. Diverte a todos com seus coment\u00e1rios e perguntas indiscretas e surpreende com suas descobertas.<\/p>\n<p>Ela \u00e9 filha \u00fanica de Gustavo L\u00e1rios (Carlo Porto), bem-sucedido empres\u00e1rio da cafeicultura brasileira, e da mexicana Teresa Rezende L\u00e1rios (Lucero), m\u00e3e acolhedora de s\u00e1bios conselhos e voz ador\u00e1vel, que faleceu num acidente quando Dulce Maria tinha apenas 3 anos de idade. Traumatizado com a trag\u00e9dia, Gustavo deixou a filha no col\u00e9gio interno.<\/p>\n","protected":false},"excerpt":{"rendered":"<p>Resumo da novela \u201cCarinha De Anjo\u201d em 05\/02: no cap\u00edtulo 105(*) da novela, Gustavo conversa com Silvestre e diz que est\u00e1 pensando em contratar algu\u00e9m mais novo para ajud\u00e1-lo, mas o homem fica chateado ao entender que o patr\u00e3o disse que ele n\u00e3o executa t\u00e3o bem suas atividades. Luciano chega no apartamento de Juju com [&hellip;]<\/p>\n","protected":false},"author":4,"featured_media":210453,"comment_status":"closed","ping_status":"closed","sticky":false,"template":"","format":"standard","meta":{"_genesis_hide_title":false,"_genesis_hide_breadcrumbs":false,"_genesis_hide_singular_image":false,"_genesis_hide_footer_widgets":false,"_genesis_custom_body_class":"","_genesis_custom_post_class":"","_genesis_layout":"","_jetpack_memberships_contains_paid_content":false,"footnotes":""},"categories":[452,379,2025,372,343],"tags":[441],"class_list":{"0":"post-215676","1":"post","2":"type-post","3":"status-publish","4":"format-standard","5":"has-post-thumbnail","7":"category-carinha-de-anjo","8":"category-novelas","9":"category-resumo","10":"category-sbt","11":"category-televisao","12":"tag-resumo-do-dia","13":"entry","14":"gs-1","15":"gs-odd","16":"gs-even","17":"gs-featured-content-entry"},"jetpack_featured_media_url":"https:\/\/www.redenoticia.com.br\/noticia\/imagens\/carinha-de-anjo-resumo-novela-sbt-elenco-infantil.jpeg","jetpack_sharing_enabled":true,"jetpack_likes_enabled":true,"_links":{"self":[{"href":"https:\/\/www.redenoticia.com.br\/noticia\/wp-json\/wp\/v2\/posts\/215676","targetHints":{"allow":["GET"]}}],"collection":[{"href":"https:\/\/www.redenoticia.com.br\/noticia\/wp-json\/wp\/v2\/posts"}],"about":[{"href":"https:\/\/www.redenoticia.com.br\/noticia\/wp-json\/wp\/v2\/types\/post"}],"author":[{"embeddable":true,"href":"https:\/\/www.redenoticia.com.br\/noticia\/wp-json\/wp\/v2\/users\/4"}],"replies":[{"embeddable":true,"href":"https:\/\/www.redenoticia.com.br\/noticia\/wp-json\/wp\/v2\/comments?post=215676"}],"version-history":[{"count":0,"href":"https:\/\/www.redenoticia.com.br\/noticia\/wp-json\/wp\/v2\/posts\/215676\/revisions"}],"wp:featuredmedia":[{"embeddable":true,"href":"https:\/\/www.redenoticia.com.br\/noticia\/wp-json\/wp\/v2\/media\/210453"}],"wp:attachment":[{"href":"https:\/\/www.redenoticia.com.br\/noticia\/wp-json\/wp\/v2\/media?parent=215676"}],"wp:term":[{"taxonomy":"category","embeddable":true,"href":"https:\/\/www.redenoticia.com.br\/noticia\/wp-json\/wp\/v2\/categories?post=215676"},{"taxonomy":"post_tag","embeddable":true,"href":"https:\/\/www.redenoticia.com.br\/noticia\/wp-json\/wp\/v2\/tags?post=215676"}],"curies":[{"name":"wp","href":"https:\/\/api.w.org\/{rel}","templated":true}]}}