{"id":215638,"date":"2022-02-03T16:18:53","date_gmt":"2022-02-03T19:18:53","guid":{"rendered":"https:\/\/www.redenoticia.com.br\/noticia\/?p=215638"},"modified":"2022-02-03T16:18:53","modified_gmt":"2022-02-03T19:18:53","slug":"resumo-carinha-de-anjo-04-02-gustavo-e-rude-ao-chamar-a-atencao-de-silvestre","status":"publish","type":"post","link":"https:\/\/www.redenoticia.com.br\/noticia\/2022\/resumo-carinha-de-anjo-04-02-gustavo-e-rude-ao-chamar-a-atencao-de-silvestre\/215638","title":{"rendered":"Resumo \u201cCarinha De Anjo\u201d 04\/02: Gustavo \u00e9 rude ao chamar a aten\u00e7\u00e3o de Silvestre"},"content":{"rendered":"<p><img loading=\"lazy\" decoding=\"async\" class=\"aligncenter size-full wp-image-210452\" src=\"https:\/\/www.redenoticia.com.br\/noticia\/imagens\/carinha-de-anjo-novela-sbt-elenco-infantil.jpeg\" alt=\"\" width=\"1280\" height=\"720\" srcset=\"https:\/\/www.redenoticia.com.br\/noticia\/imagens\/carinha-de-anjo-novela-sbt-elenco-infantil.jpeg 1280w, https:\/\/www.redenoticia.com.br\/noticia\/imagens\/carinha-de-anjo-novela-sbt-elenco-infantil-250x140.jpeg 250w, https:\/\/www.redenoticia.com.br\/noticia\/imagens\/carinha-de-anjo-novela-sbt-elenco-infantil-400x225.jpeg 400w, https:\/\/www.redenoticia.com.br\/noticia\/imagens\/carinha-de-anjo-novela-sbt-elenco-infantil-768x432.jpeg 768w, https:\/\/www.redenoticia.com.br\/noticia\/imagens\/carinha-de-anjo-novela-sbt-elenco-infantil-150x85.jpeg 150w\" sizes=\"auto, (max-width: 1280px) 100vw, 1280px\" \/><\/p>\n<p><strong><em>Resumo da novela \u201cCarinha De Anjo\u201d<\/em><\/strong> em 04\/02: no cap\u00edtulo 104(*) da novela, Franciely pula no colo de Silvestre de alegria ao saber que ele foi lhe ver no concurso de rainha de bateria. Gustavo chega na cozinha e estranha a cena com os dois e \u00e9 rude ao chamar a aten\u00e7\u00e3o. Silvestre fica triste com a postura de Gustavo.<\/p>\n<p>Frida fica sabendo que a Juju est\u00e1 bolando fazer um v\u00eddeo em seu vlog com uma campanha para que a Madre Superiora deixe as meninas terem aulas de futebol no col\u00e9gio de Doce Horizonte. Enquanto isso, Madre Superiora apresenta a novi\u00e7a Didi para as demais irm\u00e3s do col\u00e9gio.<\/p>\n<p>Fabiana apresenta Didi para a fam\u00edlia de In\u00e1cio, que fica surpresa ao ver que a novi\u00e7a usa chuteiras e sabe fazer embaixadinha. Didi joga futebol com os meninos. Tia Perucas presenteia Dulce com uma boneca vestida de noiva. A carinha de anjo diz que o nome dela ser\u00e1 Cec\u00edlia at\u00e9 que a professora case com Gustavo.<\/p>\n<p>Silvestre tenta falar com Gustavo, mas o empres\u00e1rio diz que achou a postura dele inadequada e prefere que ele volte ser contido como sempre. O pai de Luciano diz que pagar\u00e1 pessoas para comporem uma m\u00fasica para que Luciano apresente como sendo sua e assim vencer um concurso que Juju est\u00e1 promovendo em seu vlog.<\/p>\n<p>(*) edi\u00e7\u00e3o das novelas do SBT, \u201cCarinha De Anjo\u201d, sujeito a altera\u00e7\u00e3o de data e conte\u00fado.<\/p>\n<p>Sinopse \u201cCarinha De Anjo\u201d: Dulce Maria \u00e9 uma menina doce, ingenua, inteligente e alegre de 5 anos de idade. \u00c9 brincalhona, aventureira e extremamente curiosa. Diverte a todos com seus coment\u00e1rios e perguntas indiscretas e surpreende com suas descobertas.<\/p>\n<p>Ela \u00e9 filha \u00fanica de Gustavo L\u00e1rios (Carlo Porto), bem-sucedido empres\u00e1rio da cafeicultura brasileira, e da mexicana Teresa Rezende L\u00e1rios (Lucero), m\u00e3e acolhedora de s\u00e1bios conselhos e voz ador\u00e1vel, que faleceu num acidente quando Dulce Maria tinha apenas 3 anos de idade. Traumatizado com a trag\u00e9dia, Gustavo deixou a filha no col\u00e9gio interno.<\/p>\n","protected":false},"excerpt":{"rendered":"<p>Resumo da novela \u201cCarinha De Anjo\u201d em 04\/02: no cap\u00edtulo 104(*) da novela, Franciely pula no colo de Silvestre de alegria ao saber que ele foi lhe ver no concurso de rainha de bateria. Gustavo chega na cozinha e estranha a cena com os dois e \u00e9 rude ao chamar a aten\u00e7\u00e3o. Silvestre fica triste [&hellip;]<\/p>\n","protected":false},"author":4,"featured_media":210453,"comment_status":"closed","ping_status":"closed","sticky":false,"template":"","format":"standard","meta":{"_genesis_hide_title":false,"_genesis_hide_breadcrumbs":false,"_genesis_hide_singular_image":false,"_genesis_hide_footer_widgets":false,"_genesis_custom_body_class":"","_genesis_custom_post_class":"","_genesis_layout":"","_jetpack_memberships_contains_paid_content":false,"footnotes":""},"categories":[452,379,2025,372,343],"tags":[441],"class_list":{"0":"post-215638","1":"post","2":"type-post","3":"status-publish","4":"format-standard","5":"has-post-thumbnail","7":"category-carinha-de-anjo","8":"category-novelas","9":"category-resumo","10":"category-sbt","11":"category-televisao","12":"tag-resumo-do-dia","13":"entry","14":"gs-1","15":"gs-odd","16":"gs-even","17":"gs-featured-content-entry"},"jetpack_featured_media_url":"https:\/\/www.redenoticia.com.br\/noticia\/imagens\/carinha-de-anjo-resumo-novela-sbt-elenco-infantil.jpeg","jetpack_sharing_enabled":true,"jetpack_likes_enabled":true,"_links":{"self":[{"href":"https:\/\/www.redenoticia.com.br\/noticia\/wp-json\/wp\/v2\/posts\/215638","targetHints":{"allow":["GET"]}}],"collection":[{"href":"https:\/\/www.redenoticia.com.br\/noticia\/wp-json\/wp\/v2\/posts"}],"about":[{"href":"https:\/\/www.redenoticia.com.br\/noticia\/wp-json\/wp\/v2\/types\/post"}],"author":[{"embeddable":true,"href":"https:\/\/www.redenoticia.com.br\/noticia\/wp-json\/wp\/v2\/users\/4"}],"replies":[{"embeddable":true,"href":"https:\/\/www.redenoticia.com.br\/noticia\/wp-json\/wp\/v2\/comments?post=215638"}],"version-history":[{"count":0,"href":"https:\/\/www.redenoticia.com.br\/noticia\/wp-json\/wp\/v2\/posts\/215638\/revisions"}],"wp:featuredmedia":[{"embeddable":true,"href":"https:\/\/www.redenoticia.com.br\/noticia\/wp-json\/wp\/v2\/media\/210453"}],"wp:attachment":[{"href":"https:\/\/www.redenoticia.com.br\/noticia\/wp-json\/wp\/v2\/media?parent=215638"}],"wp:term":[{"taxonomy":"category","embeddable":true,"href":"https:\/\/www.redenoticia.com.br\/noticia\/wp-json\/wp\/v2\/categories?post=215638"},{"taxonomy":"post_tag","embeddable":true,"href":"https:\/\/www.redenoticia.com.br\/noticia\/wp-json\/wp\/v2\/tags?post=215638"}],"curies":[{"name":"wp","href":"https:\/\/api.w.org\/{rel}","templated":true}]}}