{"id":215530,"date":"2022-02-01T15:21:12","date_gmt":"2022-02-01T18:21:12","guid":{"rendered":"https:\/\/www.redenoticia.com.br\/noticia\/?p=215530"},"modified":"2022-02-01T15:21:12","modified_gmt":"2022-02-01T18:21:12","slug":"resumo-carinha-de-anjo-02-02-nicole-avisa-haydee-que-prestes-a-voltar-para-o-brasil","status":"publish","type":"post","link":"https:\/\/www.redenoticia.com.br\/noticia\/2022\/resumo-carinha-de-anjo-02-02-nicole-avisa-haydee-que-prestes-a-voltar-para-o-brasil\/215530","title":{"rendered":"Resumo \u201cCarinha De Anjo\u201d 02\/02: Nicole avisa Haydee que prestes a voltar para o Brasil"},"content":{"rendered":"<p><img loading=\"lazy\" decoding=\"async\" class=\"aligncenter size-full wp-image-210452\" src=\"https:\/\/www.redenoticia.com.br\/noticia\/imagens\/carinha-de-anjo-novela-sbt-elenco-infantil.jpeg\" alt=\"\" width=\"1280\" height=\"720\" srcset=\"https:\/\/www.redenoticia.com.br\/noticia\/imagens\/carinha-de-anjo-novela-sbt-elenco-infantil.jpeg 1280w, https:\/\/www.redenoticia.com.br\/noticia\/imagens\/carinha-de-anjo-novela-sbt-elenco-infantil-250x140.jpeg 250w, https:\/\/www.redenoticia.com.br\/noticia\/imagens\/carinha-de-anjo-novela-sbt-elenco-infantil-400x225.jpeg 400w, https:\/\/www.redenoticia.com.br\/noticia\/imagens\/carinha-de-anjo-novela-sbt-elenco-infantil-768x432.jpeg 768w, https:\/\/www.redenoticia.com.br\/noticia\/imagens\/carinha-de-anjo-novela-sbt-elenco-infantil-150x85.jpeg 150w\" sizes=\"auto, (max-width: 1280px) 100vw, 1280px\" \/><\/p>\n<p><strong><em>Resumo da novela \u201cCarinha De Anjo\u201d<\/em><\/strong> em 02\/02: no cap\u00edtulo 102(*) da novela, Juju decide se encontrar com Luciano para saber melhor o que ele tem a dizer sobre Zeca. Durante a brincadeira de ca\u00e7a ao tesouro no col\u00e9gio, B\u00e1rbara e Frida entregam para a Madre Superiora os dois colares que haviam pego para subornar Dulce, L\u00facia e Valentina.<\/p>\n<p>Ribeiro diz para Franciely que n\u00e3o gostou de saber que ela vai participar do concurso para ser a rainha de bateria de uma escola de samba. Com os colares em m\u00e3os, Madre Superiora conta uma hist\u00f3ria l\u00fadica sobre amizade e presentes. No final, pede para que B\u00e1rbara e Frida presenteiem duas meninas da sala com os colares encontrados (que na verdade haviam roubado). Luciano diz para Juju que Zeca achava que namorar ela atrapalhava a carreira musical. Juju fica triste e tenta ir embora, mas trope\u00e7a e machuca a perna.<\/p>\n<p>Luciano ajuda a vlogueira e a leva para o consult\u00f3rio do Dr. Andr\u00e9, onde tamb\u00e9m gravam um v\u00eddeo para o vlog da garota. Madre Superiora recebe um telefonema dizendo que a nova novi\u00e7a, irm\u00e3 Ermilita, chegar\u00e1 em breve e ficar\u00e1 no mesmo quarto que Fabiana. Nicole reaparece em Nova Iorque e telefona para Haydee. A megera conta que est\u00e1 vi\u00fava e milion\u00e1ria, prestes a voltar para o Brasil. Haydee diz ao filho, Fl\u00e1vio, que Nicole est\u00e1 rica, cheia de \u00f3dio, com desejo de vingan\u00e7a e louca. Fl\u00e1vio revela que est\u00e1 com medo e Haydee concorda.<\/p>\n<p>(*) edi\u00e7\u00e3o das novelas do SBT, \u201cCarinha De Anjo\u201d, sujeito a altera\u00e7\u00e3o de data e conte\u00fado.<\/p>\n<p>Sinopse \u201cCarinha De Anjo\u201d: Dulce Maria \u00e9 uma menina doce, ing\u00eanua, inteligente e alegre de 5 anos de idade. \u00c9 brincalhona, aventureira e extremamente curiosa. Diverte a todos com seus coment\u00e1rios e perguntas indiscretas e surpreende com suas descobertas.<\/p>\n<p>Ela \u00e9 filha \u00fanica de Gustavo L\u00e1rios (Carlo Porto), bem-sucedido empres\u00e1rio da cafeicultura brasileira, e da mexicana Teresa Rezende L\u00e1rios (Lucero), m\u00e3e acolhedora de s\u00e1bios conselhos e voz ador\u00e1vel, que faleceu num acidente quando Dulce Maria tinha apenas 3 anos de idade. Traumatizado com a trag\u00e9dia, Gustavo deixou a filha no col\u00e9gio interno.<\/p>\n","protected":false},"excerpt":{"rendered":"<p>Resumo da novela \u201cCarinha De Anjo\u201d em 02\/02: no cap\u00edtulo 102(*) da novela, Juju decide se encontrar com Luciano para saber melhor o que ele tem a dizer sobre Zeca. Durante a brincadeira de ca\u00e7a ao tesouro no col\u00e9gio, B\u00e1rbara e Frida entregam para a Madre Superiora os dois colares que haviam pego para subornar [&hellip;]<\/p>\n","protected":false},"author":4,"featured_media":210453,"comment_status":"closed","ping_status":"closed","sticky":false,"template":"","format":"standard","meta":{"_genesis_hide_title":false,"_genesis_hide_breadcrumbs":false,"_genesis_hide_singular_image":false,"_genesis_hide_footer_widgets":false,"_genesis_custom_body_class":"","_genesis_custom_post_class":"","_genesis_layout":"","_jetpack_memberships_contains_paid_content":false,"footnotes":""},"categories":[452,379,2025,372,343],"tags":[441],"class_list":{"0":"post-215530","1":"post","2":"type-post","3":"status-publish","4":"format-standard","5":"has-post-thumbnail","7":"category-carinha-de-anjo","8":"category-novelas","9":"category-resumo","10":"category-sbt","11":"category-televisao","12":"tag-resumo-do-dia","13":"entry","14":"gs-1","15":"gs-odd","16":"gs-even","17":"gs-featured-content-entry"},"jetpack_featured_media_url":"https:\/\/www.redenoticia.com.br\/noticia\/imagens\/carinha-de-anjo-resumo-novela-sbt-elenco-infantil.jpeg","jetpack_sharing_enabled":true,"jetpack_likes_enabled":true,"_links":{"self":[{"href":"https:\/\/www.redenoticia.com.br\/noticia\/wp-json\/wp\/v2\/posts\/215530","targetHints":{"allow":["GET"]}}],"collection":[{"href":"https:\/\/www.redenoticia.com.br\/noticia\/wp-json\/wp\/v2\/posts"}],"about":[{"href":"https:\/\/www.redenoticia.com.br\/noticia\/wp-json\/wp\/v2\/types\/post"}],"author":[{"embeddable":true,"href":"https:\/\/www.redenoticia.com.br\/noticia\/wp-json\/wp\/v2\/users\/4"}],"replies":[{"embeddable":true,"href":"https:\/\/www.redenoticia.com.br\/noticia\/wp-json\/wp\/v2\/comments?post=215530"}],"version-history":[{"count":0,"href":"https:\/\/www.redenoticia.com.br\/noticia\/wp-json\/wp\/v2\/posts\/215530\/revisions"}],"wp:featuredmedia":[{"embeddable":true,"href":"https:\/\/www.redenoticia.com.br\/noticia\/wp-json\/wp\/v2\/media\/210453"}],"wp:attachment":[{"href":"https:\/\/www.redenoticia.com.br\/noticia\/wp-json\/wp\/v2\/media?parent=215530"}],"wp:term":[{"taxonomy":"category","embeddable":true,"href":"https:\/\/www.redenoticia.com.br\/noticia\/wp-json\/wp\/v2\/categories?post=215530"},{"taxonomy":"post_tag","embeddable":true,"href":"https:\/\/www.redenoticia.com.br\/noticia\/wp-json\/wp\/v2\/tags?post=215530"}],"curies":[{"name":"wp","href":"https:\/\/api.w.org\/{rel}","templated":true}]}}