{"id":215322,"date":"2022-01-27T13:10:23","date_gmt":"2022-01-27T16:10:23","guid":{"rendered":"https:\/\/www.redenoticia.com.br\/noticia\/?p=215322"},"modified":"2022-01-27T13:10:23","modified_gmt":"2022-01-27T16:10:23","slug":"resumo-amanha-e-para-sempre-28-01-liliana-pede-a-marina-que-a-ajude-morrer","status":"publish","type":"post","link":"https:\/\/www.redenoticia.com.br\/noticia\/2022\/resumo-amanha-e-para-sempre-28-01-liliana-pede-a-marina-que-a-ajude-morrer\/215322","title":{"rendered":"Resumo \u201cAmanh\u00e3 \u00e9 para sempre\u201d 28\/01: Liliana pede a Marina que a ajude morrer"},"content":{"rendered":"<p><img loading=\"lazy\" decoding=\"async\" class=\"aligncenter size-full wp-image-212995\" src=\"https:\/\/www.redenoticia.com.br\/noticia\/imagens\/amanha-e-para-sempre.jpeg\" alt=\"\" width=\"1280\" height=\"720\" srcset=\"https:\/\/www.redenoticia.com.br\/noticia\/imagens\/amanha-e-para-sempre.jpeg 1280w, https:\/\/www.redenoticia.com.br\/noticia\/imagens\/amanha-e-para-sempre-250x140.jpeg 250w, https:\/\/www.redenoticia.com.br\/noticia\/imagens\/amanha-e-para-sempre-400x225.jpeg 400w, https:\/\/www.redenoticia.com.br\/noticia\/imagens\/amanha-e-para-sempre-768x432.jpeg 768w, https:\/\/www.redenoticia.com.br\/noticia\/imagens\/amanha-e-para-sempre-150x85.jpeg 150w\" sizes=\"auto, (max-width: 1280px) 100vw, 1280px\" \/><\/p>\n<p><strong><em>Resumo da novela \u201cAmanh\u00e3 \u00e9 para sempre\u201d<\/em><\/strong> em 28\/01: no cap\u00edtulo 045(*) da novela, An\u00edbal diz ao pai que n\u00e3o concorda com o fato de Rebeca mediar os neg\u00f3cios com Franco Santoro. Gon\u00e7alo diz ter certeza de que ela poder\u00e1 convenc\u00ea-lo a se associar com os Elizalde. Durante a cerim\u00f4nia de seu casamento com Santiago, Aurora diz que n\u00e3o tem certeza se quer se casar com ele.<\/p>\n<p>Santiago responde que est\u00e1 apaixonado e acredita que, com o tempo, ela tamb\u00e9m se apaixone por ele. Liliana, chorando, pede a Marina que a ajude a morrer. Jacinto diz a Eduardo que foi Jairo o agressor de Silvestre, supostamente por algo que Marina lhe deve. Irritado, Eduardo diz que Jairo precisa de uma li\u00e7\u00e3o. Silvestre ao ver Franco (Eduardo) diz que seu rosto parece conhecido e Eduardo responde que sempre morou fora do pa\u00eds.<\/p>\n<p>Ap\u00f3s insist\u00eancia de Marina, Liliana conta que a hiena amea\u00e7ou seu pai de morte. Adriano mente para Vladimir e afirma que Priscila est\u00e1 apaixonada por ele. Jairo vai at\u00e9 a casa de Silvestre e amea\u00e7a Eduardo com um rev\u00f3lver. Art\u00eamio conta para Rebeca que contratou um homem para investigar a vida de Franco Santoro e que ele tamb\u00e9m est\u00e1 encarregado de eliminar o padre. Jairo diz a Ren\u00ea que, se quiser, poder\u00e1 lhe passar todas as informa\u00e7\u00f5es sobre Franco Santoro.<\/p>\n<p>(*) edi\u00e7\u00e3o das novelas do SBT, \u201cAmanh\u00e3 \u00e9 para sempre\u201d, sujeito a altera\u00e7\u00e3o de data e conte\u00fado.<\/p>\n<p>Sinopse \u201cAmanh\u00e3 \u00e9 para sempre\u201d: Fernanda \u00e9 a filha ca\u00e7ula do fazendeiro Gon\u00e7alo Elizalde, dono de uma grande companhia leiteira, e Eduardo \u00e9 filho de Soledade, a governanta da fam\u00edlia Elizalde. As duas crian\u00e7as t\u00eam crescido juntas e unidas por um amor inocente e justo, apesar da diferen\u00e7a de classes sociais.<\/p>\n<p>Gon\u00e7alo vive feliz com sua esposa Montserrat e seus cinco filhos, sem suspeitar que um inimigo implac\u00e1vel acerca aos seus. Art\u00eamio Bravo sente um \u00f3dio intenso e amargo de Gon\u00e7alo, que tem corro\u00eddo sua mente e, sua \u00fanica meta \u00e9 destruir, lenta e dolorosamente, toda a fam\u00edlia Elizalde.<\/p>\n","protected":false},"excerpt":{"rendered":"<p>Resumo da novela \u201cAmanh\u00e3 \u00e9 para sempre\u201d em 28\/01: no cap\u00edtulo 045(*) da novela, An\u00edbal diz ao pai que n\u00e3o concorda com o fato de Rebeca mediar os neg\u00f3cios com Franco Santoro. Gon\u00e7alo diz ter certeza de que ela poder\u00e1 convenc\u00ea-lo a se associar com os Elizalde. Durante a cerim\u00f4nia de seu casamento com Santiago, [&hellip;]<\/p>\n","protected":false},"author":4,"featured_media":212996,"comment_status":"closed","ping_status":"closed","sticky":false,"template":"","format":"standard","meta":{"_genesis_hide_title":false,"_genesis_hide_breadcrumbs":false,"_genesis_hide_singular_image":false,"_genesis_hide_footer_widgets":false,"_genesis_custom_body_class":"","_genesis_custom_post_class":"","_genesis_layout":"","_jetpack_memberships_contains_paid_content":false,"footnotes":""},"categories":[2228,379,2025,372,343],"tags":[441],"class_list":{"0":"post-215322","1":"post","2":"type-post","3":"status-publish","4":"format-standard","5":"has-post-thumbnail","7":"category-amanha-e-para-sempre","8":"category-novelas","9":"category-resumo","10":"category-sbt","11":"category-televisao","12":"tag-resumo-do-dia","13":"entry","14":"gs-1","15":"gs-odd","16":"gs-even","17":"gs-featured-content-entry"},"jetpack_featured_media_url":"https:\/\/www.redenoticia.com.br\/noticia\/imagens\/amanha-e-para-sempre-sbt-resumo-sinopse-logo.jpeg","jetpack_sharing_enabled":true,"jetpack_likes_enabled":true,"_links":{"self":[{"href":"https:\/\/www.redenoticia.com.br\/noticia\/wp-json\/wp\/v2\/posts\/215322","targetHints":{"allow":["GET"]}}],"collection":[{"href":"https:\/\/www.redenoticia.com.br\/noticia\/wp-json\/wp\/v2\/posts"}],"about":[{"href":"https:\/\/www.redenoticia.com.br\/noticia\/wp-json\/wp\/v2\/types\/post"}],"author":[{"embeddable":true,"href":"https:\/\/www.redenoticia.com.br\/noticia\/wp-json\/wp\/v2\/users\/4"}],"replies":[{"embeddable":true,"href":"https:\/\/www.redenoticia.com.br\/noticia\/wp-json\/wp\/v2\/comments?post=215322"}],"version-history":[{"count":0,"href":"https:\/\/www.redenoticia.com.br\/noticia\/wp-json\/wp\/v2\/posts\/215322\/revisions"}],"wp:featuredmedia":[{"embeddable":true,"href":"https:\/\/www.redenoticia.com.br\/noticia\/wp-json\/wp\/v2\/media\/212996"}],"wp:attachment":[{"href":"https:\/\/www.redenoticia.com.br\/noticia\/wp-json\/wp\/v2\/media?parent=215322"}],"wp:term":[{"taxonomy":"category","embeddable":true,"href":"https:\/\/www.redenoticia.com.br\/noticia\/wp-json\/wp\/v2\/categories?post=215322"},{"taxonomy":"post_tag","embeddable":true,"href":"https:\/\/www.redenoticia.com.br\/noticia\/wp-json\/wp\/v2\/tags?post=215322"}],"curies":[{"name":"wp","href":"https:\/\/api.w.org\/{rel}","templated":true}]}}