{"id":215044,"date":"2022-01-21T12:37:16","date_gmt":"2022-01-21T15:37:16","guid":{"rendered":"https:\/\/www.redenoticia.com.br\/noticia\/?p=215044"},"modified":"2022-01-21T12:37:16","modified_gmt":"2022-01-21T15:37:16","slug":"resumo-carinha-de-anjo-22-01-zeca-e-humilhado-na-festa-de-luciano","status":"publish","type":"post","link":"https:\/\/www.redenoticia.com.br\/noticia\/2022\/resumo-carinha-de-anjo-22-01-zeca-e-humilhado-na-festa-de-luciano\/215044","title":{"rendered":"Resumo \u201cCarinha De Anjo\u201d 22\/01: Zeca \u00e9 humilhado na festa de Luciano"},"content":{"rendered":"<p><img loading=\"lazy\" decoding=\"async\" class=\"aligncenter size-full wp-image-210452\" src=\"https:\/\/www.redenoticia.com.br\/noticia\/imagens\/carinha-de-anjo-novela-sbt-elenco-infantil.jpeg\" alt=\"\" width=\"1280\" height=\"720\" srcset=\"https:\/\/www.redenoticia.com.br\/noticia\/imagens\/carinha-de-anjo-novela-sbt-elenco-infantil.jpeg 1280w, https:\/\/www.redenoticia.com.br\/noticia\/imagens\/carinha-de-anjo-novela-sbt-elenco-infantil-250x140.jpeg 250w, https:\/\/www.redenoticia.com.br\/noticia\/imagens\/carinha-de-anjo-novela-sbt-elenco-infantil-400x225.jpeg 400w, https:\/\/www.redenoticia.com.br\/noticia\/imagens\/carinha-de-anjo-novela-sbt-elenco-infantil-768x432.jpeg 768w, https:\/\/www.redenoticia.com.br\/noticia\/imagens\/carinha-de-anjo-novela-sbt-elenco-infantil-150x85.jpeg 150w\" sizes=\"auto, (max-width: 1280px) 100vw, 1280px\" \/><\/p>\n<p><strong><em>Resumo da novela \u201cCarinha De Anjo\u201d<\/em><\/strong> em 22\/01: no cap\u00edtulo 093(*) da novela, Gustavo e Crist\u00f3v\u00e3o ficam chocados ao verem Fl\u00e1vio com No\u00eamia. A dona da rede de hot\u00e9is diz que s\u00f3 assinar\u00e1 o contrato ap\u00f3s eles avaliarem o curr\u00edculo de Fl\u00e1vio.<\/p>\n<p>Dulce Maria conversa com o pai de L\u00facia e pede para que ele repense sua atitude de ir embora de casa, pois sua filha est\u00e1 sofrendo. Vitor conta para Gustavo, Gabriel e Estef\u00e2nia sobre a atitude de Dulce. J\u00e1 Gustavo compartilha a not\u00edcia de que Fl\u00e1vio reapareceu, por\u00e9m ao lado de No\u00eamia.<\/p>\n<p>Juju termina de se arrumar para a festa na casa de Luciano onde ir\u00e1 com Zeca. Juju e Zeca chegam na festa de anivers\u00e1rio de Luciano. F\u00e1tima faz Cec\u00edlia experimentar alguns vestidos para usar no casamento de Estef\u00e2nia. Z\u00e9 Felipe, Miguel e Em\u00edlio v\u00e3o at\u00e9 a casa de Gustavo para brincar com Dulce Maria.<\/p>\n<p>Os amigos de Luciano esnobam Zeca e fazem coment\u00e1rios preconceituosos pela diferen\u00e7a financeira. No\u00eamia vai com Fl\u00e1vio at\u00e9 a casa dele e Haydee serve um doce que ela mesma fez. A m\u00e3e de Fl\u00e1vio diz que espera que ele consiga o emprego na Rey Caf\u00e9 para se livrar logo da \u201cmocreia\u201d da No\u00eamia. A empres\u00e1ria fica com raiva do que \u00e9 chamada e joga a vasilha de doce na cabe\u00e7a de Haydee.<\/p>\n<p>Luciano diz que pode mandar a empregada fazer uma marmita para a fam\u00edlia de Zeca. O namorado de Juju fica irritado e se afasta da festa. Juju tenta acalmar o namorado e pede para que fiquem mais um pouco na festa.<\/p>\n<p>Gustavo lembra de quando Tereza cantava para Dulce Maria enquanto estava gr\u00e1vida. O empres\u00e1rio lembra ainda de quando descobriu que o filho deles seria uma menina.<\/p>\n<p>Luciano diz para Zeca que a Juju diz no col\u00e9gio: \u201cTadinho do Zeca\u201d. O garoto se descontrola e grita que Luciano tem inveja dele e que Juju o ama. A m\u00e3e de Luciano aparece e diz para Zeca ir embora, pois s\u00f3 foi convidado por conta da Juju. A mulher afirma ainda que a menina deve estar se escondendo por vergonha, mas na verdade a vlogueira est\u00e1 apenas no banheiro.<\/p>\n<p>(*) edi\u00e7\u00e3o das novelas do SBT, \u201cCarinha De Anjo\u201d, sujeito a altera\u00e7\u00e3o de data e conte\u00fado.<\/p>\n<p>Sinopse \u201cCarinha De Anjo\u201d: Dulce Maria \u00e9 uma menina doce, ingenua, inteligente e alegre de 5 anos de idade. \u00c9 brincalhona, aventureira e extremamente curiosa. Diverte a todos com seus coment\u00e1rios e perguntas indiscretas e surpreende com suas descobertas.<\/p>\n<p>Ela \u00e9 filha \u00fanica de Gustavo L\u00e1rios (Carlo Porto), bem-sucedido empres\u00e1rio da cafeicultura brasileira, e da mexicana Teresa Rezende L\u00e1rios (Lucero), m\u00e3e acolhedora de s\u00e1bios conselhos e voz ador\u00e1vel, que faleceu num acidente quando Dulce Maria tinha apenas 3 anos de idade. Traumatizado com a trag\u00e9dia, Gustavo deixou a filha no col\u00e9gio interno.<\/p>\n","protected":false},"excerpt":{"rendered":"<p>Resumo da novela \u201cCarinha De Anjo\u201d em 22\/01: no cap\u00edtulo 093(*) da novela, Gustavo e Crist\u00f3v\u00e3o ficam chocados ao verem Fl\u00e1vio com No\u00eamia. A dona da rede de hot\u00e9is diz que s\u00f3 assinar\u00e1 o contrato ap\u00f3s eles avaliarem o curr\u00edculo de Fl\u00e1vio. Dulce Maria conversa com o pai de L\u00facia e pede para que ele [&hellip;]<\/p>\n","protected":false},"author":4,"featured_media":210453,"comment_status":"closed","ping_status":"closed","sticky":false,"template":"","format":"standard","meta":{"_genesis_hide_title":false,"_genesis_hide_breadcrumbs":false,"_genesis_hide_singular_image":false,"_genesis_hide_footer_widgets":false,"_genesis_custom_body_class":"","_genesis_custom_post_class":"","_genesis_layout":"","_jetpack_memberships_contains_paid_content":false,"footnotes":""},"categories":[452,379,2025,372,343],"tags":[441],"class_list":{"0":"post-215044","1":"post","2":"type-post","3":"status-publish","4":"format-standard","5":"has-post-thumbnail","7":"category-carinha-de-anjo","8":"category-novelas","9":"category-resumo","10":"category-sbt","11":"category-televisao","12":"tag-resumo-do-dia","13":"entry","14":"gs-1","15":"gs-odd","16":"gs-even","17":"gs-featured-content-entry"},"jetpack_featured_media_url":"https:\/\/www.redenoticia.com.br\/noticia\/imagens\/carinha-de-anjo-resumo-novela-sbt-elenco-infantil.jpeg","jetpack_sharing_enabled":true,"jetpack_likes_enabled":true,"_links":{"self":[{"href":"https:\/\/www.redenoticia.com.br\/noticia\/wp-json\/wp\/v2\/posts\/215044","targetHints":{"allow":["GET"]}}],"collection":[{"href":"https:\/\/www.redenoticia.com.br\/noticia\/wp-json\/wp\/v2\/posts"}],"about":[{"href":"https:\/\/www.redenoticia.com.br\/noticia\/wp-json\/wp\/v2\/types\/post"}],"author":[{"embeddable":true,"href":"https:\/\/www.redenoticia.com.br\/noticia\/wp-json\/wp\/v2\/users\/4"}],"replies":[{"embeddable":true,"href":"https:\/\/www.redenoticia.com.br\/noticia\/wp-json\/wp\/v2\/comments?post=215044"}],"version-history":[{"count":0,"href":"https:\/\/www.redenoticia.com.br\/noticia\/wp-json\/wp\/v2\/posts\/215044\/revisions"}],"wp:featuredmedia":[{"embeddable":true,"href":"https:\/\/www.redenoticia.com.br\/noticia\/wp-json\/wp\/v2\/media\/210453"}],"wp:attachment":[{"href":"https:\/\/www.redenoticia.com.br\/noticia\/wp-json\/wp\/v2\/media?parent=215044"}],"wp:term":[{"taxonomy":"category","embeddable":true,"href":"https:\/\/www.redenoticia.com.br\/noticia\/wp-json\/wp\/v2\/categories?post=215044"},{"taxonomy":"post_tag","embeddable":true,"href":"https:\/\/www.redenoticia.com.br\/noticia\/wp-json\/wp\/v2\/tags?post=215044"}],"curies":[{"name":"wp","href":"https:\/\/api.w.org\/{rel}","templated":true}]}}