{"id":215008,"date":"2022-01-20T12:12:22","date_gmt":"2022-01-20T15:12:22","guid":{"rendered":"https:\/\/www.redenoticia.com.br\/noticia\/?p=215008"},"modified":"2022-01-20T12:12:22","modified_gmt":"2022-01-20T15:12:22","slug":"resumo-carinha-de-anjo-21-01-cristovao-e-fatima-quase-se-beijam","status":"publish","type":"post","link":"https:\/\/www.redenoticia.com.br\/noticia\/2022\/resumo-carinha-de-anjo-21-01-cristovao-e-fatima-quase-se-beijam\/215008","title":{"rendered":"Resumo \u201cCarinha De Anjo\u201d 21\/01: Crist\u00f3v\u00e3o e F\u00e1tima quase se beijam"},"content":{"rendered":"<p><img loading=\"lazy\" decoding=\"async\" class=\"aligncenter size-full wp-image-210452\" src=\"https:\/\/www.redenoticia.com.br\/noticia\/imagens\/carinha-de-anjo-novela-sbt-elenco-infantil.jpeg\" alt=\"\" width=\"1280\" height=\"720\" srcset=\"https:\/\/www.redenoticia.com.br\/noticia\/imagens\/carinha-de-anjo-novela-sbt-elenco-infantil.jpeg 1280w, https:\/\/www.redenoticia.com.br\/noticia\/imagens\/carinha-de-anjo-novela-sbt-elenco-infantil-250x140.jpeg 250w, https:\/\/www.redenoticia.com.br\/noticia\/imagens\/carinha-de-anjo-novela-sbt-elenco-infantil-400x225.jpeg 400w, https:\/\/www.redenoticia.com.br\/noticia\/imagens\/carinha-de-anjo-novela-sbt-elenco-infantil-768x432.jpeg 768w, https:\/\/www.redenoticia.com.br\/noticia\/imagens\/carinha-de-anjo-novela-sbt-elenco-infantil-150x85.jpeg 150w\" sizes=\"auto, (max-width: 1280px) 100vw, 1280px\" \/><\/p>\n<p><strong><em>Resumo da novela \u201cCarinha De Anjo\u201d<\/em><\/strong> em 21\/01: no cap\u00edtulo 092(*) da novela, Rosana vai com Miguel at\u00e9 o apartamento de Gustavo e conversa com ele e Dulce Maria sobre o projeto da venda dos bolos de Diana.<\/p>\n<p>Haydee fica desesperada com os cachorros, que s\u00e3o hiperativos e j\u00e1 comeram v\u00e1rios objetos do apartamento. A mulher diz n\u00e3o aguentar mais o caos e grita por socorro. Dulce sonha com Tereza e conversa com a m\u00e3e sobre a necessidade de um ajudar o outro. Gustavo lembra de quando pediu Tereza em casamento. F\u00e1tima ajuda Cec\u00edlia a se arrumar para o jantar dos padrinhos de Estef\u00e2nia e Vitor.<\/p>\n<p>Gustavo e Dulce Maria chegam na casa de F\u00e1tima e s\u00e3o recepcionados por Ver\u00f4nica. Os convidados come\u00e7am a chegar na casa de Vitor.<\/p>\n<p>Enquanto isso, na casa de F\u00e1tima, Dulce fica impressionada ao ver pela primeira vez Cec\u00edlia maquiada. Na sala, Gustavo fica encantado ao ver a professora e diz: \u201cVoc\u00ea \u00e9 a mulher mais bonita que eu conhe\u00e7o\u201d. Gustavo chega com Cec\u00edlia e Dulce na casa de Vitor.<\/p>\n<p>Todos os convidados ficam encantados com a beleza da professora e dizem que os dois formam um lindo casal de padrinhos. Crist\u00f3v\u00e3o faz uma visita surpresa para F\u00e1tima e Ver\u00f4nica. Os padrinhos recebem um mini \u2018LePF\u2019 com uma flor como agradecimento de Vitor e Estef\u00e2nia. Crist\u00f3v\u00e3o e F\u00e1tima quase se beijam.<\/p>\n<p>(*) edi\u00e7\u00e3o das novelas do SBT, \u201cCarinha De Anjo\u201d, sujeito a altera\u00e7\u00e3o de data e conte\u00fado.<\/p>\n<p>Sinopse \u201cCarinha De Anjo\u201d: Dulce Maria \u00e9 uma menina doce, ingenua, inteligente e alegre de 5 anos de idade. \u00c9 brincalhona, aventureira e extremamente curiosa. Diverte a todos com seus coment\u00e1rios e perguntas indiscretas e surpreende com suas descobertas.<\/p>\n<p>Ela \u00e9 filha \u00fanica de Gustavo L\u00e1rios (Carlo Porto), bem-sucedido empres\u00e1rio da cafeicultura brasileira, e da mexicana Teresa Rezende L\u00e1rios (Lucero), m\u00e3e acolhedora de s\u00e1bios conselhos e voz ador\u00e1vel, que faleceu num acidente quando Dulce Maria tinha apenas 3 anos de idade. Traumatizado com a trag\u00e9dia, Gustavo deixou a filha no col\u00e9gio interno.<\/p>\n","protected":false},"excerpt":{"rendered":"<p>Resumo da novela \u201cCarinha De Anjo\u201d em 21\/01: no cap\u00edtulo 092(*) da novela, Rosana vai com Miguel at\u00e9 o apartamento de Gustavo e conversa com ele e Dulce Maria sobre o projeto da venda dos bolos de Diana. Haydee fica desesperada com os cachorros, que s\u00e3o hiperativos e j\u00e1 comeram v\u00e1rios objetos do apartamento. A [&hellip;]<\/p>\n","protected":false},"author":4,"featured_media":210453,"comment_status":"closed","ping_status":"closed","sticky":false,"template":"","format":"standard","meta":{"_genesis_hide_title":false,"_genesis_hide_breadcrumbs":false,"_genesis_hide_singular_image":false,"_genesis_hide_footer_widgets":false,"_genesis_custom_body_class":"","_genesis_custom_post_class":"","_genesis_layout":"","_jetpack_memberships_contains_paid_content":false,"footnotes":""},"categories":[452,379,2025,372,343],"tags":[441],"class_list":{"0":"post-215008","1":"post","2":"type-post","3":"status-publish","4":"format-standard","5":"has-post-thumbnail","7":"category-carinha-de-anjo","8":"category-novelas","9":"category-resumo","10":"category-sbt","11":"category-televisao","12":"tag-resumo-do-dia","13":"entry","14":"gs-1","15":"gs-odd","16":"gs-even","17":"gs-featured-content-entry"},"jetpack_featured_media_url":"https:\/\/www.redenoticia.com.br\/noticia\/imagens\/carinha-de-anjo-resumo-novela-sbt-elenco-infantil.jpeg","jetpack_sharing_enabled":true,"jetpack_likes_enabled":true,"_links":{"self":[{"href":"https:\/\/www.redenoticia.com.br\/noticia\/wp-json\/wp\/v2\/posts\/215008","targetHints":{"allow":["GET"]}}],"collection":[{"href":"https:\/\/www.redenoticia.com.br\/noticia\/wp-json\/wp\/v2\/posts"}],"about":[{"href":"https:\/\/www.redenoticia.com.br\/noticia\/wp-json\/wp\/v2\/types\/post"}],"author":[{"embeddable":true,"href":"https:\/\/www.redenoticia.com.br\/noticia\/wp-json\/wp\/v2\/users\/4"}],"replies":[{"embeddable":true,"href":"https:\/\/www.redenoticia.com.br\/noticia\/wp-json\/wp\/v2\/comments?post=215008"}],"version-history":[{"count":0,"href":"https:\/\/www.redenoticia.com.br\/noticia\/wp-json\/wp\/v2\/posts\/215008\/revisions"}],"wp:featuredmedia":[{"embeddable":true,"href":"https:\/\/www.redenoticia.com.br\/noticia\/wp-json\/wp\/v2\/media\/210453"}],"wp:attachment":[{"href":"https:\/\/www.redenoticia.com.br\/noticia\/wp-json\/wp\/v2\/media?parent=215008"}],"wp:term":[{"taxonomy":"category","embeddable":true,"href":"https:\/\/www.redenoticia.com.br\/noticia\/wp-json\/wp\/v2\/categories?post=215008"},{"taxonomy":"post_tag","embeddable":true,"href":"https:\/\/www.redenoticia.com.br\/noticia\/wp-json\/wp\/v2\/tags?post=215008"}],"curies":[{"name":"wp","href":"https:\/\/api.w.org\/{rel}","templated":true}]}}