{"id":214789,"date":"2022-01-15T17:06:00","date_gmt":"2022-01-15T20:06:00","guid":{"rendered":"https:\/\/www.redenoticia.com.br\/noticia\/?p=214789"},"modified":"2022-01-15T17:06:00","modified_gmt":"2022-01-15T20:06:00","slug":"resumo-carinha-de-anjo-17-01-padre-fabio-de-melo-chega-ao-colegio","status":"publish","type":"post","link":"https:\/\/www.redenoticia.com.br\/noticia\/2022\/resumo-carinha-de-anjo-17-01-padre-fabio-de-melo-chega-ao-colegio\/214789","title":{"rendered":"Resumo \u201cCarinha De Anjo\u201d 17\/01: Padre F\u00e1bio de Melo chega ao col\u00e9gio"},"content":{"rendered":"<p> <img loading=\"lazy\" decoding=\"async\" class=\"aligncenter size-full wp-image-210452\" src=\"https:\/\/www.redenoticia.com.br\/noticia\/imagens\/carinha-de-anjo-novela-sbt-elenco-infantil.jpeg\" alt=\"\" width=\"1280\" height=\"720\" srcset=\"https:\/\/www.redenoticia.com.br\/noticia\/imagens\/carinha-de-anjo-novela-sbt-elenco-infantil.jpeg 1280w, https:\/\/www.redenoticia.com.br\/noticia\/imagens\/carinha-de-anjo-novela-sbt-elenco-infantil-250x140.jpeg 250w, https:\/\/www.redenoticia.com.br\/noticia\/imagens\/carinha-de-anjo-novela-sbt-elenco-infantil-400x225.jpeg 400w, https:\/\/www.redenoticia.com.br\/noticia\/imagens\/carinha-de-anjo-novela-sbt-elenco-infantil-768x432.jpeg 768w, https:\/\/www.redenoticia.com.br\/noticia\/imagens\/carinha-de-anjo-novela-sbt-elenco-infantil-150x85.jpeg 150w\" sizes=\"auto, (max-width: 1280px) 100vw, 1280px\" \/><\/p>\n<p><strong><em>Resumo da novela \u201cCarinha De Anjo\u201d<\/em><\/strong> em 17\/01: no cap\u00edtulo 088(*) da novela, as novi\u00e7as terminam de arrumar a mesa do caf\u00e9 para o Padre F\u00e1bio de Melo no jardim do internato. As pequeninas vestem uma roupa especial para se apresentarem como coral. O carro com o religioso chega no col\u00e9gio e todos ficam muito ansiosos. As pequeninas cantam para o Padre que parabeniza Fabiana e diz para ela cuidar muito bem do dom que Deus deu para ela. Fabiana fica emocionada.<\/p>\n<p>Mais tarde, na sala da Madre, F\u00e1bio de Melo revela para a religiosa, Gabriel e Fabiana que a regente do coral \u00e9 o motivo que o levou at\u00e9 o internato. \u201cEu ouvi Deus cantando atrav\u00e9s de voc\u00ea\u201d, diz o padre para Fabiana.<\/p>\n<p>Gabriel telefona para Estef\u00e2nia e conta que F\u00e1bio de Melo ir\u00e1 jantar na casa de Gustavo e que ela pode convidar Cec\u00edlia. A secret\u00e1ria da No\u00eamia diz que s\u00f3 fechar\u00e1 contrato com a Rey Caf\u00e9 se Gustavo e Crist\u00f3v\u00e3o comparecerem na piscina de um dos hot\u00e9is da rede dela para uma reuni\u00e3o.<\/p>\n<p>A novi\u00e7a Fabiana apresenta o coral das irm\u00e3s para o Padre F\u00e1bio de Melo e diz que foram os vencedores do concurso de corais do Programa do Ratinho. As religiosas cantam a m\u00fasica \u201cJesus Cristo\u201d (autoria de Roberto Carlos e Erasmo Carlos). O Padre F\u00e1bio de Melo revela que quando nasceu o m\u00e9dico que realizou o seu parto cantava essa m\u00fasica, por isso a considera muito especial: \u201cEu cresci a minha vida toda acreditando que essa foi uma trilha sonora muito especial escolhida para eu come\u00e7ar a minha vida\u201d, conta.<\/p>\n<p>Gustavo telefona para Cec\u00edlia e diz que faz quest\u00e3o da presen\u00e7a dela no jantar que far\u00e1 para o Padre F\u00e1bio de Melo. O empres\u00e1rio pede para ela avisar F\u00e1tima e Ver\u00f4nica que elas n\u00e3o podem ir, pois ser\u00e1 um jantar mais \u00edntimo, de fam\u00edlia. Dulce sonha com Tereza e as duas conversam enquanto arrumam a casa. Diana faz uma entrevista de emprego com o doutor Andr\u00e9.<\/p>\n<p>(*) edi\u00e7\u00e3o das novelas do SBT, \u201cCarinha De Anjo\u201d, sujeito a altera\u00e7\u00e3o de data e conte\u00fado.<\/p>\n<p>Sinopse \u201cCarinha De Anjo\u201d: Dulce Maria \u00e9 uma menina doce, ingenua, inteligente e alegre de 5 anos de idade. \u00c9 brincalhona, aventureira e extremamente curiosa. Diverte a todos com seus coment\u00e1rios e perguntas indiscretas e surpreende com suas descobertas.<\/p>\n<p>Ela \u00e9 filha \u00fanica de Gustavo L\u00e1rios (Carlo Porto), bem-sucedido empres\u00e1rio da cafeicultura brasileira, e da mexicana Teresa Rezende L\u00e1rios (Lucero), m\u00e3e acolhedora de s\u00e1bios conselhos e voz ador\u00e1vel, que faleceu num acidente quando Dulce Maria tinha apenas 3 anos de idade. Traumatizado com a trag\u00e9dia, Gustavo deixou a filha no col\u00e9gio interno.<\/p>\n","protected":false},"excerpt":{"rendered":"<p>Resumo da novela \u201cCarinha De Anjo\u201d em 17\/01: no cap\u00edtulo 088(*) da novela, as novi\u00e7as terminam de arrumar a mesa do caf\u00e9 para o Padre F\u00e1bio de Melo no jardim do internato. As pequeninas vestem uma roupa especial para se apresentarem como coral. O carro com o religioso chega no col\u00e9gio e todos ficam muito [&hellip;]<\/p>\n","protected":false},"author":2,"featured_media":210453,"comment_status":"closed","ping_status":"closed","sticky":false,"template":"","format":"standard","meta":{"_genesis_hide_title":false,"_genesis_hide_breadcrumbs":false,"_genesis_hide_singular_image":false,"_genesis_hide_footer_widgets":false,"_genesis_custom_body_class":"","_genesis_custom_post_class":"","_genesis_layout":"","_jetpack_memberships_contains_paid_content":false,"footnotes":""},"categories":[452,379,2025,372,343],"tags":[441],"class_list":{"0":"post-214789","1":"post","2":"type-post","3":"status-publish","4":"format-standard","5":"has-post-thumbnail","7":"category-carinha-de-anjo","8":"category-novelas","9":"category-resumo","10":"category-sbt","11":"category-televisao","12":"tag-resumo-do-dia","13":"entry","14":"gs-1","15":"gs-odd","16":"gs-even","17":"gs-featured-content-entry"},"jetpack_featured_media_url":"https:\/\/www.redenoticia.com.br\/noticia\/imagens\/carinha-de-anjo-resumo-novela-sbt-elenco-infantil.jpeg","jetpack_sharing_enabled":true,"jetpack_likes_enabled":true,"_links":{"self":[{"href":"https:\/\/www.redenoticia.com.br\/noticia\/wp-json\/wp\/v2\/posts\/214789","targetHints":{"allow":["GET"]}}],"collection":[{"href":"https:\/\/www.redenoticia.com.br\/noticia\/wp-json\/wp\/v2\/posts"}],"about":[{"href":"https:\/\/www.redenoticia.com.br\/noticia\/wp-json\/wp\/v2\/types\/post"}],"author":[{"embeddable":true,"href":"https:\/\/www.redenoticia.com.br\/noticia\/wp-json\/wp\/v2\/users\/2"}],"replies":[{"embeddable":true,"href":"https:\/\/www.redenoticia.com.br\/noticia\/wp-json\/wp\/v2\/comments?post=214789"}],"version-history":[{"count":0,"href":"https:\/\/www.redenoticia.com.br\/noticia\/wp-json\/wp\/v2\/posts\/214789\/revisions"}],"wp:featuredmedia":[{"embeddable":true,"href":"https:\/\/www.redenoticia.com.br\/noticia\/wp-json\/wp\/v2\/media\/210453"}],"wp:attachment":[{"href":"https:\/\/www.redenoticia.com.br\/noticia\/wp-json\/wp\/v2\/media?parent=214789"}],"wp:term":[{"taxonomy":"category","embeddable":true,"href":"https:\/\/www.redenoticia.com.br\/noticia\/wp-json\/wp\/v2\/categories?post=214789"},{"taxonomy":"post_tag","embeddable":true,"href":"https:\/\/www.redenoticia.com.br\/noticia\/wp-json\/wp\/v2\/tags?post=214789"}],"curies":[{"name":"wp","href":"https:\/\/api.w.org\/{rel}","templated":true}]}}