{"id":214656,"date":"2022-01-12T12:38:12","date_gmt":"2022-01-12T15:38:12","guid":{"rendered":"https:\/\/www.redenoticia.com.br\/noticia\/?p=214656"},"modified":"2022-01-12T12:38:12","modified_gmt":"2022-01-12T15:38:12","slug":"resumo-amanha-e-para-sempre-13-01-fernanda-desmaia-ao-saber-que-eduardo-morreu","status":"publish","type":"post","link":"https:\/\/www.redenoticia.com.br\/noticia\/2022\/resumo-amanha-e-para-sempre-13-01-fernanda-desmaia-ao-saber-que-eduardo-morreu\/214656","title":{"rendered":"Resumo \u201cAmanh\u00e3 \u00e9 para sempre\u201d 13\/01: Fernanda desmaia ao saber que Eduardo morreu"},"content":{"rendered":"<p><img loading=\"lazy\" decoding=\"async\" class=\"aligncenter size-full wp-image-212995\" src=\"https:\/\/www.redenoticia.com.br\/noticia\/imagens\/amanha-e-para-sempre.jpeg\" alt=\"\" width=\"1280\" height=\"720\" srcset=\"https:\/\/www.redenoticia.com.br\/noticia\/imagens\/amanha-e-para-sempre.jpeg 1280w, https:\/\/www.redenoticia.com.br\/noticia\/imagens\/amanha-e-para-sempre-250x140.jpeg 250w, https:\/\/www.redenoticia.com.br\/noticia\/imagens\/amanha-e-para-sempre-400x225.jpeg 400w, https:\/\/www.redenoticia.com.br\/noticia\/imagens\/amanha-e-para-sempre-768x432.jpeg 768w, https:\/\/www.redenoticia.com.br\/noticia\/imagens\/amanha-e-para-sempre-150x85.jpeg 150w\" sizes=\"auto, (max-width: 1280px) 100vw, 1280px\" \/><\/p>\n<p><strong><em>Resumo da novela \u201cAmanh\u00e3 \u00e9 para sempre\u201d<\/em><\/strong> em 13\/01: no cap\u00edtulo 034(*) da novela, Graziela e Sim\u00e3o v\u00e3o at\u00e9 a cl\u00ednica para fazer Ciro assinar seu testamento deixando os dois como seus \u00fanicos herdeiros.<\/p>\n<p>Camilo fica sabendo que Augusto comprou o cavalo e, imediatamente, telefona para \u00c9rika para dizer que seu pai presenteou Franco Santoro com um cavalo como agradecimento por estar com ela. \u00c9rika se defende e chama Camilo de parasita. Indignado, ele d\u00e1 ordens a Jacinto para que fa\u00e7a um relat\u00f3rio detalhado de todos os passos de Franco Santoro.<\/p>\n<p>Fernanda recebe um telegrama de Eduardo Juarez com o n\u00famero do telefone da par\u00f3quia, onde Padre Bosco diz a Fernanda que poder\u00e1 ver Eduardo, indo at\u00e9 l\u00e1. O sacerdote diz a Eduardo que tal atitude vai contra seus princ\u00edpios, mas que vai ajud\u00e1-lo, porque n\u00e3o quer fazer parte dessa vingan\u00e7a.<\/p>\n<p>Fernanda chega na par\u00f3quia para se encontrar com Eduardo. Priscila diz a An\u00edbal que est\u00e1 gr\u00e1vida. Padre Bosco leva Fernanda at\u00e9 a cripta e diz que a \u00faltima vontade de Eduardo foi que seus restos mortais descansassem junto de sua m\u00e3e. Ao receber a not\u00edcia da morte de Eduardo, Fernanda desmaia.<\/p>\n<p>(*) edi\u00e7\u00e3o das novelas do SBT, \u201cAmanh\u00e3 \u00e9 para sempre\u201d, sujeito a altera\u00e7\u00e3o de data e conte\u00fado.<\/p>\n<p>Sinopse \u201cAmanh\u00e3 \u00e9 para sempre\u201d: Fernanda \u00e9 a filha ca\u00e7ula do fazendeiro Gon\u00e7alo Elizalde, dono de uma grande companhia leiteira, e Eduardo \u00e9 filho de Soledade, a governanta da fam\u00edlia Elizalde. As duas crian\u00e7as t\u00eam crescido juntas e unidas por um amor inocente e justo, apesar da diferen\u00e7a de classes sociais.<\/p>\n<p>Gon\u00e7alo vive feliz com sua esposa Montserrat e seus cinco filhos, sem suspeitar que um inimigo implac\u00e1vel acerca aos seus. Art\u00eamio Bravo sente um \u00f3dio intenso e amargo de Gon\u00e7alo, que tem corro\u00eddo sua mente e, sua \u00fanica meta \u00e9 destruir, lenta e dolorosamente, toda a fam\u00edlia Elizalde.<\/p>\n","protected":false},"excerpt":{"rendered":"<p>Resumo da novela \u201cAmanh\u00e3 \u00e9 para sempre\u201d em 13\/01: no cap\u00edtulo 034(*) da novela, Graziela e Sim\u00e3o v\u00e3o at\u00e9 a cl\u00ednica para fazer Ciro assinar seu testamento deixando os dois como seus \u00fanicos herdeiros. Camilo fica sabendo que Augusto comprou o cavalo e, imediatamente, telefona para \u00c9rika para dizer que seu pai presenteou Franco Santoro [&hellip;]<\/p>\n","protected":false},"author":4,"featured_media":212996,"comment_status":"closed","ping_status":"closed","sticky":false,"template":"","format":"standard","meta":{"_genesis_hide_title":false,"_genesis_hide_breadcrumbs":false,"_genesis_hide_singular_image":false,"_genesis_hide_footer_widgets":false,"_genesis_custom_body_class":"","_genesis_custom_post_class":"","_genesis_layout":"","_jetpack_memberships_contains_paid_content":false,"footnotes":""},"categories":[2228,379,2025,372,343],"tags":[441],"class_list":{"0":"post-214656","1":"post","2":"type-post","3":"status-publish","4":"format-standard","5":"has-post-thumbnail","7":"category-amanha-e-para-sempre","8":"category-novelas","9":"category-resumo","10":"category-sbt","11":"category-televisao","12":"tag-resumo-do-dia","13":"entry","14":"gs-1","15":"gs-odd","16":"gs-even","17":"gs-featured-content-entry"},"jetpack_featured_media_url":"https:\/\/www.redenoticia.com.br\/noticia\/imagens\/amanha-e-para-sempre-sbt-resumo-sinopse-logo.jpeg","jetpack_sharing_enabled":true,"jetpack_likes_enabled":true,"_links":{"self":[{"href":"https:\/\/www.redenoticia.com.br\/noticia\/wp-json\/wp\/v2\/posts\/214656","targetHints":{"allow":["GET"]}}],"collection":[{"href":"https:\/\/www.redenoticia.com.br\/noticia\/wp-json\/wp\/v2\/posts"}],"about":[{"href":"https:\/\/www.redenoticia.com.br\/noticia\/wp-json\/wp\/v2\/types\/post"}],"author":[{"embeddable":true,"href":"https:\/\/www.redenoticia.com.br\/noticia\/wp-json\/wp\/v2\/users\/4"}],"replies":[{"embeddable":true,"href":"https:\/\/www.redenoticia.com.br\/noticia\/wp-json\/wp\/v2\/comments?post=214656"}],"version-history":[{"count":0,"href":"https:\/\/www.redenoticia.com.br\/noticia\/wp-json\/wp\/v2\/posts\/214656\/revisions"}],"wp:featuredmedia":[{"embeddable":true,"href":"https:\/\/www.redenoticia.com.br\/noticia\/wp-json\/wp\/v2\/media\/212996"}],"wp:attachment":[{"href":"https:\/\/www.redenoticia.com.br\/noticia\/wp-json\/wp\/v2\/media?parent=214656"}],"wp:term":[{"taxonomy":"category","embeddable":true,"href":"https:\/\/www.redenoticia.com.br\/noticia\/wp-json\/wp\/v2\/categories?post=214656"},{"taxonomy":"post_tag","embeddable":true,"href":"https:\/\/www.redenoticia.com.br\/noticia\/wp-json\/wp\/v2\/tags?post=214656"}],"curies":[{"name":"wp","href":"https:\/\/api.w.org\/{rel}","templated":true}]}}