{"id":214611,"date":"2022-01-11T12:54:16","date_gmt":"2022-01-11T15:54:16","guid":{"rendered":"https:\/\/www.redenoticia.com.br\/noticia\/?p=214611"},"modified":"2022-01-11T12:54:16","modified_gmt":"2022-01-11T15:54:16","slug":"resumo-amanha-e-para-sempre-12-01-eduardo-conta-seu-segredo-para-marina","status":"publish","type":"post","link":"https:\/\/www.redenoticia.com.br\/noticia\/2022\/resumo-amanha-e-para-sempre-12-01-eduardo-conta-seu-segredo-para-marina\/214611","title":{"rendered":"Resumo \u201cAmanh\u00e3 \u00e9 para sempre\u201d 12\/01: Eduardo conta seu segredo para Marina"},"content":{"rendered":"<p><img loading=\"lazy\" decoding=\"async\" class=\"aligncenter size-full wp-image-212995\" src=\"https:\/\/www.redenoticia.com.br\/noticia\/imagens\/amanha-e-para-sempre.jpeg\" alt=\"\" width=\"1280\" height=\"720\" srcset=\"https:\/\/www.redenoticia.com.br\/noticia\/imagens\/amanha-e-para-sempre.jpeg 1280w, https:\/\/www.redenoticia.com.br\/noticia\/imagens\/amanha-e-para-sempre-250x140.jpeg 250w, https:\/\/www.redenoticia.com.br\/noticia\/imagens\/amanha-e-para-sempre-400x225.jpeg 400w, https:\/\/www.redenoticia.com.br\/noticia\/imagens\/amanha-e-para-sempre-768x432.jpeg 768w, https:\/\/www.redenoticia.com.br\/noticia\/imagens\/amanha-e-para-sempre-150x85.jpeg 150w\" sizes=\"auto, (max-width: 1280px) 100vw, 1280px\" \/><\/p>\n<p><strong><em>Resumo da novela \u201cAmanh\u00e3 \u00e9 para sempre\u201d<\/em><\/strong> em 12\/01: no cap\u00edtulo 033(*) da novela, L\u00facio e Jairo invadem a casa de Margarida \u00e0 procura de Marina e Liliana. Jairo tenta agredir Margarida, mas \u00e9 impedido por Jacinto.<\/p>\n<p>Fernanda pergunta a Liliana como \u00e9 Eduardo. Liliana questiona o porqu\u00ea da pergunta, uma vez que ela o conhece t\u00e3o bem, que est\u00e1 apaixonada e afirma que recebe a visita de Eduardo todos os dias. Oregon tenta convencer Fernanda de que Liliana est\u00e1 delirando. Liliana conta para Fernanda que Eduardo lhe confessou que ainda a ama. Eduardo revela a Marina sua verdadeira identidade, diz que adotou a identidade de Franco Santoro para fazer justi\u00e7a e pede a ela que guarde seu segredo.<\/p>\n<p>Eduardo diz ao Dr. Oregon que Marina ficar\u00e1 respons\u00e1vel por Liliana 24 horas por dia e amea\u00e7a denunciar as irregularidades da cl\u00ednica caso tente separ\u00e1-las. Gard\u00eania pede ajuda a Eduardo para tirar L\u00facio da casa de Soledade. Jacinto comenta com Eduardo que L\u00facio e Jairo foram at\u00e9 sua casa procurar por Liliana e diz que Fernanda est\u00e1 convencida de que ele est\u00e1 no povoado.<\/p>\n<p>Eduardo responde que por enquanto precisa manter a identidade de Franco Santoro para descobrir quem est\u00e1 por traz de B\u00e1rbara Greco, mas que Fernanda ter\u00e1 not\u00edcias de Eduardo Juarez.<\/p>\n<p>(*) edi\u00e7\u00e3o das novelas do SBT, \u201cAmanh\u00e3 \u00e9 para sempre\u201d, sujeito a altera\u00e7\u00e3o de data e conte\u00fado.<\/p>\n<p>Sinopse \u201cAmanh\u00e3 \u00e9 para sempre\u201d: Fernanda \u00e9 a filha ca\u00e7ula do fazendeiro Gon\u00e7alo Elizalde, dono de uma grande companhia leiteira, e Eduardo \u00e9 filho de Soledade, a governanta da fam\u00edlia Elizalde. As duas crian\u00e7as t\u00eam crescido juntas e unidas por um amor inocente e justo, apesar da diferen\u00e7a de classes sociais.<\/p>\n<p>Gon\u00e7alo vive feliz com sua esposa Montserrat e seus cinco filhos, sem suspeitar que um inimigo implac\u00e1vel acerca aos seus. Art\u00eamio Bravo sente um \u00f3dio intenso e amargo de Gon\u00e7alo, que tem corro\u00eddo sua mente e, sua \u00fanica meta \u00e9 destruir, lenta e dolorosamente, toda a fam\u00edlia Elizalde.<\/p>\n","protected":false},"excerpt":{"rendered":"<p>Resumo da novela \u201cAmanh\u00e3 \u00e9 para sempre\u201d em 12\/01: no cap\u00edtulo 033(*) da novela, L\u00facio e Jairo invadem a casa de Margarida \u00e0 procura de Marina e Liliana. Jairo tenta agredir Margarida, mas \u00e9 impedido por Jacinto. Fernanda pergunta a Liliana como \u00e9 Eduardo. Liliana questiona o porqu\u00ea da pergunta, uma vez que ela o [&hellip;]<\/p>\n","protected":false},"author":4,"featured_media":212996,"comment_status":"closed","ping_status":"closed","sticky":false,"template":"","format":"standard","meta":{"_genesis_hide_title":false,"_genesis_hide_breadcrumbs":false,"_genesis_hide_singular_image":false,"_genesis_hide_footer_widgets":false,"_genesis_custom_body_class":"","_genesis_custom_post_class":"","_genesis_layout":"","_jetpack_memberships_contains_paid_content":false,"footnotes":""},"categories":[2228,379,2025,372,343],"tags":[441],"class_list":{"0":"post-214611","1":"post","2":"type-post","3":"status-publish","4":"format-standard","5":"has-post-thumbnail","7":"category-amanha-e-para-sempre","8":"category-novelas","9":"category-resumo","10":"category-sbt","11":"category-televisao","12":"tag-resumo-do-dia","13":"entry","14":"gs-1","15":"gs-odd","16":"gs-even","17":"gs-featured-content-entry"},"jetpack_featured_media_url":"https:\/\/www.redenoticia.com.br\/noticia\/imagens\/amanha-e-para-sempre-sbt-resumo-sinopse-logo.jpeg","jetpack_sharing_enabled":true,"jetpack_likes_enabled":true,"_links":{"self":[{"href":"https:\/\/www.redenoticia.com.br\/noticia\/wp-json\/wp\/v2\/posts\/214611","targetHints":{"allow":["GET"]}}],"collection":[{"href":"https:\/\/www.redenoticia.com.br\/noticia\/wp-json\/wp\/v2\/posts"}],"about":[{"href":"https:\/\/www.redenoticia.com.br\/noticia\/wp-json\/wp\/v2\/types\/post"}],"author":[{"embeddable":true,"href":"https:\/\/www.redenoticia.com.br\/noticia\/wp-json\/wp\/v2\/users\/4"}],"replies":[{"embeddable":true,"href":"https:\/\/www.redenoticia.com.br\/noticia\/wp-json\/wp\/v2\/comments?post=214611"}],"version-history":[{"count":0,"href":"https:\/\/www.redenoticia.com.br\/noticia\/wp-json\/wp\/v2\/posts\/214611\/revisions"}],"wp:featuredmedia":[{"embeddable":true,"href":"https:\/\/www.redenoticia.com.br\/noticia\/wp-json\/wp\/v2\/media\/212996"}],"wp:attachment":[{"href":"https:\/\/www.redenoticia.com.br\/noticia\/wp-json\/wp\/v2\/media?parent=214611"}],"wp:term":[{"taxonomy":"category","embeddable":true,"href":"https:\/\/www.redenoticia.com.br\/noticia\/wp-json\/wp\/v2\/categories?post=214611"},{"taxonomy":"post_tag","embeddable":true,"href":"https:\/\/www.redenoticia.com.br\/noticia\/wp-json\/wp\/v2\/tags?post=214611"}],"curies":[{"name":"wp","href":"https:\/\/api.w.org\/{rel}","templated":true}]}}