{"id":214568,"date":"2022-01-10T12:05:06","date_gmt":"2022-01-10T15:05:06","guid":{"rendered":"https:\/\/www.redenoticia.com.br\/noticia\/?p=214568"},"modified":"2022-01-10T12:05:06","modified_gmt":"2022-01-10T15:05:06","slug":"resumo-amanha-e-para-sempre-11-01-liliana-volta-para-a-clinica","status":"publish","type":"post","link":"https:\/\/www.redenoticia.com.br\/noticia\/2022\/resumo-amanha-e-para-sempre-11-01-liliana-volta-para-a-clinica\/214568","title":{"rendered":"Resumo \u201cAmanh\u00e3 \u00e9 para sempre\u201d 11\/01: Liliana volta para a cl\u00ednica"},"content":{"rendered":"<p><img loading=\"lazy\" decoding=\"async\" class=\"aligncenter size-full wp-image-212995\" src=\"https:\/\/www.redenoticia.com.br\/noticia\/imagens\/amanha-e-para-sempre.jpeg\" alt=\"\" width=\"1280\" height=\"720\" srcset=\"https:\/\/www.redenoticia.com.br\/noticia\/imagens\/amanha-e-para-sempre.jpeg 1280w, https:\/\/www.redenoticia.com.br\/noticia\/imagens\/amanha-e-para-sempre-250x140.jpeg 250w, https:\/\/www.redenoticia.com.br\/noticia\/imagens\/amanha-e-para-sempre-400x225.jpeg 400w, https:\/\/www.redenoticia.com.br\/noticia\/imagens\/amanha-e-para-sempre-768x432.jpeg 768w, https:\/\/www.redenoticia.com.br\/noticia\/imagens\/amanha-e-para-sempre-150x85.jpeg 150w\" sizes=\"auto, (max-width: 1280px) 100vw, 1280px\" \/><\/p>\n<p><strong><em>Resumo da novela \u201cAmanh\u00e3 \u00e9 para sempre\u201d<\/em><\/strong> em 11\/01: no cap\u00edtulo 032(*) da novela, Fernanda critica o pai por ter tirado suas pr\u00f3prias conclus\u00f5es e a ela mesma por n\u00e3o ter defendido Eduardo. E diz que agora ele est\u00e1 no direito de agir segundo sua pr\u00f3pria consci\u00eancia.<\/p>\n<p>Eduardo telefona para Steve, comunica a fuga de Liliana e diz que ela sabe sua verdadeira identidade e que, por isso, se ela comentar com algu\u00e9m, seu plano de destruir B\u00e1rbara n\u00e3o ser\u00e1 mais poss\u00edvel. Steve tenta tranquiliz\u00e1-lo. Fernanda diz a B\u00e1rbara que vai visitar Liliana e deixa a madrasta perplexa ao comentar que Eduardo j\u00e1 foi v\u00ea-la v\u00e1rias vezes. Marina e Liliana est\u00e3o perto da fazenda dos Elizalde, mas Jacinto as encontra e n\u00e3o permite que se aproximem.<\/p>\n<p>Jacinto leva Marina e Liliana para a casa de Margarida e l\u00e1 encontram Eduardo. Ele explica que a chegada de seus irm\u00e3os foi uma coincid\u00eancia e que vai cuidar dela como sua m\u00e3e pediu. Liliana pede a ele que ajude Ciro. Eduardo conta que a explos\u00e3o na cl\u00ednica foi provocada por Ciro, para que ela pudesse fugir. Adriano fica furioso quando Fernanda diz que, antes da viagem de lua de mel, quer se encontrar com Eduardo. Liliana volta \u00e0 cl\u00ednica acompanhada por Eduardo e l\u00e1 encontra Fernanda e Adriano.<\/p>\n<p>Eduardo conversa com o m\u00e9dico e diz estar ciente de que Ciro provocou a explos\u00e3o para evitar que Liliana continuasse a ser submetida aos eletrochoques e amea\u00e7a denunci\u00e1-los, caso continuem a agir de maneira irrespons\u00e1vel. Fernanda faz perguntas a Liliana. O m\u00e9dico diz para Fernanda que Liliana n\u00e3o pode falar, mas \u00e9 desmentido por ela mesma, afirmando que n\u00e3o responde porque n\u00e3o quer.<\/p>\n<p>(*) edi\u00e7\u00e3o das novelas do SBT, \u201cAmanh\u00e3 \u00e9 para sempre\u201d, sujeito a altera\u00e7\u00e3o de data e conte\u00fado.<\/p>\n<p>Sinopse \u201cAmanh\u00e3 \u00e9 para sempre\u201d: Fernanda \u00e9 a filha ca\u00e7ula do fazendeiro Gon\u00e7alo Elizalde, dono de uma grande companhia leiteira, e Eduardo \u00e9 filho de Soledade, a governanta da fam\u00edlia Elizalde. As duas crian\u00e7as t\u00eam crescido juntas e unidas por um amor inocente e justo, apesar da diferen\u00e7a de classes sociais.<\/p>\n<p>Gon\u00e7alo vive feliz com sua esposa Montserrat e seus cinco filhos, sem suspeitar que um inimigo implac\u00e1vel acerca aos seus. Art\u00eamio Bravo sente um \u00f3dio intenso e amargo de Gon\u00e7alo, que tem corro\u00eddo sua mente e, sua \u00fanica meta \u00e9 destruir, lenta e dolorosamente, toda a fam\u00edlia Elizalde. <\/p>\n","protected":false},"excerpt":{"rendered":"<p>Resumo da novela \u201cAmanh\u00e3 \u00e9 para sempre\u201d em 11\/01: no cap\u00edtulo 032(*) da novela, Fernanda critica o pai por ter tirado suas pr\u00f3prias conclus\u00f5es e a ela mesma por n\u00e3o ter defendido Eduardo. E diz que agora ele est\u00e1 no direito de agir segundo sua pr\u00f3pria consci\u00eancia. Eduardo telefona para Steve, comunica a fuga de [&hellip;]<\/p>\n","protected":false},"author":4,"featured_media":212996,"comment_status":"closed","ping_status":"closed","sticky":false,"template":"","format":"standard","meta":{"_genesis_hide_title":false,"_genesis_hide_breadcrumbs":false,"_genesis_hide_singular_image":false,"_genesis_hide_footer_widgets":false,"_genesis_custom_body_class":"","_genesis_custom_post_class":"","_genesis_layout":"","_jetpack_memberships_contains_paid_content":false,"footnotes":""},"categories":[2228,379,2025,372,343],"tags":[441],"class_list":{"0":"post-214568","1":"post","2":"type-post","3":"status-publish","4":"format-standard","5":"has-post-thumbnail","7":"category-amanha-e-para-sempre","8":"category-novelas","9":"category-resumo","10":"category-sbt","11":"category-televisao","12":"tag-resumo-do-dia","13":"entry","14":"gs-1","15":"gs-odd","16":"gs-even","17":"gs-featured-content-entry"},"jetpack_featured_media_url":"https:\/\/www.redenoticia.com.br\/noticia\/imagens\/amanha-e-para-sempre-sbt-resumo-sinopse-logo.jpeg","jetpack_sharing_enabled":true,"jetpack_likes_enabled":true,"_links":{"self":[{"href":"https:\/\/www.redenoticia.com.br\/noticia\/wp-json\/wp\/v2\/posts\/214568","targetHints":{"allow":["GET"]}}],"collection":[{"href":"https:\/\/www.redenoticia.com.br\/noticia\/wp-json\/wp\/v2\/posts"}],"about":[{"href":"https:\/\/www.redenoticia.com.br\/noticia\/wp-json\/wp\/v2\/types\/post"}],"author":[{"embeddable":true,"href":"https:\/\/www.redenoticia.com.br\/noticia\/wp-json\/wp\/v2\/users\/4"}],"replies":[{"embeddable":true,"href":"https:\/\/www.redenoticia.com.br\/noticia\/wp-json\/wp\/v2\/comments?post=214568"}],"version-history":[{"count":0,"href":"https:\/\/www.redenoticia.com.br\/noticia\/wp-json\/wp\/v2\/posts\/214568\/revisions"}],"wp:featuredmedia":[{"embeddable":true,"href":"https:\/\/www.redenoticia.com.br\/noticia\/wp-json\/wp\/v2\/media\/212996"}],"wp:attachment":[{"href":"https:\/\/www.redenoticia.com.br\/noticia\/wp-json\/wp\/v2\/media?parent=214568"}],"wp:term":[{"taxonomy":"category","embeddable":true,"href":"https:\/\/www.redenoticia.com.br\/noticia\/wp-json\/wp\/v2\/categories?post=214568"},{"taxonomy":"post_tag","embeddable":true,"href":"https:\/\/www.redenoticia.com.br\/noticia\/wp-json\/wp\/v2\/tags?post=214568"}],"curies":[{"name":"wp","href":"https:\/\/api.w.org\/{rel}","templated":true}]}}