{"id":214032,"date":"2021-12-26T22:41:46","date_gmt":"2021-12-27T01:41:46","guid":{"rendered":"https:\/\/www.redenoticia.com.br\/noticia\/?p=214032"},"modified":"2021-12-26T22:41:46","modified_gmt":"2021-12-27T01:41:46","slug":"resumo-amanha-e-para-sempre-27-12-aurora-surpreende-adriano-e-rebeca-juntos","status":"publish","type":"post","link":"https:\/\/www.redenoticia.com.br\/noticia\/2021\/resumo-amanha-e-para-sempre-27-12-aurora-surpreende-adriano-e-rebeca-juntos\/214032","title":{"rendered":"Resumo \u201cAmanh\u00e3 \u00e9 para sempre\u201d 27\/12: Aurora surpreende Adriano e Rebeca juntos"},"content":{"rendered":"<p> <img loading=\"lazy\" decoding=\"async\" class=\"aligncenter size-full wp-image-212995\" src=\"https:\/\/www.redenoticia.com.br\/noticia\/imagens\/amanha-e-para-sempre.jpeg\" alt=\"\" width=\"1280\" height=\"720\" srcset=\"https:\/\/www.redenoticia.com.br\/noticia\/imagens\/amanha-e-para-sempre.jpeg 1280w, https:\/\/www.redenoticia.com.br\/noticia\/imagens\/amanha-e-para-sempre-250x140.jpeg 250w, https:\/\/www.redenoticia.com.br\/noticia\/imagens\/amanha-e-para-sempre-400x225.jpeg 400w, https:\/\/www.redenoticia.com.br\/noticia\/imagens\/amanha-e-para-sempre-768x432.jpeg 768w, https:\/\/www.redenoticia.com.br\/noticia\/imagens\/amanha-e-para-sempre-150x85.jpeg 150w\" sizes=\"auto, (max-width: 1280px) 100vw, 1280px\" \/><\/p>\n<p><strong><em>Resumo da novela \u201cAmanh\u00e3 \u00e9 para sempre\u201d<\/em><\/strong> em 27\/12: no cap\u00edtulo 021(*) da novela, Camilo fica furioso porque Fernanda o impediu de continuar a agress\u00e3o a Jacinto, a quem culpa pelo acidente sofrido por sua amiga. Fernanda o responsabiliza por ter destru\u00eddo a vida de \u00c9rika e deixa claro que n\u00e3o vai permitir que fa\u00e7a o mesmo com outras pessoas.<\/p>\n<p>Aurora surpreende Adriano e Rebeca fazendo amor. Plutarco tenta convencer Liliana de que \u00e9 seu amigo para ganhar sua confian\u00e7a e descobrir o que conversou com Fernanda, por\u00e9m Liliana desconfia e n\u00e3o diz nada. Para se vingar da surra que levou de Camilo, \u00c9rika prop\u00f5e a Eduardo (Franco Santoro) que a acompanhe at\u00e9 a fazenda dos Elizalde como se fossem namorados.<\/p>\n<p>Eduardo aceita acompanh\u00e1-la e diz que sabe muito bem o que \u00e9 ser humilhado. Fernanda pergunta a Jacinto se Eduardo est\u00e1 no povoado, mas ele nega. Ela insiste que precisa entrar em contato com ele para informar que os restos mortais de sua m\u00e3e ir\u00e3o para o Mausol\u00e9u da fam\u00edlia Elizalde. Ciro paga para que Agripina permita que Liliana fale com sua irm\u00e3 Fernanda e pe\u00e7a a ela que n\u00e3o se case com Dami\u00e3o pois ela e Eduardo se amam. Plutarco d\u00e1 flores a Liliana e pergunta sobre o que falou com sua irm\u00e3.<\/p>\n<p>(*) edi\u00e7\u00e3o das novelas do SBT, \u201cAmanh\u00e3 \u00e9 para sempre\u201d, sujeito a altera\u00e7\u00e3o de data e conte\u00fado.<\/p>\n<p>Sinopse \u201cAmanh\u00e3 \u00e9 para sempre\u201d: Fernanda \u00e9 a filha ca\u00e7ula do fazendeiro Gon\u00e7alo Elizalde, dono de uma grande companhia leiteira, e Eduardo \u00e9 filho de Soledade, a governanta da fam\u00edlia Elizalde. As duas crian\u00e7as t\u00eam crescido juntas e unidas por um amor inocente e justo, apesar da diferen\u00e7a de classes sociais.<\/p>\n<p>Gon\u00e7alo vive feliz com sua esposa Montserrat e seus cinco filhos, sem suspeitar que um inimigo implac\u00e1vel acerca aos seus. Art\u00eamio Bravo sente um \u00f3dio intenso e amargo de Gon\u00e7alo, que tem corro\u00eddo sua mente e, sua \u00fanica meta \u00e9 destruir, lenta e dolorosamente, toda a fam\u00edlia Elizalde.<\/p>\n","protected":false},"excerpt":{"rendered":"<p>Resumo da novela \u201cAmanh\u00e3 \u00e9 para sempre\u201d em 27\/12: no cap\u00edtulo 021(*) da novela, Camilo fica furioso porque Fernanda o impediu de continuar a agress\u00e3o a Jacinto, a quem culpa pelo acidente sofrido por sua amiga. Fernanda o responsabiliza por ter destru\u00eddo a vida de \u00c9rika e deixa claro que n\u00e3o vai permitir que fa\u00e7a [&hellip;]<\/p>\n","protected":false},"author":2,"featured_media":212996,"comment_status":"closed","ping_status":"closed","sticky":false,"template":"","format":"standard","meta":{"_genesis_hide_title":false,"_genesis_hide_breadcrumbs":false,"_genesis_hide_singular_image":false,"_genesis_hide_footer_widgets":false,"_genesis_custom_body_class":"","_genesis_custom_post_class":"","_genesis_layout":"","_jetpack_memberships_contains_paid_content":false,"footnotes":""},"categories":[2228,379,2025,372,343],"tags":[441],"class_list":{"0":"post-214032","1":"post","2":"type-post","3":"status-publish","4":"format-standard","5":"has-post-thumbnail","7":"category-amanha-e-para-sempre","8":"category-novelas","9":"category-resumo","10":"category-sbt","11":"category-televisao","12":"tag-resumo-do-dia","13":"entry","14":"gs-1","15":"gs-odd","16":"gs-even","17":"gs-featured-content-entry"},"jetpack_featured_media_url":"https:\/\/www.redenoticia.com.br\/noticia\/imagens\/amanha-e-para-sempre-sbt-resumo-sinopse-logo.jpeg","jetpack_sharing_enabled":true,"jetpack_likes_enabled":true,"_links":{"self":[{"href":"https:\/\/www.redenoticia.com.br\/noticia\/wp-json\/wp\/v2\/posts\/214032","targetHints":{"allow":["GET"]}}],"collection":[{"href":"https:\/\/www.redenoticia.com.br\/noticia\/wp-json\/wp\/v2\/posts"}],"about":[{"href":"https:\/\/www.redenoticia.com.br\/noticia\/wp-json\/wp\/v2\/types\/post"}],"author":[{"embeddable":true,"href":"https:\/\/www.redenoticia.com.br\/noticia\/wp-json\/wp\/v2\/users\/2"}],"replies":[{"embeddable":true,"href":"https:\/\/www.redenoticia.com.br\/noticia\/wp-json\/wp\/v2\/comments?post=214032"}],"version-history":[{"count":0,"href":"https:\/\/www.redenoticia.com.br\/noticia\/wp-json\/wp\/v2\/posts\/214032\/revisions"}],"wp:featuredmedia":[{"embeddable":true,"href":"https:\/\/www.redenoticia.com.br\/noticia\/wp-json\/wp\/v2\/media\/212996"}],"wp:attachment":[{"href":"https:\/\/www.redenoticia.com.br\/noticia\/wp-json\/wp\/v2\/media?parent=214032"}],"wp:term":[{"taxonomy":"category","embeddable":true,"href":"https:\/\/www.redenoticia.com.br\/noticia\/wp-json\/wp\/v2\/categories?post=214032"},{"taxonomy":"post_tag","embeddable":true,"href":"https:\/\/www.redenoticia.com.br\/noticia\/wp-json\/wp\/v2\/tags?post=214032"}],"curies":[{"name":"wp","href":"https:\/\/api.w.org\/{rel}","templated":true}]}}