{"id":213858,"date":"2021-12-20T13:31:11","date_gmt":"2021-12-20T16:31:11","guid":{"rendered":"https:\/\/www.redenoticia.com.br\/noticia\/?p=213858"},"modified":"2021-12-20T13:31:11","modified_gmt":"2021-12-20T16:31:11","slug":"resumo-amanha-e-para-sempre-21-12-fernanda-quer-colocar-os-restos-mortais-de-soledade-no-jazigo-da-familia-elizalde","status":"publish","type":"post","link":"https:\/\/www.redenoticia.com.br\/noticia\/2021\/resumo-amanha-e-para-sempre-21-12-fernanda-quer-colocar-os-restos-mortais-de-soledade-no-jazigo-da-familia-elizalde\/213858","title":{"rendered":"Resumo \u201cAmanh\u00e3 \u00e9 para sempre\u201d 21\/12: Fernanda quer colocar os restos mortais de Soledade no jazigo da fam\u00edlia Elizalde"},"content":{"rendered":"<p><img loading=\"lazy\" decoding=\"async\" class=\"aligncenter size-full wp-image-212995\" src=\"https:\/\/www.redenoticia.com.br\/noticia\/imagens\/amanha-e-para-sempre.jpeg\" alt=\"\" width=\"1280\" height=\"720\" srcset=\"https:\/\/www.redenoticia.com.br\/noticia\/imagens\/amanha-e-para-sempre.jpeg 1280w, https:\/\/www.redenoticia.com.br\/noticia\/imagens\/amanha-e-para-sempre-250x140.jpeg 250w, https:\/\/www.redenoticia.com.br\/noticia\/imagens\/amanha-e-para-sempre-400x225.jpeg 400w, https:\/\/www.redenoticia.com.br\/noticia\/imagens\/amanha-e-para-sempre-768x432.jpeg 768w, https:\/\/www.redenoticia.com.br\/noticia\/imagens\/amanha-e-para-sempre-150x85.jpeg 150w\" sizes=\"auto, (max-width: 1280px) 100vw, 1280px\" \/><\/p>\n<p><strong><em>Resumo da novela \u201cAmanh\u00e3 \u00e9 para sempre\u201d<\/em><\/strong> em 21\/12: no cap\u00edtulo 017(*) da novela, Priscila e An\u00edbal conseguem deter Camilo que est\u00e1 espancando \u00c9rika. Fernanda comenta com o pai que faz tr\u00eas dias do falecimento de Soledade e ningu\u00e9m lhe disse nada. Gon\u00e7alo responde que B\u00e1rbara vai lhe explicar tudo. Eduardo encontra \u00c9rika machucada e inconsciente.<\/p>\n<p>Fernanda pede a Jacinto que explique o motivo pelo qual n\u00e3o a avisou da morte de sua bab\u00e1. Jacinto lembra que Eduardo disse que, por enquanto, deveriam cumprir as ordens de B\u00e1rbara e diz a Fernanda que Soledade os fez jurar que n\u00e3o contariam nada a ela nem a seu pai para n\u00e3o atrapalhar a festa do casamento. Ele conta tamb\u00e9m que falaram com B\u00e1rbara e ela decidiu que se cumprisse a \u00faltima vontade de Soledade. An\u00edbal diz ao pai que Adriano precisa viajar a Nova Iorque para uma reuni\u00e3o com o vice-presidente da Power Milk, o chefe de Franco Santoro.<\/p>\n<p>Esteves diz a Eduardo que se encarregar\u00e1 de manter Adriano distra\u00eddo e, brincando, diz que conseguiram acabar com a lua de mel do casal. Adriano tenta cancelar o compromisso e diz a Gon\u00e7alo que n\u00e3o pode viajar a Nova Iorque porque vai viajar em lua de mel. Fernanda, ainda muito abalada com a morte de Soledade, diz que n\u00e3o pretende viajar porque vai se ocupar de que os restos mortais de sua bab\u00e1 descansem no jazigo da fam\u00edlia Elizalde. Todos ficam surpresos com a decis\u00e3o de Fernanda. B\u00e1rbara fica furiosa.<\/p>\n<p>(*) edi\u00e7\u00e3o das novelas do SBT, \u201cAmanh\u00e3 \u00e9 para sempre\u201d, sujeito a altera\u00e7\u00e3o de data e conte\u00fado.<\/p>\n<p>Sinopse \u201cAmanh\u00e3 \u00e9 para sempre\u201d: Fernanda \u00e9 a filha ca\u00e7ula do fazendeiro Gon\u00e7alo Elizalde, dono de uma grande companhia leiteira, e Eduardo \u00e9 filho de Soledade, a governanta da fam\u00edlia Elizalde. As duas crian\u00e7as t\u00eam crescido juntas e unidas por um amor inocente e justo, apesar da diferen\u00e7a de classes sociais.<\/p>\n<p>Gon\u00e7alo vive feliz com sua esposa Montserrat e seus cinco filhos, sem suspeitar que um inimigo implac\u00e1vel acerca aos seus. Art\u00eamio Bravo sente um \u00f3dio intenso e amargo de Gon\u00e7alo, que tem corro\u00eddo sua mente e, sua \u00fanica meta \u00e9 destruir, lenta e dolorosamente, toda a fam\u00edlia Elizalde.<\/p>\n","protected":false},"excerpt":{"rendered":"<p>Resumo da novela \u201cAmanh\u00e3 \u00e9 para sempre\u201d em 21\/12: no cap\u00edtulo 017(*) da novela, Priscila e An\u00edbal conseguem deter Camilo que est\u00e1 espancando \u00c9rika. Fernanda comenta com o pai que faz tr\u00eas dias do falecimento de Soledade e ningu\u00e9m lhe disse nada. Gon\u00e7alo responde que B\u00e1rbara vai lhe explicar tudo. Eduardo encontra \u00c9rika machucada e [&hellip;]<\/p>\n","protected":false},"author":4,"featured_media":212996,"comment_status":"closed","ping_status":"closed","sticky":false,"template":"","format":"standard","meta":{"_genesis_hide_title":false,"_genesis_hide_breadcrumbs":false,"_genesis_hide_singular_image":false,"_genesis_hide_footer_widgets":false,"_genesis_custom_body_class":"","_genesis_custom_post_class":"","_genesis_layout":"","_jetpack_memberships_contains_paid_content":false,"footnotes":""},"categories":[2228,379,2025,372,343],"tags":[441],"class_list":{"0":"post-213858","1":"post","2":"type-post","3":"status-publish","4":"format-standard","5":"has-post-thumbnail","7":"category-amanha-e-para-sempre","8":"category-novelas","9":"category-resumo","10":"category-sbt","11":"category-televisao","12":"tag-resumo-do-dia","13":"entry","14":"gs-1","15":"gs-odd","16":"gs-even","17":"gs-featured-content-entry"},"jetpack_featured_media_url":"https:\/\/www.redenoticia.com.br\/noticia\/imagens\/amanha-e-para-sempre-sbt-resumo-sinopse-logo.jpeg","jetpack_sharing_enabled":true,"jetpack_likes_enabled":true,"_links":{"self":[{"href":"https:\/\/www.redenoticia.com.br\/noticia\/wp-json\/wp\/v2\/posts\/213858","targetHints":{"allow":["GET"]}}],"collection":[{"href":"https:\/\/www.redenoticia.com.br\/noticia\/wp-json\/wp\/v2\/posts"}],"about":[{"href":"https:\/\/www.redenoticia.com.br\/noticia\/wp-json\/wp\/v2\/types\/post"}],"author":[{"embeddable":true,"href":"https:\/\/www.redenoticia.com.br\/noticia\/wp-json\/wp\/v2\/users\/4"}],"replies":[{"embeddable":true,"href":"https:\/\/www.redenoticia.com.br\/noticia\/wp-json\/wp\/v2\/comments?post=213858"}],"version-history":[{"count":0,"href":"https:\/\/www.redenoticia.com.br\/noticia\/wp-json\/wp\/v2\/posts\/213858\/revisions"}],"wp:featuredmedia":[{"embeddable":true,"href":"https:\/\/www.redenoticia.com.br\/noticia\/wp-json\/wp\/v2\/media\/212996"}],"wp:attachment":[{"href":"https:\/\/www.redenoticia.com.br\/noticia\/wp-json\/wp\/v2\/media?parent=213858"}],"wp:term":[{"taxonomy":"category","embeddable":true,"href":"https:\/\/www.redenoticia.com.br\/noticia\/wp-json\/wp\/v2\/categories?post=213858"},{"taxonomy":"post_tag","embeddable":true,"href":"https:\/\/www.redenoticia.com.br\/noticia\/wp-json\/wp\/v2\/tags?post=213858"}],"curies":[{"name":"wp","href":"https:\/\/api.w.org\/{rel}","templated":true}]}}