{"id":213641,"date":"2021-12-14T12:53:04","date_gmt":"2021-12-14T15:53:04","guid":{"rendered":"https:\/\/www.redenoticia.com.br\/noticia\/?p=213641"},"modified":"2021-12-14T12:53:04","modified_gmt":"2021-12-14T15:53:04","slug":"resumo-carinha-de-anjo-15-12-frida-e-barbara-descobrem-que-o-comercial-de-dulce-e-um-sucesso","status":"publish","type":"post","link":"https:\/\/www.redenoticia.com.br\/noticia\/2021\/resumo-carinha-de-anjo-15-12-frida-e-barbara-descobrem-que-o-comercial-de-dulce-e-um-sucesso\/213641","title":{"rendered":"Resumo \u201cCarinha De Anjo\u201d 15\/12: Frida e B\u00e1rbara descobrem que o comercial de Dulce \u00e9 um sucesso"},"content":{"rendered":"<p><img loading=\"lazy\" decoding=\"async\" class=\"aligncenter size-full wp-image-210452\" src=\"https:\/\/www.redenoticia.com.br\/noticia\/imagens\/carinha-de-anjo-novela-sbt-elenco-infantil.jpeg\" alt=\"\" width=\"1280\" height=\"720\" srcset=\"https:\/\/www.redenoticia.com.br\/noticia\/imagens\/carinha-de-anjo-novela-sbt-elenco-infantil.jpeg 1280w, https:\/\/www.redenoticia.com.br\/noticia\/imagens\/carinha-de-anjo-novela-sbt-elenco-infantil-250x140.jpeg 250w, https:\/\/www.redenoticia.com.br\/noticia\/imagens\/carinha-de-anjo-novela-sbt-elenco-infantil-400x225.jpeg 400w, https:\/\/www.redenoticia.com.br\/noticia\/imagens\/carinha-de-anjo-novela-sbt-elenco-infantil-768x432.jpeg 768w, https:\/\/www.redenoticia.com.br\/noticia\/imagens\/carinha-de-anjo-novela-sbt-elenco-infantil-150x85.jpeg 150w\" sizes=\"auto, (max-width: 1280px) 100vw, 1280px\" \/><\/p>\n<p><strong><em>Resumo da novela \u201cCarinha De Anjo\u201d<\/em><\/strong> em 15\/12: no cap\u00edtulo 060(*) da novela, acontece a aguardada estreia do comercial de Nicole com Dulce Maria na televis\u00e3o. Irm\u00e3 Cec\u00edlia assiste ao comercial e fica triste. Diana conversa com Cec\u00edlia, que chora. Gustavo telefona para casa de In\u00e1cio e parabeniza Dulce pelo comercial. Todos assistem e ficam encantados.<\/p>\n<p>Miguel fica triste ao se despedir do pai, Valter, mas entende que viver com os tios, Diana e In\u00e1cio, ser\u00e1 bom, por agora ter uma fam\u00edlia. Miguel pede ao pai para que pelo menos ele telefone para ouvir sua voz, se por caso demorar para voltar.<\/p>\n<p>Nicole n\u00e3o gosta de saber que Ver\u00f4nica vai na viagem de trabalho de Gustavo. Juju explica para Rosana que o v\u00eddeo com a coluna dela travando viralizou na internet.<\/p>\n<p>Cec\u00edlia avisa a Frida e B\u00e1rbara que o comercial de Dulce Maria foi um sucesso. A carinha de anjo sonha com a m\u00e3e e diz para Tereza n\u00e3o ter ci\u00fame de Nicole, pois ningu\u00e9m conseguir\u00e1 lhe substituir.<\/p>\n<p>Silvana v\u00ea a mala de Ver\u00f4nica e comenta ironicamente que a mala \u00e9 grande demais para uma r\u00e1pida viagem a trabalho. A secret\u00e1ria fica ainda mais incomodada ao ver que a mala de Crist\u00f3v\u00e3o tamb\u00e9m \u00e9 grande.<\/p>\n<p>Em\u00edlio diz para a m\u00e3e, Rosana, que se ela n\u00e3o namorar Peixoto, n\u00e3o pode beij\u00e1-lo. Miguel fica preocupado por ter feito xixi na cama, mas Diana acalma o menino e promete guardar segredo.<\/p>\n<p>Madre Superiora avisa Tom que a pe\u00e7a Cinderela \u00e9 realmente a melhor op\u00e7\u00e3o para as crian\u00e7as. Haydee insiste em tentar uma rela\u00e7\u00e3o com o delegado Peixoto. Fabiana pede para Madre Superiora se as demais meninas do col\u00e9gio podem assistir ao comercial de Dulce na casa de In\u00e1cio.<\/p>\n<p>(*) edi\u00e7\u00e3o das novelas do SBT, \u201cCarinha De Anjo\u201d, sujeito a altera\u00e7\u00e3o de data e conte\u00fado.<\/p>\n<p>Sinopse \u201cCarinha De Anjo\u201d: Dulce Maria \u00e9 uma menina doce, ing\u00eanua, inteligente e alegre de 5 anos de idade. \u00c9 brincalhona, aventureira e extremamente curiosa. Diverte a todos com seus coment\u00e1rios e perguntas indiscretas e surpreende com suas descobertas.<\/p>\n<p>Ela \u00e9 filha \u00fanica de Gustavo L\u00e1rios (Carlo Porto), bem-sucedido empres\u00e1rio da cafeicultura brasileira, e da mexicana Teresa Rezende L\u00e1rios (Lucero), m\u00e3e acolhedora de s\u00e1bios conselhos e voz ador\u00e1vel, que faleceu num acidente quando Dulce Maria tinha apenas 3 anos de idade. Traumatizado com a trag\u00e9dia, Gustavo deixou a filha no col\u00e9gio interno.<\/p>\n","protected":false},"excerpt":{"rendered":"<p>Resumo da novela \u201cCarinha De Anjo\u201d em 15\/12: no cap\u00edtulo 060(*) da novela, acontece a aguardada estreia do comercial de Nicole com Dulce Maria na televis\u00e3o. Irm\u00e3 Cec\u00edlia assiste ao comercial e fica triste. Diana conversa com Cec\u00edlia, que chora. Gustavo telefona para casa de In\u00e1cio e parabeniza Dulce pelo comercial. Todos assistem e ficam [&hellip;]<\/p>\n","protected":false},"author":4,"featured_media":210453,"comment_status":"closed","ping_status":"closed","sticky":false,"template":"","format":"standard","meta":{"_genesis_hide_title":false,"_genesis_hide_breadcrumbs":false,"_genesis_hide_singular_image":false,"_genesis_hide_footer_widgets":false,"_genesis_custom_body_class":"","_genesis_custom_post_class":"","_genesis_layout":"","_jetpack_memberships_contains_paid_content":false,"footnotes":""},"categories":[452,379,2025,372,343],"tags":[441],"class_list":{"0":"post-213641","1":"post","2":"type-post","3":"status-publish","4":"format-standard","5":"has-post-thumbnail","7":"category-carinha-de-anjo","8":"category-novelas","9":"category-resumo","10":"category-sbt","11":"category-televisao","12":"tag-resumo-do-dia","13":"entry","14":"gs-1","15":"gs-odd","16":"gs-even","17":"gs-featured-content-entry"},"jetpack_featured_media_url":"https:\/\/www.redenoticia.com.br\/noticia\/imagens\/carinha-de-anjo-resumo-novela-sbt-elenco-infantil.jpeg","jetpack_sharing_enabled":true,"jetpack_likes_enabled":true,"_links":{"self":[{"href":"https:\/\/www.redenoticia.com.br\/noticia\/wp-json\/wp\/v2\/posts\/213641","targetHints":{"allow":["GET"]}}],"collection":[{"href":"https:\/\/www.redenoticia.com.br\/noticia\/wp-json\/wp\/v2\/posts"}],"about":[{"href":"https:\/\/www.redenoticia.com.br\/noticia\/wp-json\/wp\/v2\/types\/post"}],"author":[{"embeddable":true,"href":"https:\/\/www.redenoticia.com.br\/noticia\/wp-json\/wp\/v2\/users\/4"}],"replies":[{"embeddable":true,"href":"https:\/\/www.redenoticia.com.br\/noticia\/wp-json\/wp\/v2\/comments?post=213641"}],"version-history":[{"count":0,"href":"https:\/\/www.redenoticia.com.br\/noticia\/wp-json\/wp\/v2\/posts\/213641\/revisions"}],"wp:featuredmedia":[{"embeddable":true,"href":"https:\/\/www.redenoticia.com.br\/noticia\/wp-json\/wp\/v2\/media\/210453"}],"wp:attachment":[{"href":"https:\/\/www.redenoticia.com.br\/noticia\/wp-json\/wp\/v2\/media?parent=213641"}],"wp:term":[{"taxonomy":"category","embeddable":true,"href":"https:\/\/www.redenoticia.com.br\/noticia\/wp-json\/wp\/v2\/categories?post=213641"},{"taxonomy":"post_tag","embeddable":true,"href":"https:\/\/www.redenoticia.com.br\/noticia\/wp-json\/wp\/v2\/tags?post=213641"}],"curies":[{"name":"wp","href":"https:\/\/api.w.org\/{rel}","templated":true}]}}