{"id":213636,"date":"2021-12-14T12:46:48","date_gmt":"2021-12-14T15:46:48","guid":{"rendered":"https:\/\/www.redenoticia.com.br\/noticia\/?p=213636"},"modified":"2021-12-14T12:46:48","modified_gmt":"2021-12-14T15:46:48","slug":"resumo-amanha-e-para-sempre-15-12-lucio-descobre-que-barbara-e-amante-de-adriano","status":"publish","type":"post","link":"https:\/\/www.redenoticia.com.br\/noticia\/2021\/resumo-amanha-e-para-sempre-15-12-lucio-descobre-que-barbara-e-amante-de-adriano\/213636","title":{"rendered":"Resumo \u201cAmanh\u00e3 \u00e9 para sempre\u201d 15\/12: L\u00facio descobre que B\u00e1rbara \u00e9 amante de Adriano"},"content":{"rendered":"<p><img loading=\"lazy\" decoding=\"async\" class=\"aligncenter size-full wp-image-212995\" src=\"https:\/\/www.redenoticia.com.br\/noticia\/imagens\/amanha-e-para-sempre.jpeg\" alt=\"\" width=\"1280\" height=\"720\" srcset=\"https:\/\/www.redenoticia.com.br\/noticia\/imagens\/amanha-e-para-sempre.jpeg 1280w, https:\/\/www.redenoticia.com.br\/noticia\/imagens\/amanha-e-para-sempre-250x140.jpeg 250w, https:\/\/www.redenoticia.com.br\/noticia\/imagens\/amanha-e-para-sempre-400x225.jpeg 400w, https:\/\/www.redenoticia.com.br\/noticia\/imagens\/amanha-e-para-sempre-768x432.jpeg 768w, https:\/\/www.redenoticia.com.br\/noticia\/imagens\/amanha-e-para-sempre-150x85.jpeg 150w\" sizes=\"auto, (max-width: 1280px) 100vw, 1280px\" \/><\/p>\n<p><strong><em>Resumo da novela \u201cAmanh\u00e3 \u00e9 para sempre\u201d<\/em><\/strong> em 15\/12: no cap\u00edtulo 013(*) da novela, Jacinto tenta fazer Eduardo entender que nem o senhor Gon\u00e7alo nem Fernanda s\u00e3o culpados pelas maldades de B\u00e1rbara, mas na opini\u00e3o dele, Gon\u00e7alo \u00e9 culpado por se deixar manipular pela megera e Fernanda tamb\u00e9m \u00e9, por nunca ter ficado perto de sua m\u00e3e e perceber que B\u00e1rbara a estava matando. Fernanda pede que sua bab\u00e1, Soledade, a ajude a se vestir para o casamento. B\u00e1rbara ordena a Gard\u00eania que v\u00e1 dar uma volta com L\u00facio e na volta diga a Fernanda que Soledade chegar\u00e1 mais tarde \u00e0 cerim\u00f4nia. \u00c9rika diz a Fernanda que Camilo a ama.<\/p>\n<p>Fernanda diz a \u00c9rika que torce para que n\u00e3o esteja enganada, que deseja que seja muito feliz, mas a aconselha a n\u00e3o confiar em seu irm\u00e3o. Eduardo diz a Jacinto que a amizade deles deve ser um segredo muito bem guardado, mas se em algum momento se sentir amea\u00e7ado por guardar esse segredo, ent\u00e3o fa\u00e7a de conta que nunca se conheceram para que nada aconte\u00e7a com sua fam\u00edlia. Gard\u00eania, chorando, diz a L\u00facio que n\u00e3o quer voltar para a fazenda, pois est\u00e1 cansada de ser tratada como uma escrava e, furiosa, diz que n\u00e3o voltar\u00e1 a se humilhar diante de uma mulher sem moral que \u00e9 amante do futuro marido de sua enteada.<\/p>\n<p>(*) edi\u00e7\u00e3o das novelas do SBT, \u201cAmanh\u00e3 \u00e9 para sempre\u201d, sujeito a altera\u00e7\u00e3o de data e conte\u00fado.<\/p>\n<p>Sinopse \u201cAmanh\u00e3 \u00e9 para sempre\u201d: Fernanda \u00e9 a filha ca\u00e7ula do fazendeiro Gon\u00e7alo Elizalde, dono de uma grande companhia leiteira, e Eduardo \u00e9 filho de Soledade, a governanta da fam\u00edlia Elizalde. As duas crian\u00e7as t\u00eam crescido juntas e unidas por um amor inocente e justo, apesar da diferen\u00e7a de classes sociais.<\/p>\n<p>Gon\u00e7alo vive feliz com sua esposa Montserrat e seus cinco filhos, sem suspeitar que um inimigo implac\u00e1vel acerca aos seus. Art\u00eamio Bravo sente um \u00f3dio intenso e amargo de Gon\u00e7alo, que tem corro\u00eddo sua mente e, sua \u00fanica meta \u00e9 destruir, lenta e dolorosamente, toda a fam\u00edlia Elizalde.<\/p>\n","protected":false},"excerpt":{"rendered":"<p>Resumo da novela \u201cAmanh\u00e3 \u00e9 para sempre\u201d em 15\/12: no cap\u00edtulo 013(*) da novela, Jacinto tenta fazer Eduardo entender que nem o senhor Gon\u00e7alo nem Fernanda s\u00e3o culpados pelas maldades de B\u00e1rbara, mas na opini\u00e3o dele, Gon\u00e7alo \u00e9 culpado por se deixar manipular pela megera e Fernanda tamb\u00e9m \u00e9, por nunca ter ficado perto de [&hellip;]<\/p>\n","protected":false},"author":4,"featured_media":212996,"comment_status":"closed","ping_status":"closed","sticky":false,"template":"","format":"standard","meta":{"_genesis_hide_title":false,"_genesis_hide_breadcrumbs":false,"_genesis_hide_singular_image":false,"_genesis_hide_footer_widgets":false,"_genesis_custom_body_class":"","_genesis_custom_post_class":"","_genesis_layout":"","_jetpack_memberships_contains_paid_content":false,"footnotes":""},"categories":[2228,379,2025,372,343],"tags":[441],"class_list":{"0":"post-213636","1":"post","2":"type-post","3":"status-publish","4":"format-standard","5":"has-post-thumbnail","7":"category-amanha-e-para-sempre","8":"category-novelas","9":"category-resumo","10":"category-sbt","11":"category-televisao","12":"tag-resumo-do-dia","13":"entry","14":"gs-1","15":"gs-odd","16":"gs-even","17":"gs-featured-content-entry"},"jetpack_featured_media_url":"https:\/\/www.redenoticia.com.br\/noticia\/imagens\/amanha-e-para-sempre-sbt-resumo-sinopse-logo.jpeg","jetpack_sharing_enabled":true,"jetpack_likes_enabled":true,"_links":{"self":[{"href":"https:\/\/www.redenoticia.com.br\/noticia\/wp-json\/wp\/v2\/posts\/213636","targetHints":{"allow":["GET"]}}],"collection":[{"href":"https:\/\/www.redenoticia.com.br\/noticia\/wp-json\/wp\/v2\/posts"}],"about":[{"href":"https:\/\/www.redenoticia.com.br\/noticia\/wp-json\/wp\/v2\/types\/post"}],"author":[{"embeddable":true,"href":"https:\/\/www.redenoticia.com.br\/noticia\/wp-json\/wp\/v2\/users\/4"}],"replies":[{"embeddable":true,"href":"https:\/\/www.redenoticia.com.br\/noticia\/wp-json\/wp\/v2\/comments?post=213636"}],"version-history":[{"count":0,"href":"https:\/\/www.redenoticia.com.br\/noticia\/wp-json\/wp\/v2\/posts\/213636\/revisions"}],"wp:featuredmedia":[{"embeddable":true,"href":"https:\/\/www.redenoticia.com.br\/noticia\/wp-json\/wp\/v2\/media\/212996"}],"wp:attachment":[{"href":"https:\/\/www.redenoticia.com.br\/noticia\/wp-json\/wp\/v2\/media?parent=213636"}],"wp:term":[{"taxonomy":"category","embeddable":true,"href":"https:\/\/www.redenoticia.com.br\/noticia\/wp-json\/wp\/v2\/categories?post=213636"},{"taxonomy":"post_tag","embeddable":true,"href":"https:\/\/www.redenoticia.com.br\/noticia\/wp-json\/wp\/v2\/tags?post=213636"}],"curies":[{"name":"wp","href":"https:\/\/api.w.org\/{rel}","templated":true}]}}