{"id":213599,"date":"2021-12-13T16:44:29","date_gmt":"2021-12-13T19:44:29","guid":{"rendered":"https:\/\/www.redenoticia.com.br\/noticia\/?p=213599"},"modified":"2021-12-13T16:44:29","modified_gmt":"2021-12-13T19:44:29","slug":"resumo-carinha-de-anjo-14-12-estefania-e-vitor-descobrem-que-gustavo-vai-se-casar-com-nicole","status":"publish","type":"post","link":"https:\/\/www.redenoticia.com.br\/noticia\/2021\/resumo-carinha-de-anjo-14-12-estefania-e-vitor-descobrem-que-gustavo-vai-se-casar-com-nicole\/213599","title":{"rendered":"Resumo \u201cCarinha De Anjo\u201d 14\/12: Estef\u00e2nia e Vitor descobrem que Gustavo vai se casar com Nicole"},"content":{"rendered":"<p><img loading=\"lazy\" decoding=\"async\" class=\"aligncenter size-full wp-image-210452\" src=\"https:\/\/www.redenoticia.com.br\/noticia\/imagens\/carinha-de-anjo-novela-sbt-elenco-infantil.jpeg\" alt=\"\" width=\"1280\" height=\"720\" srcset=\"https:\/\/www.redenoticia.com.br\/noticia\/imagens\/carinha-de-anjo-novela-sbt-elenco-infantil.jpeg 1280w, https:\/\/www.redenoticia.com.br\/noticia\/imagens\/carinha-de-anjo-novela-sbt-elenco-infantil-250x140.jpeg 250w, https:\/\/www.redenoticia.com.br\/noticia\/imagens\/carinha-de-anjo-novela-sbt-elenco-infantil-400x225.jpeg 400w, https:\/\/www.redenoticia.com.br\/noticia\/imagens\/carinha-de-anjo-novela-sbt-elenco-infantil-768x432.jpeg 768w, https:\/\/www.redenoticia.com.br\/noticia\/imagens\/carinha-de-anjo-novela-sbt-elenco-infantil-150x85.jpeg 150w\" sizes=\"auto, (max-width: 1280px) 100vw, 1280px\" \/><\/p>\n<p><strong><em>Resumo da novela \u201cCarinha De Anjo\u201d<\/em><\/strong> em 14\/12: no cap\u00edtulo 059(*) da novela, Diana e In\u00e1cio v\u00e3o at\u00e9 a casa de Rosana buscar Zeca e Z\u00e9. Nicole diz para Gustavo que se eles se casarem ela largaria sua carreira para ficar ao lado dele. Gustavo responde que n\u00e3o quer perd\u00ea-la e que ir\u00e1 assumir a rela\u00e7\u00e3o dos dois dessa vez.<\/p>\n<p>Fabiana diz para Valentina que adorou o tio dela, Tom, e que o novo professor ir\u00e1 montar uma pe\u00e7a de teatro no col\u00e9gio com as meninas, mas que ainda n\u00e3o possui maiores detalhes.<\/p>\n<p>Diana e In\u00e1cio contam para Rosana que ir\u00e3o cuidar de Miguel, filho do irm\u00e3o de Diana, Valter, mas que s\u00f3 falta contar para Zeca e Z\u00e9, al\u00e9m da rea\u00e7\u00e3o da Madre Superiora, que pode n\u00e3o aceitar um novo menino na resid\u00eancia deles. A Madre acalma o casal e diz que Miguel ser\u00e1 bem-vindo.<\/p>\n<p>Gustavo conta para Estef\u00e2nia e Vitor que vai se casar com Nicole e os dois n\u00e3o gostam da not\u00edcia. Z\u00e9 e Zeca conversam em particular e contam para Diana e In\u00e1cio que aceitam o primo Miguel com eles.<\/p>\n<p>(*) edi\u00e7\u00e3o das novelas do SBT, \u201cCarinha De Anjo\u201d, sujeito a altera\u00e7\u00e3o de data e conte\u00fado.<\/p>\n<p>Sinopse \u201cCarinha De Anjo\u201d: Dulce Maria \u00e9 uma menina doce, ing\u00eanua, inteligente e alegre de 5 anos de idade. \u00c9 brincalhona, aventureira e extremamente curiosa. Diverte a todos com seus coment\u00e1rios e perguntas indiscretas e surpreende com suas descobertas.<\/p>\n<p>Ela \u00e9 filha \u00fanica de Gustavo L\u00e1rios (Carlo Porto), bem-sucedido empres\u00e1rio da cafeicultura brasileira, e da mexicana Teresa Rezende L\u00e1rios (Lucero), m\u00e3e acolhedora de s\u00e1bios conselhos e voz ador\u00e1vel, que faleceu num acidente quando Dulce Maria tinha apenas 3 anos de idade. Traumatizado com a trag\u00e9dia, Gustavo deixou a filha no col\u00e9gio interno.<\/p>\n","protected":false},"excerpt":{"rendered":"<p>Resumo da novela \u201cCarinha De Anjo\u201d em 14\/12: no cap\u00edtulo 059(*) da novela, Diana e In\u00e1cio v\u00e3o at\u00e9 a casa de Rosana buscar Zeca e Z\u00e9. Nicole diz para Gustavo que se eles se casarem ela largaria sua carreira para ficar ao lado dele. Gustavo responde que n\u00e3o quer perd\u00ea-la e que ir\u00e1 assumir a [&hellip;]<\/p>\n","protected":false},"author":4,"featured_media":210453,"comment_status":"closed","ping_status":"closed","sticky":false,"template":"","format":"standard","meta":{"_genesis_hide_title":false,"_genesis_hide_breadcrumbs":false,"_genesis_hide_singular_image":false,"_genesis_hide_footer_widgets":false,"_genesis_custom_body_class":"","_genesis_custom_post_class":"","_genesis_layout":"","_jetpack_memberships_contains_paid_content":false,"footnotes":""},"categories":[452,379,2025,372,343],"tags":[441],"class_list":{"0":"post-213599","1":"post","2":"type-post","3":"status-publish","4":"format-standard","5":"has-post-thumbnail","7":"category-carinha-de-anjo","8":"category-novelas","9":"category-resumo","10":"category-sbt","11":"category-televisao","12":"tag-resumo-do-dia","13":"entry","14":"gs-1","15":"gs-odd","16":"gs-even","17":"gs-featured-content-entry"},"jetpack_featured_media_url":"https:\/\/www.redenoticia.com.br\/noticia\/imagens\/carinha-de-anjo-resumo-novela-sbt-elenco-infantil.jpeg","jetpack_sharing_enabled":true,"jetpack_likes_enabled":true,"_links":{"self":[{"href":"https:\/\/www.redenoticia.com.br\/noticia\/wp-json\/wp\/v2\/posts\/213599","targetHints":{"allow":["GET"]}}],"collection":[{"href":"https:\/\/www.redenoticia.com.br\/noticia\/wp-json\/wp\/v2\/posts"}],"about":[{"href":"https:\/\/www.redenoticia.com.br\/noticia\/wp-json\/wp\/v2\/types\/post"}],"author":[{"embeddable":true,"href":"https:\/\/www.redenoticia.com.br\/noticia\/wp-json\/wp\/v2\/users\/4"}],"replies":[{"embeddable":true,"href":"https:\/\/www.redenoticia.com.br\/noticia\/wp-json\/wp\/v2\/comments?post=213599"}],"version-history":[{"count":0,"href":"https:\/\/www.redenoticia.com.br\/noticia\/wp-json\/wp\/v2\/posts\/213599\/revisions"}],"wp:featuredmedia":[{"embeddable":true,"href":"https:\/\/www.redenoticia.com.br\/noticia\/wp-json\/wp\/v2\/media\/210453"}],"wp:attachment":[{"href":"https:\/\/www.redenoticia.com.br\/noticia\/wp-json\/wp\/v2\/media?parent=213599"}],"wp:term":[{"taxonomy":"category","embeddable":true,"href":"https:\/\/www.redenoticia.com.br\/noticia\/wp-json\/wp\/v2\/categories?post=213599"},{"taxonomy":"post_tag","embeddable":true,"href":"https:\/\/www.redenoticia.com.br\/noticia\/wp-json\/wp\/v2\/tags?post=213599"}],"curies":[{"name":"wp","href":"https:\/\/api.w.org\/{rel}","templated":true}]}}