{"id":213564,"date":"2021-12-12T16:26:47","date_gmt":"2021-12-12T19:26:47","guid":{"rendered":"https:\/\/www.redenoticia.com.br\/noticia\/?p=213564"},"modified":"2021-12-12T16:43:39","modified_gmt":"2021-12-12T19:43:39","slug":"resumo-carinha-de-anjo-13-12-franciely-ganha-uma-casa-na-rifa","status":"publish","type":"post","link":"https:\/\/www.redenoticia.com.br\/noticia\/2021\/resumo-carinha-de-anjo-13-12-franciely-ganha-uma-casa-na-rifa\/213564","title":{"rendered":"Resumo \u201cCarinha De Anjo\u201d 13\/12: Cec\u00edlia n\u00e3o sabe se est\u00e1 no caminho certo"},"content":{"rendered":"<p> <img loading=\"lazy\" decoding=\"async\" class=\"aligncenter size-full wp-image-210452\" src=\"https:\/\/www.redenoticia.com.br\/noticia\/imagens\/carinha-de-anjo-novela-sbt-elenco-infantil.jpeg\" alt=\"\" width=\"1280\" height=\"720\" srcset=\"https:\/\/www.redenoticia.com.br\/noticia\/imagens\/carinha-de-anjo-novela-sbt-elenco-infantil.jpeg 1280w, https:\/\/www.redenoticia.com.br\/noticia\/imagens\/carinha-de-anjo-novela-sbt-elenco-infantil-250x140.jpeg 250w, https:\/\/www.redenoticia.com.br\/noticia\/imagens\/carinha-de-anjo-novela-sbt-elenco-infantil-400x225.jpeg 400w, https:\/\/www.redenoticia.com.br\/noticia\/imagens\/carinha-de-anjo-novela-sbt-elenco-infantil-768x432.jpeg 768w, https:\/\/www.redenoticia.com.br\/noticia\/imagens\/carinha-de-anjo-novela-sbt-elenco-infantil-150x85.jpeg 150w\" sizes=\"auto, (max-width: 1280px) 100vw, 1280px\" \/><\/p>\n<p><strong><em>Resumo da novela \u201cCarinha De Anjo\u201d<\/em><\/strong> em 13\/12: no cap\u00edtulo 058(*) da novela, no quarto de Dulce, a menina brinca com Em\u00edlio \u00e9 Z\u00e9 Felipe. Ela diz que Em\u00edlio pode pegar o que quiser em seu quarto para decorar a festa de Rosana. Em\u00edlio liga para Peixoto e combina algo com ele. Juju e Zeca convencem Rosana a sair com Silvana. F\u00e1tima e Ver\u00f4nica gostam bastante do caf\u00e9 que Crist\u00f3v\u00e3o fez. Eles conversam sobre suas desilus\u00f5es amorosas.<\/p>\n<p>Crist\u00f3v\u00e3o leva F\u00e1tima de carona para o food truck. Fl\u00e1vio, que estava indo pagar sua d\u00edvida com a mo\u00e7a, quase cruza com os dois. Gustavo leva Dulce para a pra\u00e7a onde fica o food truck. B\u00e1bara e Frida brincam na pra\u00e7a e comemoram o fato de terem conseguido fazer com que n\u00e3o tivesse aula no col\u00e9gio. In\u00e1cio e Diana pedem um tempo a s\u00f3s para conversar. Eles decidem ficar com o sobrinho.<\/p>\n<p>Fabiana e Cec\u00edlia v\u00e3o ao food truck. Gustavo diz a Cec\u00edlia que ela tomou a decis\u00e3o certa ao recusar o convite de Estef\u00e2nia. Eles conversam sobre Dulce e Nicole chega. Cec\u00edlia vai atr\u00e1s de Fabiana, que est\u00e1 brincando com Dulce. A menina conta pra Cec\u00edlia o que aconteceu na grava\u00e7\u00e3o do comercial e que s\u00f3 diria eu te amo para sua m\u00e3e e para ela.<\/p>\n<p>Cec\u00edlia vai embora, cabisbaixa. Rosana sai de casa e os meninos iniciam os preparativos da surpresa de anivers\u00e1rio. Peixoto finge que tem que investigar algo no cemit\u00e9rio de noite e pede que Ribeiro fa\u00e7a o plant\u00e3o em seu lugar. Na verdade, ele est\u00e1 indo ao anivers\u00e1rio de Rosana. Antes de dormir, Cec\u00edlia reza e diz a Deus que n\u00e3o sabe se est\u00e1 no caminho certo.<\/p>\n<p>(*) edi\u00e7\u00e3o das novelas do SBT, \u201cCarinha De Anjo\u201d, sujeito a altera\u00e7\u00e3o de data e conte\u00fado.<\/p>\n<p>Sinopse \u201cCarinha De Anjo\u201d: Dulce Maria \u00e9 uma menina doce, ing\u00eanua, inteligente e alegre de 5 anos de idade. \u00c9 brincalhona, aventureira e extremamente curiosa. Diverte a todos com seus coment\u00e1rios e perguntas indiscretas e surpreende com suas descobertas.<\/p>\n<p>Ela \u00e9 filha \u00fanica de Gustavo L\u00e1rios (Carlo Porto), bem-sucedido empres\u00e1rio da cafeicultura brasileira, e da mexicana Teresa Rezende L\u00e1rios (Lucero), m\u00e3e acolhedora de s\u00e1bios conselhos e voz ador\u00e1vel, que faleceu num acidente quando Dulce Maria tinha apenas 3 anos de idade. Traumatizado com a trag\u00e9dia, Gustavo deixou a filha no col\u00e9gio interno.<\/p>\n","protected":false},"excerpt":{"rendered":"<p>Resumo da novela \u201cCarinha De Anjo\u201d em 13\/12: no cap\u00edtulo 058(*) da novela, no quarto de Dulce, a menina brinca com Em\u00edlio \u00e9 Z\u00e9 Felipe. Ela diz que Em\u00edlio pode pegar o que quiser em seu quarto para decorar a festa de Rosana. Em\u00edlio liga para Peixoto e combina algo com ele. Juju e Zeca [&hellip;]<\/p>\n","protected":false},"author":2,"featured_media":210453,"comment_status":"closed","ping_status":"closed","sticky":false,"template":"","format":"standard","meta":{"_genesis_hide_title":false,"_genesis_hide_breadcrumbs":false,"_genesis_hide_singular_image":false,"_genesis_hide_footer_widgets":false,"_genesis_custom_body_class":"","_genesis_custom_post_class":"","_genesis_layout":"","_jetpack_memberships_contains_paid_content":false,"footnotes":""},"categories":[452,379,2025,372,343],"tags":[441],"class_list":{"0":"post-213564","1":"post","2":"type-post","3":"status-publish","4":"format-standard","5":"has-post-thumbnail","7":"category-carinha-de-anjo","8":"category-novelas","9":"category-resumo","10":"category-sbt","11":"category-televisao","12":"tag-resumo-do-dia","13":"entry","14":"gs-1","15":"gs-odd","16":"gs-even","17":"gs-featured-content-entry"},"jetpack_featured_media_url":"https:\/\/www.redenoticia.com.br\/noticia\/imagens\/carinha-de-anjo-resumo-novela-sbt-elenco-infantil.jpeg","jetpack_sharing_enabled":true,"jetpack_likes_enabled":true,"_links":{"self":[{"href":"https:\/\/www.redenoticia.com.br\/noticia\/wp-json\/wp\/v2\/posts\/213564","targetHints":{"allow":["GET"]}}],"collection":[{"href":"https:\/\/www.redenoticia.com.br\/noticia\/wp-json\/wp\/v2\/posts"}],"about":[{"href":"https:\/\/www.redenoticia.com.br\/noticia\/wp-json\/wp\/v2\/types\/post"}],"author":[{"embeddable":true,"href":"https:\/\/www.redenoticia.com.br\/noticia\/wp-json\/wp\/v2\/users\/2"}],"replies":[{"embeddable":true,"href":"https:\/\/www.redenoticia.com.br\/noticia\/wp-json\/wp\/v2\/comments?post=213564"}],"version-history":[{"count":0,"href":"https:\/\/www.redenoticia.com.br\/noticia\/wp-json\/wp\/v2\/posts\/213564\/revisions"}],"wp:featuredmedia":[{"embeddable":true,"href":"https:\/\/www.redenoticia.com.br\/noticia\/wp-json\/wp\/v2\/media\/210453"}],"wp:attachment":[{"href":"https:\/\/www.redenoticia.com.br\/noticia\/wp-json\/wp\/v2\/media?parent=213564"}],"wp:term":[{"taxonomy":"category","embeddable":true,"href":"https:\/\/www.redenoticia.com.br\/noticia\/wp-json\/wp\/v2\/categories?post=213564"},{"taxonomy":"post_tag","embeddable":true,"href":"https:\/\/www.redenoticia.com.br\/noticia\/wp-json\/wp\/v2\/tags?post=213564"}],"curies":[{"name":"wp","href":"https:\/\/api.w.org\/{rel}","templated":true}]}}