{"id":213498,"date":"2021-12-10T15:16:17","date_gmt":"2021-12-10T18:16:17","guid":{"rendered":"https:\/\/www.redenoticia.com.br\/noticia\/?p=213498"},"modified":"2021-12-10T15:16:17","modified_gmt":"2021-12-10T18:16:17","slug":"resumo-carinha-de-anjo-11-12-franciely-ganha-uma-casa-na-rifa","status":"publish","type":"post","link":"https:\/\/www.redenoticia.com.br\/noticia\/2021\/resumo-carinha-de-anjo-11-12-franciely-ganha-uma-casa-na-rifa\/213498","title":{"rendered":"Resumo \u201cCarinha De Anjo\u201d 11\/12: Franciely ganha uma casa na rifa"},"content":{"rendered":"<p><img loading=\"lazy\" decoding=\"async\" class=\"aligncenter size-full wp-image-210452\" src=\"https:\/\/www.redenoticia.com.br\/noticia\/imagens\/carinha-de-anjo-novela-sbt-elenco-infantil.jpeg\" alt=\"\" width=\"1280\" height=\"720\" srcset=\"https:\/\/www.redenoticia.com.br\/noticia\/imagens\/carinha-de-anjo-novela-sbt-elenco-infantil.jpeg 1280w, https:\/\/www.redenoticia.com.br\/noticia\/imagens\/carinha-de-anjo-novela-sbt-elenco-infantil-250x140.jpeg 250w, https:\/\/www.redenoticia.com.br\/noticia\/imagens\/carinha-de-anjo-novela-sbt-elenco-infantil-400x225.jpeg 400w, https:\/\/www.redenoticia.com.br\/noticia\/imagens\/carinha-de-anjo-novela-sbt-elenco-infantil-768x432.jpeg 768w, https:\/\/www.redenoticia.com.br\/noticia\/imagens\/carinha-de-anjo-novela-sbt-elenco-infantil-150x85.jpeg 150w\" sizes=\"auto, (max-width: 1280px) 100vw, 1280px\" \/><\/p>\n<p><strong><em>Resumo da novela \u201cCarinha De Anjo\u201d<\/em><\/strong> em 11\/12: no cap\u00edtulo 057(*) da novela, Z\u00e9 Felipe, vestido de Super Bagun\u00e7a, chega ao quarto de Em\u00edlio e encontra o amigo e Dulce brincando e vestidos de Super Eu e Mega Dulce. Ele fica com ci\u00fame. Haydee liga o r\u00e1dio e aguarda ansiosa o sorteio de uma rifa que ela comprou. Tom ensaia uma coreografia com o coral de freiras. Franciely tamb\u00e9m aguarda o resultado do sorteio da rifa.<\/p>\n<p>Zeca explica o que est\u00e1 acontecendo para Rosana e Juju. Ele diz que \u00e9 uma briga de fam\u00edlia, e que os pais de sua m\u00e3e nunca aceitaram In\u00e1cio por ser negro. Haydee ganha uma motocicleta no sorteio. Dulce diz que quer fazer parte do grupo dos super-her\u00f3is. Z\u00e9 Felipe diz que ela j\u00e1 faz muitas coisas no col\u00e9gio, e pra ser hero\u00edna ela precisa de dedica\u00e7\u00e3o total. Ele conta para ela que n\u00e3o gosta de cantar na dupla, por isso seu foco \u00e9 em seu super-her\u00f3i.<\/p>\n<p>Franciely ganha uma casa na rifa. Euf\u00f3rica, ela deixa cair a sobremesa no ch\u00e3o. Ao contar para Silvestre, ela fica t\u00e3o feliz que agarra a cabe\u00e7a do mordomo e lhe d\u00e1 um selinho de felicidade. Neste momento, Gustavo e Gabriel entram na cozinha. Franciely explica o que houve.<\/p>\n<p>In\u00e1cio e Diana chegam \u00e0 pens\u00e3o onde Valter (Luiz Araujo), o irm\u00e3o de Diana, est\u00e1. Diana fica muito apreensiva e emocionada, pois n\u00e3o o v\u00ea h\u00e1 10 anos. Valter se afastou devido \u00e0s brigas de sua fam\u00edlia e vive viajando como caminhoneiro. F\u00e1tima e Ver\u00f4nica est\u00e3o fazendo faxina em casa e Crist\u00f3v\u00e3o chega de surpresa. Fl\u00e1vio convence sua m\u00e3e a vender a moto para pagar sua d\u00edvida com F\u00e1tima.<\/p>\n<p>Juju diz a Zeca que precisa convencer sua m\u00e3e a sair de casa para que a surpresa que ela preparou d\u00ea certo. Crist\u00f3v\u00e3o se oferece para fazer um caf\u00e9. Tom sugere terminar o curso com uma pe\u00e7a de teatro. Fabiana e Cec\u00edlia adoram a ideia. Valter diz a Diana e In\u00e1cio que ele tem um filho de 8 anos chamado Miguel. Ele pede que eles cuidem do menino, pois a vida de caminhoneiro n\u00e3o \u00e9 boa para uma crian\u00e7a.<\/p>\n<p>(*) edi\u00e7\u00e3o das novelas do SBT, \u201cCarinha De Anjo\u201d, sujeito a altera\u00e7\u00e3o de data e conte\u00fado.<\/p>\n<p>Sinopse \u201cCarinha De Anjo\u201d: Dulce Maria \u00e9 uma menina doce, ing\u00eanua, inteligente e alegre de 5 anos de idade. \u00c9 brincalhona, aventureira e extremamente curiosa. Diverte a todos com seus coment\u00e1rios e perguntas indiscretas e surpreende com suas descobertas.<\/p>\n<p>Ela \u00e9 filha \u00fanica de Gustavo L\u00e1rios (Carlo Porto), bem-sucedido empres\u00e1rio da cafeicultura brasileira, e da mexicana Teresa Rezende L\u00e1rios (Lucero), m\u00e3e acolhedora de s\u00e1bios conselhos e voz ador\u00e1vel, que faleceu num acidente quando Dulce Maria tinha apenas 3 anos de idade. Traumatizado com a trag\u00e9dia, Gustavo deixou a filha no col\u00e9gio interno.<\/p>\n","protected":false},"excerpt":{"rendered":"<p>Resumo da novela \u201cCarinha De Anjo\u201d em 11\/12: no cap\u00edtulo 057(*) da novela, Z\u00e9 Felipe, vestido de Super Bagun\u00e7a, chega ao quarto de Em\u00edlio e encontra o amigo e Dulce brincando e vestidos de Super Eu e Mega Dulce. Ele fica com ci\u00fame. Haydee liga o r\u00e1dio e aguarda ansiosa o sorteio de uma rifa [&hellip;]<\/p>\n","protected":false},"author":4,"featured_media":210453,"comment_status":"closed","ping_status":"closed","sticky":false,"template":"","format":"standard","meta":{"_genesis_hide_title":false,"_genesis_hide_breadcrumbs":false,"_genesis_hide_singular_image":false,"_genesis_hide_footer_widgets":false,"_genesis_custom_body_class":"","_genesis_custom_post_class":"","_genesis_layout":"","_jetpack_memberships_contains_paid_content":false,"footnotes":""},"categories":[452,379,2025,372,343],"tags":[441],"class_list":{"0":"post-213498","1":"post","2":"type-post","3":"status-publish","4":"format-standard","5":"has-post-thumbnail","7":"category-carinha-de-anjo","8":"category-novelas","9":"category-resumo","10":"category-sbt","11":"category-televisao","12":"tag-resumo-do-dia","13":"entry","14":"gs-1","15":"gs-odd","16":"gs-even","17":"gs-featured-content-entry"},"jetpack_featured_media_url":"https:\/\/www.redenoticia.com.br\/noticia\/imagens\/carinha-de-anjo-resumo-novela-sbt-elenco-infantil.jpeg","jetpack_sharing_enabled":true,"jetpack_likes_enabled":true,"_links":{"self":[{"href":"https:\/\/www.redenoticia.com.br\/noticia\/wp-json\/wp\/v2\/posts\/213498","targetHints":{"allow":["GET"]}}],"collection":[{"href":"https:\/\/www.redenoticia.com.br\/noticia\/wp-json\/wp\/v2\/posts"}],"about":[{"href":"https:\/\/www.redenoticia.com.br\/noticia\/wp-json\/wp\/v2\/types\/post"}],"author":[{"embeddable":true,"href":"https:\/\/www.redenoticia.com.br\/noticia\/wp-json\/wp\/v2\/users\/4"}],"replies":[{"embeddable":true,"href":"https:\/\/www.redenoticia.com.br\/noticia\/wp-json\/wp\/v2\/comments?post=213498"}],"version-history":[{"count":0,"href":"https:\/\/www.redenoticia.com.br\/noticia\/wp-json\/wp\/v2\/posts\/213498\/revisions"}],"wp:featuredmedia":[{"embeddable":true,"href":"https:\/\/www.redenoticia.com.br\/noticia\/wp-json\/wp\/v2\/media\/210453"}],"wp:attachment":[{"href":"https:\/\/www.redenoticia.com.br\/noticia\/wp-json\/wp\/v2\/media?parent=213498"}],"wp:term":[{"taxonomy":"category","embeddable":true,"href":"https:\/\/www.redenoticia.com.br\/noticia\/wp-json\/wp\/v2\/categories?post=213498"},{"taxonomy":"post_tag","embeddable":true,"href":"https:\/\/www.redenoticia.com.br\/noticia\/wp-json\/wp\/v2\/tags?post=213498"}],"curies":[{"name":"wp","href":"https:\/\/api.w.org\/{rel}","templated":true}]}}