{"id":213459,"date":"2021-12-09T12:15:27","date_gmt":"2021-12-09T15:15:27","guid":{"rendered":"https:\/\/www.redenoticia.com.br\/noticia\/?p=213459"},"modified":"2021-12-09T12:15:27","modified_gmt":"2021-12-09T15:15:27","slug":"resumo-carinha-de-anjo-10-12-dulce-e-nicole-gravam-o-comercial","status":"publish","type":"post","link":"https:\/\/www.redenoticia.com.br\/noticia\/2021\/resumo-carinha-de-anjo-10-12-dulce-e-nicole-gravam-o-comercial\/213459","title":{"rendered":"Resumo \u201cCarinha De Anjo\u201d 10\/12: Dulce e Nicole gravam o comercial"},"content":{"rendered":"<p><img loading=\"lazy\" decoding=\"async\" class=\"aligncenter size-full wp-image-210452\" src=\"https:\/\/www.redenoticia.com.br\/noticia\/imagens\/carinha-de-anjo-novela-sbt-elenco-infantil.jpeg\" alt=\"\" width=\"1280\" height=\"720\" srcset=\"https:\/\/www.redenoticia.com.br\/noticia\/imagens\/carinha-de-anjo-novela-sbt-elenco-infantil.jpeg 1280w, https:\/\/www.redenoticia.com.br\/noticia\/imagens\/carinha-de-anjo-novela-sbt-elenco-infantil-250x140.jpeg 250w, https:\/\/www.redenoticia.com.br\/noticia\/imagens\/carinha-de-anjo-novela-sbt-elenco-infantil-400x225.jpeg 400w, https:\/\/www.redenoticia.com.br\/noticia\/imagens\/carinha-de-anjo-novela-sbt-elenco-infantil-768x432.jpeg 768w, https:\/\/www.redenoticia.com.br\/noticia\/imagens\/carinha-de-anjo-novela-sbt-elenco-infantil-150x85.jpeg 150w\" sizes=\"auto, (max-width: 1280px) 100vw, 1280px\" \/><\/p>\n<p><strong><em>Resumo da novela \u201cCarinha De Anjo\u201d<\/em><\/strong> em 10\/12: no cap\u00edtulo 056(*) da novela, Madre Superiora e Fabiana entrevistam Tom pra saber se ele \u00e9 apto a dar as aulas de teatro no col\u00e9gio. Tom, que \u00e9 primo de Valentina, diz que ouviu falar muito bem sobre o Coral e que gostaria de conhec\u00ea-lo. Juju e Em\u00edlio planejam uma surpresa para o anivers\u00e1rio de sua m\u00e3e. Peixoto diz a Ribeiro que j\u00e1 que eles n\u00e3o conseguiram desmascarar a falsa assistente social ele ter\u00e1 que continuar dando em cima de Haydee.<\/p>\n<p>Zeca diz a seu pai que desde que a dupla come\u00e7ou sua carreira est\u00e1 parada. In\u00e1cio sugere que ele concilie sua carreira solo com os ensaios da dupla. A Madre diz a Tom que n\u00e3o tem condi\u00e7\u00f5es de lhe pagar. Tom diz que aceita ser volunt\u00e1rio e dar um curso em suas f\u00e9rias. Zeca e Z\u00e9 Felipe pensam em uma maneira de fazer seu pai desistir da ideia da dupla sertaneja. Gustavo chega \u00e0 ag\u00eancia com Dulce e diz a Nicole que est\u00e1 preocupado com o roteiro. Ela diz que tamb\u00e9m n\u00e3o sabia do conte\u00fado. Nicole mostra para Dulce uma joia da cole\u00e7\u00e3o para a qual elas gravar\u00e3o o comercial.<\/p>\n<p>Dulce diz que s\u00f3 sua m\u00e3e tinha joias bonitas. Fabiana apresenta Tom \u00e0s demais Irm\u00e3s e diz que ele ajudar\u00e1 o Coral com as coreografias. Rita fica receosa. Juju e Em\u00edlio est\u00e3o no quarto gravando um v\u00eddeo para sua m\u00e3e. Eles trancam a porta e n\u00e3o deixam Rosana entrar. Rosana fica triste. Nicole conta para Dulce que elas ser\u00e3o m\u00e3e e filha no comercial.<\/p>\n<p>Dulce fica brava. O Coral faz uma pequena apresenta\u00e7\u00e3o para Tom, que diz que as ajudar\u00e1 com a express\u00e3o corporal. Nicole tenta convencer Dulce, dizendo que ser\u00e1 tudo de mentira. Dulce topa e tira fotos com Nicole para o comercial. Estef\u00e2nia diz a Vitor que agora gostaria que Rosana fosse sua madrinha. Dulce e Nicole continuam gravando o comercial, mas a menina se recusa a dizer a frase \u201ceu te amo, mam\u00e3e\u201d. O produtor encerra a grava\u00e7\u00e3o. Diana recebe uma liga\u00e7\u00e3o de seu irm\u00e3o pedindo ajuda.<\/p>\n<p>(*) edi\u00e7\u00e3o das novelas do SBT, \u201cCarinha De Anjo\u201d, sujeito a altera\u00e7\u00e3o de data e conte\u00fado.<\/p>\n<p>Sinopse \u201cCarinha De Anjo\u201d: Dulce Maria \u00e9 uma menina doce, ingenua, inteligente e alegre de 5 anos de idade. \u00c9 brincalhona, aventureira e extremamente curiosa. Diverte a todos com seus coment\u00e1rios e perguntas indiscretas e surpreende com suas descobertas.<\/p>\n<p>Ela \u00e9 filha \u00fanica de Gustavo L\u00e1rios (Carlo Porto), bem-sucedido empres\u00e1rio da cafeicultura brasileira, e da mexicana Teresa Rezende L\u00e1rios (Lucero), m\u00e3e acolhedora de s\u00e1bios conselhos e voz ador\u00e1vel, que faleceu num acidente quando Dulce Maria tinha apenas 3 anos de idade. Traumatizado com a trag\u00e9dia, Gustavo deixou a filha no col\u00e9gio interno.<\/p>\n","protected":false},"excerpt":{"rendered":"<p>Resumo da novela \u201cCarinha De Anjo\u201d em 10\/12: no cap\u00edtulo 056(*) da novela, Madre Superiora e Fabiana entrevistam Tom pra saber se ele \u00e9 apto a dar as aulas de teatro no col\u00e9gio. Tom, que \u00e9 primo de Valentina, diz que ouviu falar muito bem sobre o Coral e que gostaria de conhec\u00ea-lo. Juju e [&hellip;]<\/p>\n","protected":false},"author":4,"featured_media":210453,"comment_status":"closed","ping_status":"closed","sticky":false,"template":"","format":"standard","meta":{"_genesis_hide_title":false,"_genesis_hide_breadcrumbs":false,"_genesis_hide_singular_image":false,"_genesis_hide_footer_widgets":false,"_genesis_custom_body_class":"","_genesis_custom_post_class":"","_genesis_layout":"","_jetpack_memberships_contains_paid_content":false,"footnotes":""},"categories":[452,379,2025,372,343],"tags":[441],"class_list":{"0":"post-213459","1":"post","2":"type-post","3":"status-publish","4":"format-standard","5":"has-post-thumbnail","7":"category-carinha-de-anjo","8":"category-novelas","9":"category-resumo","10":"category-sbt","11":"category-televisao","12":"tag-resumo-do-dia","13":"entry","14":"gs-1","15":"gs-odd","16":"gs-even","17":"gs-featured-content-entry"},"jetpack_featured_media_url":"https:\/\/www.redenoticia.com.br\/noticia\/imagens\/carinha-de-anjo-resumo-novela-sbt-elenco-infantil.jpeg","jetpack_sharing_enabled":true,"jetpack_likes_enabled":true,"_links":{"self":[{"href":"https:\/\/www.redenoticia.com.br\/noticia\/wp-json\/wp\/v2\/posts\/213459","targetHints":{"allow":["GET"]}}],"collection":[{"href":"https:\/\/www.redenoticia.com.br\/noticia\/wp-json\/wp\/v2\/posts"}],"about":[{"href":"https:\/\/www.redenoticia.com.br\/noticia\/wp-json\/wp\/v2\/types\/post"}],"author":[{"embeddable":true,"href":"https:\/\/www.redenoticia.com.br\/noticia\/wp-json\/wp\/v2\/users\/4"}],"replies":[{"embeddable":true,"href":"https:\/\/www.redenoticia.com.br\/noticia\/wp-json\/wp\/v2\/comments?post=213459"}],"version-history":[{"count":0,"href":"https:\/\/www.redenoticia.com.br\/noticia\/wp-json\/wp\/v2\/posts\/213459\/revisions"}],"wp:featuredmedia":[{"embeddable":true,"href":"https:\/\/www.redenoticia.com.br\/noticia\/wp-json\/wp\/v2\/media\/210453"}],"wp:attachment":[{"href":"https:\/\/www.redenoticia.com.br\/noticia\/wp-json\/wp\/v2\/media?parent=213459"}],"wp:term":[{"taxonomy":"category","embeddable":true,"href":"https:\/\/www.redenoticia.com.br\/noticia\/wp-json\/wp\/v2\/categories?post=213459"},{"taxonomy":"post_tag","embeddable":true,"href":"https:\/\/www.redenoticia.com.br\/noticia\/wp-json\/wp\/v2\/tags?post=213459"}],"curies":[{"name":"wp","href":"https:\/\/api.w.org\/{rel}","templated":true}]}}