{"id":213361,"date":"2021-12-07T13:07:05","date_gmt":"2021-12-07T16:07:05","guid":{"rendered":"https:\/\/www.redenoticia.com.br\/noticia\/?p=213361"},"modified":"2021-12-07T13:07:05","modified_gmt":"2021-12-07T16:07:05","slug":"resumo-amanha-e-para-sempre-08-12-eduardo-quer-adotar-uma-nova-identidade","status":"publish","type":"post","link":"https:\/\/www.redenoticia.com.br\/noticia\/2021\/resumo-amanha-e-para-sempre-08-12-eduardo-quer-adotar-uma-nova-identidade\/213361","title":{"rendered":"Resumo \u201cAmanh\u00e3 \u00e9 para sempre\u201d 08\/12: Eduardo quer adotar uma nova identidade"},"content":{"rendered":"<p><img loading=\"lazy\" decoding=\"async\" class=\"aligncenter size-full wp-image-212995\" src=\"https:\/\/www.redenoticia.com.br\/noticia\/imagens\/amanha-e-para-sempre.jpeg\" alt=\"\" width=\"1280\" height=\"720\" srcset=\"https:\/\/www.redenoticia.com.br\/noticia\/imagens\/amanha-e-para-sempre.jpeg 1280w, https:\/\/www.redenoticia.com.br\/noticia\/imagens\/amanha-e-para-sempre-250x140.jpeg 250w, https:\/\/www.redenoticia.com.br\/noticia\/imagens\/amanha-e-para-sempre-400x225.jpeg 400w, https:\/\/www.redenoticia.com.br\/noticia\/imagens\/amanha-e-para-sempre-768x432.jpeg 768w, https:\/\/www.redenoticia.com.br\/noticia\/imagens\/amanha-e-para-sempre-150x85.jpeg 150w\" sizes=\"auto, (max-width: 1280px) 100vw, 1280px\" \/><\/p>\n<p><strong><em>Resumo da novela \u201cAmanh\u00e3 \u00e9 para sempre\u201d<\/em><\/strong> em 08\/12: no cap\u00edtulo 008(*) da novela, Fernanda diz ao pai que sempre pensou que mandar Eduardo para fora do pa\u00eds s\u00f3 por causa de um beijo de crian\u00e7a foi um exagero. Gon\u00e7alo responde que tomou a melhor decis\u00e3o, pois se Eduardo tivesse ficado na fazenda hoje seria um simples pe\u00e3o. Eduardo diz a Jacinto que nunca se sentiu bem vivendo longe de seu pa\u00eds e que sonhava em voltar para rever sua m\u00e3e e Fernanda.<\/p>\n<p>Agora com sua m\u00e3e morta e Fernanda de casamento marcado com outro homem, s\u00f3 lhe resta enterrar Eduardo e adotar uma nova identidade. Para isso, pede ajuda ao amigo de inf\u00e2ncia. Jacinto comenta com Margarida que descobriu que B\u00e1rbara trafica leite vencido. Margarida diz que eles precisam denunci\u00e1-la. Por ordem de Art\u00eamio, Rebeca diz a An\u00edbal que a fam\u00edlia de Priscila est\u00e1 esperando o momento prop\u00edcio para denunciar a fam\u00edlia Elizalde por comercializar leite com prazo de validade vencido e aconselha que n\u00e3o fa\u00e7a nada contra Priscila, pois ele e seu pai poder\u00e3o ir para a cadeia.<\/p>\n<p>An\u00edbal, fora de si, diz que perderiam milh\u00f5es de d\u00f3lares. Orlando diz a Priscila que seu pai est\u00e1 esperando receber a not\u00edcia de que vai ser av\u00f4 para que se fa\u00e7a a fus\u00e3o das empresas das duas fam\u00edlias. Adriano prop\u00f5e a Fernanda que a viagem de lua de mel dure tr\u00eas meses. Fernanda diz que s\u00f3 poder\u00e1 ficar fora por tr\u00eas semanas, pois em breve acontecer\u00e1 a feira de queijos artesanais e ela precisa estar presente.<\/p>\n<p>B\u00e1rbara diz a Adriano que nem pense em levar Fernanda at\u00e9 a fazenda, pois Gard\u00eania poderia contar sobre a morte de Soledade. Gon\u00e7alo, desolado, diz a B\u00e1rbara que se sente respons\u00e1vel pela crise de Liliana e justifica sua decis\u00e3o de suspender os rem\u00e9dios para agradar Fernanda, que queria ver sua irm\u00e3 l\u00facida em seu casamento. B\u00e1rbara, fazendo o papel de madrasta preocupada, diz a Gon\u00e7alo que queria ter evitado esse mal momento e que, mesmo que seja muito triste para toda a fam\u00edlia, o melhor \u00e9 que Liliana continue vivendo em seu mundo.<\/p>\n<p>Jacinto diz a Eduardo que se sente muito mal mentindo para Margarida. Eduardo pede ao amigo que tenha um pouco de paci\u00eancia e que contar\u00e3o toda a verdade assim que ele investigar tudo sobre B\u00e1rbara e Adriano. Jacinto conta que B\u00e1rbara e Adriano s\u00e3o amantes. Eduardo, ressentido, diz que Fernanda merece tudo que est\u00e1 acontecendo. Para justificar sua atitude, Jacinto diz a Margarida que Camilo lhe pediu que ajudasse seu amigo, Franco Santoro, a procurar uma casa para alugar.<\/p>\n<p>Gard\u00eania, assustada, diz que provavelmente esse \u00e9 o homem com quem B\u00e1rbara fala secretamente. Priscila pressiona An\u00edbal para que a engravide. Ele responde que se sente muito mal ao ser tratado como um reprodutor. E ela, sarc\u00e1stica, diz que fazer amor \u00e9 entre duas pessoas que se amam. O que existe entre os dois \u00e9 um neg\u00f3cio e ele n\u00e3o cumpre com sua parte. Fernanda lembra que Liliana lhe disse que Eduardo esteve no hospital.<\/p>\n<p>(*) edi\u00e7\u00e3o das novelas do SBT, \u201cAmanh\u00e3 \u00e9 para sempre\u201d, sujeito a altera\u00e7\u00e3o de data e conte\u00fado.<\/p>\n<p>Sinopse \u201cAmanh\u00e3 \u00e9 para sempre\u201d: Fernanda \u00e9 a filha ca\u00e7ula do fazendeiro Gon\u00e7alo Elizalde, dono de uma grande companhia leiteira, e Eduardo \u00e9 filho de Soledade, a governanta da fam\u00edlia Elizalde. As duas crian\u00e7as t\u00eam crescido juntas e unidas por um amor inocente e justo, apesar da diferen\u00e7a de classes sociais.<\/p>\n<p>Gon\u00e7alo vive feliz com sua esposa Montserrat e seus cinco filhos, sem suspeitar que um inimigo implac\u00e1vel acerca aos seus. Art\u00eamio Bravo sente um \u00f3dio intenso e amargo de Gon\u00e7alo, que tem corro\u00eddo sua mente e, sua \u00fanica meta \u00e9 destruir, lenta e dolorosamente, toda a fam\u00edlia Elizalde.<\/p>\n","protected":false},"excerpt":{"rendered":"<p>Resumo da novela \u201cAmanh\u00e3 \u00e9 para sempre\u201d em 08\/12: no cap\u00edtulo 008(*) da novela, Fernanda diz ao pai que sempre pensou que mandar Eduardo para fora do pa\u00eds s\u00f3 por causa de um beijo de crian\u00e7a foi um exagero. Gon\u00e7alo responde que tomou a melhor decis\u00e3o, pois se Eduardo tivesse ficado na fazenda hoje seria [&hellip;]<\/p>\n","protected":false},"author":4,"featured_media":212996,"comment_status":"closed","ping_status":"closed","sticky":false,"template":"","format":"standard","meta":{"_genesis_hide_title":false,"_genesis_hide_breadcrumbs":false,"_genesis_hide_singular_image":false,"_genesis_hide_footer_widgets":false,"_genesis_custom_body_class":"","_genesis_custom_post_class":"","_genesis_layout":"","_jetpack_memberships_contains_paid_content":false,"footnotes":""},"categories":[2228,379,2025,372,343],"tags":[441],"class_list":{"0":"post-213361","1":"post","2":"type-post","3":"status-publish","4":"format-standard","5":"has-post-thumbnail","7":"category-amanha-e-para-sempre","8":"category-novelas","9":"category-resumo","10":"category-sbt","11":"category-televisao","12":"tag-resumo-do-dia","13":"entry","14":"gs-1","15":"gs-odd","16":"gs-even","17":"gs-featured-content-entry"},"jetpack_featured_media_url":"https:\/\/www.redenoticia.com.br\/noticia\/imagens\/amanha-e-para-sempre-sbt-resumo-sinopse-logo.jpeg","jetpack_sharing_enabled":true,"jetpack_likes_enabled":true,"_links":{"self":[{"href":"https:\/\/www.redenoticia.com.br\/noticia\/wp-json\/wp\/v2\/posts\/213361","targetHints":{"allow":["GET"]}}],"collection":[{"href":"https:\/\/www.redenoticia.com.br\/noticia\/wp-json\/wp\/v2\/posts"}],"about":[{"href":"https:\/\/www.redenoticia.com.br\/noticia\/wp-json\/wp\/v2\/types\/post"}],"author":[{"embeddable":true,"href":"https:\/\/www.redenoticia.com.br\/noticia\/wp-json\/wp\/v2\/users\/4"}],"replies":[{"embeddable":true,"href":"https:\/\/www.redenoticia.com.br\/noticia\/wp-json\/wp\/v2\/comments?post=213361"}],"version-history":[{"count":0,"href":"https:\/\/www.redenoticia.com.br\/noticia\/wp-json\/wp\/v2\/posts\/213361\/revisions"}],"wp:featuredmedia":[{"embeddable":true,"href":"https:\/\/www.redenoticia.com.br\/noticia\/wp-json\/wp\/v2\/media\/212996"}],"wp:attachment":[{"href":"https:\/\/www.redenoticia.com.br\/noticia\/wp-json\/wp\/v2\/media?parent=213361"}],"wp:term":[{"taxonomy":"category","embeddable":true,"href":"https:\/\/www.redenoticia.com.br\/noticia\/wp-json\/wp\/v2\/categories?post=213361"},{"taxonomy":"post_tag","embeddable":true,"href":"https:\/\/www.redenoticia.com.br\/noticia\/wp-json\/wp\/v2\/tags?post=213361"}],"curies":[{"name":"wp","href":"https:\/\/api.w.org\/{rel}","templated":true}]}}