{"id":212874,"date":"2021-11-23T12:20:07","date_gmt":"2021-11-23T15:20:07","guid":{"rendered":"https:\/\/www.redenoticia.com.br\/noticia\/?p=212874"},"modified":"2021-11-23T12:20:07","modified_gmt":"2021-11-23T15:20:07","slug":"resumo-carinha-de-anjo-24-11-peruca-de-estefania-voa-pela-janela","status":"publish","type":"post","link":"https:\/\/www.redenoticia.com.br\/noticia\/2021\/resumo-carinha-de-anjo-24-11-peruca-de-estefania-voa-pela-janela\/212874","title":{"rendered":"Resumo \u201cCarinha De Anjo\u201d 24\/11: Peruca de Estef\u00e2nia voa pela janela"},"content":{"rendered":"<p><img loading=\"lazy\" decoding=\"async\" class=\"aligncenter size-full wp-image-210452\" src=\"https:\/\/www.redenoticia.com.br\/noticia\/imagens\/carinha-de-anjo-novela-sbt-elenco-infantil.jpeg\" alt=\"\" width=\"1280\" height=\"720\" srcset=\"https:\/\/www.redenoticia.com.br\/noticia\/imagens\/carinha-de-anjo-novela-sbt-elenco-infantil.jpeg 1280w, https:\/\/www.redenoticia.com.br\/noticia\/imagens\/carinha-de-anjo-novela-sbt-elenco-infantil-250x140.jpeg 250w, https:\/\/www.redenoticia.com.br\/noticia\/imagens\/carinha-de-anjo-novela-sbt-elenco-infantil-400x225.jpeg 400w, https:\/\/www.redenoticia.com.br\/noticia\/imagens\/carinha-de-anjo-novela-sbt-elenco-infantil-768x432.jpeg 768w, https:\/\/www.redenoticia.com.br\/noticia\/imagens\/carinha-de-anjo-novela-sbt-elenco-infantil-150x85.jpeg 150w\" sizes=\"auto, (max-width: 1280px) 100vw, 1280px\" \/><\/p>\n<p><strong><em>Resumo da novela \u201cCarinha De Anjo\u201d<\/em><\/strong> em 24\/11: no cap\u00edtulo 042(*) da novela, Z\u00e9 Felipe mostra seu pote cheio de insetos para Em\u00edlio e aos dois amigos que passam a noite juntos. Zeca conversa por \u00e1udio com Juju e diz que pode pedir ela em namoro para Rosana. Juju finge falha no sinal da internet para desligar. Enquanto isso, Frida telefona para B\u00e1rbara para falar mal da festa do pijama de Dulce Maria. Estef\u00e2nia descobre que foi Nicole quem preparou toda a decora\u00e7\u00e3o da festa.<\/p>\n<p>Frida diz para as meninas assistirem um filme de terror. Dulce pergunta para Estef\u00e2nia quem fez a festa, mas ela n\u00e3o conta. Estef\u00e2nia leva algumas de suas perucas para as meninas brincarem de desfile. Enquanto isso, Em\u00edlio, Z\u00e9 Felipe e os amigos saem escondido do apartamento para irem at\u00e9 a brinquedoteca para acamparem e contarem hist\u00f3rias de terror.<\/p>\n<p>Frida joga a peruca, que por acidente voa pela janela. Os meninos que est\u00e3o na parte de baixo do pr\u00e9dio se assustam com a peruca. Silvestre, ainda vestido como le\u00e3o, vai atr\u00e1s da peruca de Estef\u00e2nia e os meninos armam um plano para capturar ele, por achar que \u00e9 um monstro.<\/p>\n<p>&#8212;<\/p>\n<p>Rosana e Juju ficam apavoradas por perceber que est\u00e3o for\u00e7ando a porta de seu apartamento. Rosana telefona para o delegado Peixoto e pede ajuda. Silvestre pede para que Rosana abra a porta e os meninos entram no apartamento. Peixoto aparece e ataca Silvestre por achar que \u00e9 um criminoso. Em\u00edlio se veste de \u201cSuper Eu\u201d e Z\u00e9 Felipe de \u201cSuper Bagun\u00e7a\u201d para salvar Silvana que gritou. Dulce Maria sonha com a m\u00e3e, Teresa. A carinha de anjo aparece vestida de bruxa e tenta assustar a m\u00e3e.<\/p>\n<p>Teresa explica que a filha precisa tomar cuidado com quem parece ser uma coisa, mas no fundo \u00e9 outra. Z\u00e9 Felipe avisa aos amigos que seus insetos fugiram do pote. O garoto consegue recuperar os insetos. Veronica vai at\u00e9 o col\u00e9gio e conta para Fabiana que \u00e9 a mais nova secret\u00e1ria de Gustavo. Cec\u00edlia escuta a conversa das duas e fica incomodada. Juju diz para Rosana que deu um selinho em Zeca. A vlogueira diz para a m\u00e3e que gosta do Zeca, s\u00f3 n\u00e3o sabe se \u00e9 para namorar.<\/p>\n<p>(*) edi\u00e7\u00e3o das novelas do SBT, \u201cCarinha De Anjo\u201d, sujeito a altera\u00e7\u00e3o de data e conte\u00fado.<\/p>\n<p>Sinopse \u201cCarinha De Anjo\u201d: Dulce Maria \u00e9 uma menina doce, ingenua, inteligente e alegre de 5 anos de idade. \u00c9 brincalhona, aventureira e extremamente curiosa. Diverte a todos com seus coment\u00e1rios e perguntas indiscretas e surpreende com suas descobertas.<\/p>\n<p>Ela \u00e9 filha \u00fanica de Gustavo L\u00e1rios (Carlo Porto), bem-sucedido empres\u00e1rio da cafeicultura brasileira, e da mexicana Teresa Rezende L\u00e1rios (Lucero), m\u00e3e acolhedora de s\u00e1bios conselhos e voz ador\u00e1vel, que faleceu num acidente quando Dulce Maria tinha apenas 3 anos de idade. Traumatizado com a trag\u00e9dia, Gustavo deixou a filha no col\u00e9gio interno.<\/p>\n","protected":false},"excerpt":{"rendered":"<p>Resumo da novela \u201cCarinha De Anjo\u201d em 24\/11: no cap\u00edtulo 042(*) da novela, Z\u00e9 Felipe mostra seu pote cheio de insetos para Em\u00edlio e aos dois amigos que passam a noite juntos. Zeca conversa por \u00e1udio com Juju e diz que pode pedir ela em namoro para Rosana. Juju finge falha no sinal da internet [&hellip;]<\/p>\n","protected":false},"author":4,"featured_media":210453,"comment_status":"closed","ping_status":"closed","sticky":false,"template":"","format":"standard","meta":{"_genesis_hide_title":false,"_genesis_hide_breadcrumbs":false,"_genesis_hide_singular_image":false,"_genesis_hide_footer_widgets":false,"_genesis_custom_body_class":"","_genesis_custom_post_class":"","_genesis_layout":"","_jetpack_memberships_contains_paid_content":false,"footnotes":""},"categories":[452,379,2025,372,343],"tags":[441],"class_list":{"0":"post-212874","1":"post","2":"type-post","3":"status-publish","4":"format-standard","5":"has-post-thumbnail","7":"category-carinha-de-anjo","8":"category-novelas","9":"category-resumo","10":"category-sbt","11":"category-televisao","12":"tag-resumo-do-dia","13":"entry","14":"gs-1","15":"gs-odd","16":"gs-even","17":"gs-featured-content-entry"},"jetpack_featured_media_url":"https:\/\/www.redenoticia.com.br\/noticia\/imagens\/carinha-de-anjo-resumo-novela-sbt-elenco-infantil.jpeg","jetpack_sharing_enabled":true,"jetpack_likes_enabled":true,"_links":{"self":[{"href":"https:\/\/www.redenoticia.com.br\/noticia\/wp-json\/wp\/v2\/posts\/212874","targetHints":{"allow":["GET"]}}],"collection":[{"href":"https:\/\/www.redenoticia.com.br\/noticia\/wp-json\/wp\/v2\/posts"}],"about":[{"href":"https:\/\/www.redenoticia.com.br\/noticia\/wp-json\/wp\/v2\/types\/post"}],"author":[{"embeddable":true,"href":"https:\/\/www.redenoticia.com.br\/noticia\/wp-json\/wp\/v2\/users\/4"}],"replies":[{"embeddable":true,"href":"https:\/\/www.redenoticia.com.br\/noticia\/wp-json\/wp\/v2\/comments?post=212874"}],"version-history":[{"count":0,"href":"https:\/\/www.redenoticia.com.br\/noticia\/wp-json\/wp\/v2\/posts\/212874\/revisions"}],"wp:featuredmedia":[{"embeddable":true,"href":"https:\/\/www.redenoticia.com.br\/noticia\/wp-json\/wp\/v2\/media\/210453"}],"wp:attachment":[{"href":"https:\/\/www.redenoticia.com.br\/noticia\/wp-json\/wp\/v2\/media?parent=212874"}],"wp:term":[{"taxonomy":"category","embeddable":true,"href":"https:\/\/www.redenoticia.com.br\/noticia\/wp-json\/wp\/v2\/categories?post=212874"},{"taxonomy":"post_tag","embeddable":true,"href":"https:\/\/www.redenoticia.com.br\/noticia\/wp-json\/wp\/v2\/tags?post=212874"}],"curies":[{"name":"wp","href":"https:\/\/api.w.org\/{rel}","templated":true}]}}