{"id":212782,"date":"2021-11-20T16:36:27","date_gmt":"2021-11-20T19:36:27","guid":{"rendered":"https:\/\/www.redenoticia.com.br\/noticia\/?p=212782"},"modified":"2021-11-20T16:36:27","modified_gmt":"2021-11-20T19:36:27","slug":"resumo-carinha-de-anjo-22-11-a-madre-autoriza-que-gustavo-frequente-o-colegio","status":"publish","type":"post","link":"https:\/\/www.redenoticia.com.br\/noticia\/2021\/resumo-carinha-de-anjo-22-11-a-madre-autoriza-que-gustavo-frequente-o-colegio\/212782","title":{"rendered":"Resumo \u201cCarinha De Anjo\u201d 22\/11: A Madre autoriza que Gustavo frequente o col\u00e9gio"},"content":{"rendered":"<p> <img loading=\"lazy\" decoding=\"async\" class=\"aligncenter size-full wp-image-210452\" src=\"https:\/\/www.redenoticia.com.br\/noticia\/imagens\/carinha-de-anjo-novela-sbt-elenco-infantil.jpeg\" alt=\"\" width=\"1280\" height=\"720\" srcset=\"https:\/\/www.redenoticia.com.br\/noticia\/imagens\/carinha-de-anjo-novela-sbt-elenco-infantil.jpeg 1280w, https:\/\/www.redenoticia.com.br\/noticia\/imagens\/carinha-de-anjo-novela-sbt-elenco-infantil-250x140.jpeg 250w, https:\/\/www.redenoticia.com.br\/noticia\/imagens\/carinha-de-anjo-novela-sbt-elenco-infantil-400x225.jpeg 400w, https:\/\/www.redenoticia.com.br\/noticia\/imagens\/carinha-de-anjo-novela-sbt-elenco-infantil-768x432.jpeg 768w, https:\/\/www.redenoticia.com.br\/noticia\/imagens\/carinha-de-anjo-novela-sbt-elenco-infantil-150x85.jpeg 150w\" sizes=\"auto, (max-width: 1280px) 100vw, 1280px\" \/><\/p>\n<p><strong><em>Resumo da novela \u201cCarinha De Anjo\u201d<\/em><\/strong> em 22\/11: no cap\u00edtulo 040(*) da novela, B\u00e1rbara e Frida descobrem que Dulce Maria far\u00e1 uma festa do pijama. Frida decide na hora que far\u00e1 uma festa grandiosa com intuito de que ningu\u00e9m v\u00e1 \u00e0 festa de Dulce Maria. Gustavo avisa Silvana que ir\u00e1 contratar uma secret\u00e1ria nova. A Madre Superiora convoca Frida e Dulce Maria para averiguar por qual motivo as duas querem fazer uma festa no mesmo dia e para as mesmas pessoas.<\/p>\n<p>Haydee e Rosana brigam no meio da rua e s\u00e3o apartadas pelo delegado Peixoto. A Madre Superiora autoriza que Gustavo volte a frequentar o col\u00e9gio. Irm\u00e3 Fabiana telefona para Estef\u00e2nia e pede para que ela fale com Gustavo sobre sua prima, Veronica, para a vaga de secret\u00e1ria na Rey Caf\u00e9. Fl\u00e1vio diz para Nicole que est\u00e1 dando em cima de F\u00e1tima pensando nas economias da mulher.<\/p>\n<p>A equipe de TV vai at\u00e9 o col\u00e9gio para gravar uma entrevista com a regente do coral de freiras, Fabiana. Cec\u00edlia e Fabiana ficam preocupadas, pois Madre Superiora ainda n\u00e3o sabe de nada. O produtor (participa\u00e7\u00e3o especial de Felipe Ventura, o Felipinho do Teleton) diz para Cec\u00edlia e Fabiana que precisam fazer a grava\u00e7\u00e3o como surpresa para as demais freiras.<\/p>\n<p>Cec\u00edlia e Fabiana pedem para o Padre Gabriel ajuda para convencer a Madre Superiora a autorizar o coral a participar do concurso da TV. Eles decidem que Madre saber\u00e1 de surpresa com a equipe j\u00e1 fazendo a filmagem. Dulce avisa as amigas que seu pai deixou apenas quatro amigas participarem da festa.<\/p>\n<p>Dulce Maria sonha com Teresa mais uma vez e \u00e9 surpreendida com a presen\u00e7a das amigas que fazem uma guerra de travesseiros. A Madre Superiora descobre que o apresentador Ratinho \u00e9 quem vai comandar o concurso de corais na TV e por isso autoriza que o coral de Doce Horizonte participe da atra\u00e7\u00e3o. O produtor grava uma performance das freiras no col\u00e9gio.<\/p>\n<p>(*) edi\u00e7\u00e3o das novelas do SBT, \u201cCarinha De Anjo\u201d, sujeito a altera\u00e7\u00e3o de data e conte\u00fado.<\/p>\n<p>Sinopse \u201cCarinha De Anjo\u201d: Dulce Maria \u00e9 uma menina doce, ingenua, inteligente e alegre de 5 anos de idade. \u00c9 brincalhona, aventureira e extremamente curiosa. Diverte a todos com seus coment\u00e1rios e perguntas indiscretas e surpreende com suas descobertas.<\/p>\n<p>Ela \u00e9 filha \u00fanica de Gustavo L\u00e1rios (Carlo Porto), bem-sucedido empres\u00e1rio da cafeicultura brasileira, e da mexicana Teresa Rezende L\u00e1rios (Lucero), m\u00e3e acolhedora de s\u00e1bios conselhos e voz ador\u00e1vel, que faleceu num acidente quando Dulce Maria tinha apenas 3 anos de idade. Traumatizado com a trag\u00e9dia, Gustavo deixou a filha no col\u00e9gio interno.<\/p>\n","protected":false},"excerpt":{"rendered":"<p>Resumo da novela \u201cCarinha De Anjo\u201d em 22\/11: no cap\u00edtulo 040(*) da novela, B\u00e1rbara e Frida descobrem que Dulce Maria far\u00e1 uma festa do pijama. Frida decide na hora que far\u00e1 uma festa grandiosa com intuito de que ningu\u00e9m v\u00e1 \u00e0 festa de Dulce Maria. Gustavo avisa Silvana que ir\u00e1 contratar uma secret\u00e1ria nova. A [&hellip;]<\/p>\n","protected":false},"author":2,"featured_media":210453,"comment_status":"closed","ping_status":"closed","sticky":false,"template":"","format":"standard","meta":{"_genesis_hide_title":false,"_genesis_hide_breadcrumbs":false,"_genesis_hide_singular_image":false,"_genesis_hide_footer_widgets":false,"_genesis_custom_body_class":"","_genesis_custom_post_class":"","_genesis_layout":"","_jetpack_memberships_contains_paid_content":false,"footnotes":""},"categories":[452,379,2025,372,343],"tags":[441],"class_list":{"0":"post-212782","1":"post","2":"type-post","3":"status-publish","4":"format-standard","5":"has-post-thumbnail","7":"category-carinha-de-anjo","8":"category-novelas","9":"category-resumo","10":"category-sbt","11":"category-televisao","12":"tag-resumo-do-dia","13":"entry","14":"gs-1","15":"gs-odd","16":"gs-even","17":"gs-featured-content-entry"},"jetpack_featured_media_url":"https:\/\/www.redenoticia.com.br\/noticia\/imagens\/carinha-de-anjo-resumo-novela-sbt-elenco-infantil.jpeg","jetpack_sharing_enabled":true,"jetpack_likes_enabled":true,"_links":{"self":[{"href":"https:\/\/www.redenoticia.com.br\/noticia\/wp-json\/wp\/v2\/posts\/212782","targetHints":{"allow":["GET"]}}],"collection":[{"href":"https:\/\/www.redenoticia.com.br\/noticia\/wp-json\/wp\/v2\/posts"}],"about":[{"href":"https:\/\/www.redenoticia.com.br\/noticia\/wp-json\/wp\/v2\/types\/post"}],"author":[{"embeddable":true,"href":"https:\/\/www.redenoticia.com.br\/noticia\/wp-json\/wp\/v2\/users\/2"}],"replies":[{"embeddable":true,"href":"https:\/\/www.redenoticia.com.br\/noticia\/wp-json\/wp\/v2\/comments?post=212782"}],"version-history":[{"count":0,"href":"https:\/\/www.redenoticia.com.br\/noticia\/wp-json\/wp\/v2\/posts\/212782\/revisions"}],"wp:featuredmedia":[{"embeddable":true,"href":"https:\/\/www.redenoticia.com.br\/noticia\/wp-json\/wp\/v2\/media\/210453"}],"wp:attachment":[{"href":"https:\/\/www.redenoticia.com.br\/noticia\/wp-json\/wp\/v2\/media?parent=212782"}],"wp:term":[{"taxonomy":"category","embeddable":true,"href":"https:\/\/www.redenoticia.com.br\/noticia\/wp-json\/wp\/v2\/categories?post=212782"},{"taxonomy":"post_tag","embeddable":true,"href":"https:\/\/www.redenoticia.com.br\/noticia\/wp-json\/wp\/v2\/tags?post=212782"}],"curies":[{"name":"wp","href":"https:\/\/api.w.org\/{rel}","templated":true}]}}