{"id":212708,"date":"2021-11-18T11:16:31","date_gmt":"2021-11-18T14:16:31","guid":{"rendered":"https:\/\/www.redenoticia.com.br\/noticia\/?p=212708"},"modified":"2021-11-18T11:16:31","modified_gmt":"2021-11-18T14:16:31","slug":"resumo-carinha-de-anjo-19-11-vitor-inaugura-seu-food-truck","status":"publish","type":"post","link":"https:\/\/www.redenoticia.com.br\/noticia\/2021\/resumo-carinha-de-anjo-19-11-vitor-inaugura-seu-food-truck\/212708","title":{"rendered":"Resumo \u201cCarinha De Anjo\u201d 19\/11: Vitor inaugura seu food truck"},"content":{"rendered":"<p><img loading=\"lazy\" decoding=\"async\" class=\"aligncenter size-full wp-image-210452\" src=\"https:\/\/www.redenoticia.com.br\/noticia\/imagens\/carinha-de-anjo-novela-sbt-elenco-infantil.jpeg\" alt=\"\" width=\"1280\" height=\"720\" srcset=\"https:\/\/www.redenoticia.com.br\/noticia\/imagens\/carinha-de-anjo-novela-sbt-elenco-infantil.jpeg 1280w, https:\/\/www.redenoticia.com.br\/noticia\/imagens\/carinha-de-anjo-novela-sbt-elenco-infantil-250x140.jpeg 250w, https:\/\/www.redenoticia.com.br\/noticia\/imagens\/carinha-de-anjo-novela-sbt-elenco-infantil-400x225.jpeg 400w, https:\/\/www.redenoticia.com.br\/noticia\/imagens\/carinha-de-anjo-novela-sbt-elenco-infantil-768x432.jpeg 768w, https:\/\/www.redenoticia.com.br\/noticia\/imagens\/carinha-de-anjo-novela-sbt-elenco-infantil-150x85.jpeg 150w\" sizes=\"auto, (max-width: 1280px) 100vw, 1280px\" \/><\/p>\n<p><strong><em>Resumo da novela \u201cCarinha De Anjo\u201d<\/em><\/strong> em 19\/11: no cap\u00edtulo 038(*) da novela, Zeca e Diana contam para In\u00e1cio o que aconteceu. In\u00e1cio acha que Diana que n\u00e3o soube lidar com a situa\u00e7\u00e3o. Dulce Maria sonha com a m\u00e3e, Teresa, e diz para ela que aprendeu a cozinhar com Vitor. No col\u00e9gio, as meninas e as irm\u00e3s se despedem com uma surpresa da irm\u00e3 Ben\u00ea (Renata Bras), que vai para um col\u00e9gio em S\u00e3o Paulo.<\/p>\n<p>As pequeninas d\u00e3o as boas-vindas para a irm\u00e3 Luzia (Laryssa Dias). O food truck LEPF, do Vitor, j\u00e1 est\u00e1 no centro de Doce Horizonte. Madre Superiora deixa que as irm\u00e3s v\u00e3o at\u00e9 o evento de inaugura\u00e7\u00e3o do food truck. Juju e Zeca fazem as pazes. Todos j\u00e1 come\u00e7am a chegar no evento.<\/p>\n<p>Peixoto diz para Haydee que o beijo que ela deu nele foi um erro. As irm\u00e3s chegam ao evento do food truck. Vitor fala no palco com as pessoas e Juju apresenta Zeca, que faz um show sertanejo. Fl\u00e1vio d\u00e1 em cima de F\u00e1tima. As freiras sobem no palco e se apresentam.<\/p>\n<p>Um ex-paquera de Rosana aparece e Peixoto se incomoda. Rosana percebe que tudo foi uma arma\u00e7\u00e3o de Haydee. Nicole sobe ao palco e d\u00e1 de presente para Zeca um computador, com desculpa que ajudar\u00e1 ele a se lan\u00e7ar no meio art\u00edstico.<\/p>\n<p>(*) edi\u00e7\u00e3o das novelas do SBT, \u201cCarinha De Anjo\u201d, sujeito a altera\u00e7\u00e3o de data e conte\u00fado.<\/p>\n<p>Sinopse \u201cCarinha De Anjo\u201d: Dulce Maria \u00e9 uma menina doce, ingenua, inteligente e alegre de 5 anos de idade. \u00c9 brincalhona, aventureira e extremamente curiosa. Diverte a todos com seus coment\u00e1rios e perguntas indiscretas e surpreende com suas descobertas.<\/p>\n<p>Ela \u00e9 filha \u00fanica de Gustavo L\u00e1rios (Carlo Porto), bem-sucedido empres\u00e1rio da cafeicultura brasileira, e da mexicana Teresa Rezende L\u00e1rios (Lucero), m\u00e3e acolhedora de s\u00e1bios conselhos e voz ador\u00e1vel, que faleceu num acidente quando Dulce Maria tinha apenas 3 anos de idade. Traumatizado com a trag\u00e9dia, Gustavo deixou a filha no col\u00e9gio interno.<\/p>\n","protected":false},"excerpt":{"rendered":"<p>Resumo da novela \u201cCarinha De Anjo\u201d em 19\/11: no cap\u00edtulo 038(*) da novela, Zeca e Diana contam para In\u00e1cio o que aconteceu. In\u00e1cio acha que Diana que n\u00e3o soube lidar com a situa\u00e7\u00e3o. Dulce Maria sonha com a m\u00e3e, Teresa, e diz para ela que aprendeu a cozinhar com Vitor. No col\u00e9gio, as meninas e [&hellip;]<\/p>\n","protected":false},"author":4,"featured_media":210453,"comment_status":"closed","ping_status":"closed","sticky":false,"template":"","format":"standard","meta":{"_genesis_hide_title":false,"_genesis_hide_breadcrumbs":false,"_genesis_hide_singular_image":false,"_genesis_hide_footer_widgets":false,"_genesis_custom_body_class":"","_genesis_custom_post_class":"","_genesis_layout":"","_jetpack_memberships_contains_paid_content":false,"footnotes":""},"categories":[452,379,2025,372,343],"tags":[441],"class_list":{"0":"post-212708","1":"post","2":"type-post","3":"status-publish","4":"format-standard","5":"has-post-thumbnail","7":"category-carinha-de-anjo","8":"category-novelas","9":"category-resumo","10":"category-sbt","11":"category-televisao","12":"tag-resumo-do-dia","13":"entry","14":"gs-1","15":"gs-odd","16":"gs-even","17":"gs-featured-content-entry"},"jetpack_featured_media_url":"https:\/\/www.redenoticia.com.br\/noticia\/imagens\/carinha-de-anjo-resumo-novela-sbt-elenco-infantil.jpeg","jetpack_sharing_enabled":true,"jetpack_likes_enabled":true,"_links":{"self":[{"href":"https:\/\/www.redenoticia.com.br\/noticia\/wp-json\/wp\/v2\/posts\/212708","targetHints":{"allow":["GET"]}}],"collection":[{"href":"https:\/\/www.redenoticia.com.br\/noticia\/wp-json\/wp\/v2\/posts"}],"about":[{"href":"https:\/\/www.redenoticia.com.br\/noticia\/wp-json\/wp\/v2\/types\/post"}],"author":[{"embeddable":true,"href":"https:\/\/www.redenoticia.com.br\/noticia\/wp-json\/wp\/v2\/users\/4"}],"replies":[{"embeddable":true,"href":"https:\/\/www.redenoticia.com.br\/noticia\/wp-json\/wp\/v2\/comments?post=212708"}],"version-history":[{"count":0,"href":"https:\/\/www.redenoticia.com.br\/noticia\/wp-json\/wp\/v2\/posts\/212708\/revisions"}],"wp:featuredmedia":[{"embeddable":true,"href":"https:\/\/www.redenoticia.com.br\/noticia\/wp-json\/wp\/v2\/media\/210453"}],"wp:attachment":[{"href":"https:\/\/www.redenoticia.com.br\/noticia\/wp-json\/wp\/v2\/media?parent=212708"}],"wp:term":[{"taxonomy":"category","embeddable":true,"href":"https:\/\/www.redenoticia.com.br\/noticia\/wp-json\/wp\/v2\/categories?post=212708"},{"taxonomy":"post_tag","embeddable":true,"href":"https:\/\/www.redenoticia.com.br\/noticia\/wp-json\/wp\/v2\/tags?post=212708"}],"curies":[{"name":"wp","href":"https:\/\/api.w.org\/{rel}","templated":true}]}}