{"id":212558,"date":"2021-11-13T17:14:10","date_gmt":"2021-11-13T20:14:10","guid":{"rendered":"https:\/\/www.redenoticia.com.br\/noticia\/?p=212558"},"modified":"2021-11-13T17:14:10","modified_gmt":"2021-11-13T20:14:10","slug":"resumo-carinha-de-anjo-15-11-dulce-maria-quer-ser-expulsa-do-orfanato","status":"publish","type":"post","link":"https:\/\/www.redenoticia.com.br\/noticia\/2021\/resumo-carinha-de-anjo-15-11-dulce-maria-quer-ser-expulsa-do-orfanato\/212558","title":{"rendered":"Resumo \u201cCarinha De Anjo\u201d 15\/11: Dulce Maria quer ser expulsa do orfanato"},"content":{"rendered":"<p> <img loading=\"lazy\" decoding=\"async\" class=\"aligncenter size-full wp-image-210452\" src=\"https:\/\/www.redenoticia.com.br\/noticia\/imagens\/carinha-de-anjo-novela-sbt-elenco-infantil.jpeg\" alt=\"\" width=\"1280\" height=\"720\" srcset=\"https:\/\/www.redenoticia.com.br\/noticia\/imagens\/carinha-de-anjo-novela-sbt-elenco-infantil.jpeg 1280w, https:\/\/www.redenoticia.com.br\/noticia\/imagens\/carinha-de-anjo-novela-sbt-elenco-infantil-250x140.jpeg 250w, https:\/\/www.redenoticia.com.br\/noticia\/imagens\/carinha-de-anjo-novela-sbt-elenco-infantil-400x225.jpeg 400w, https:\/\/www.redenoticia.com.br\/noticia\/imagens\/carinha-de-anjo-novela-sbt-elenco-infantil-768x432.jpeg 768w, https:\/\/www.redenoticia.com.br\/noticia\/imagens\/carinha-de-anjo-novela-sbt-elenco-infantil-150x85.jpeg 150w\" sizes=\"auto, (max-width: 1280px) 100vw, 1280px\" \/><\/p>\n<p><strong><em>Resumo da novela \u201cCarinha De Anjo\u201d<\/em><\/strong> em 15\/11: no cap\u00edtulo 036(*) da novela, Dulce Maria conversa com Tereza em seu sonho e diz que est\u00e1 triste com o fato da irm\u00e3 Cec\u00edlia ir embora e que far\u00e1 algo para ser expulsa do col\u00e9gio, pois n\u00e3o quer ficar l\u00e1 sem Cec\u00edlia. <\/p>\n<p>V\u00edtor diz para Solange que s\u00f3 falta encontrar algu\u00e9m para trabalhar com ele no food truck. Cec\u00edlia se despede das alunas do col\u00e9gio. Dulce leva uma rosa branca para Cec\u00edlia como despedida e revela que ela far\u00e1 algo muito feio para ser expulsa. A carinha de anjo diz que quer ser transferida para o col\u00e9gio onde ela ir\u00e1. Cec\u00edlia tenta mudar a ideia de Dulce, mas sem sucesso.<\/p>\n<p>Nicole conversa com In\u00e1cio que conta que Zeca far\u00e1 uma apresenta\u00e7\u00e3o no food truck. Dulce Maria utiliza um extintor de inc\u00eandio para simular que estava pegando fogo no col\u00e9gio e assim deixar todos do col\u00e9gio em p\u00e2nico para ser expulsa. A Madre Superiora descobre e chama Gustavo e Tia Perucas at\u00e9 o col\u00e9gio. Fabiana aconselha Dulce Maria a dizer que usou a fuma\u00e7a do extintor para espantar formigas.<\/p>\n<p>(*) edi\u00e7\u00e3o das novelas do SBT, \u201cCarinha De Anjo\u201d, sujeito a altera\u00e7\u00e3o de data e conte\u00fado.<\/p>\n<p>Sinopse \u201cCarinha De Anjo\u201d: Dulce Maria \u00e9 uma menina doce, ingenua, inteligente e alegre de 5 anos de idade. \u00c9 brincalhona, aventureira e extremamente curiosa. Diverte a todos com seus coment\u00e1rios e perguntas indiscretas e surpreende com suas descobertas.<\/p>\n<p>Ela \u00e9 filha \u00fanica de Gustavo L\u00e1rios (Carlo Porto), bem-sucedido empres\u00e1rio da cafeicultura brasileira, e da mexicana Teresa Rezende L\u00e1rios (Lucero), m\u00e3e acolhedora de s\u00e1bios conselhos e voz ador\u00e1vel, que faleceu num acidente quando Dulce Maria tinha apenas 3 anos de idade. Traumatizado com a trag\u00e9dia, Gustavo deixou a filha no col\u00e9gio interno.<\/p>\n","protected":false},"excerpt":{"rendered":"<p>Resumo da novela \u201cCarinha De Anjo\u201d em 15\/11: no cap\u00edtulo 036(*) da novela, Dulce Maria conversa com Tereza em seu sonho e diz que est\u00e1 triste com o fato da irm\u00e3 Cec\u00edlia ir embora e que far\u00e1 algo para ser expulsa do col\u00e9gio, pois n\u00e3o quer ficar l\u00e1 sem Cec\u00edlia. V\u00edtor diz para Solange que [&hellip;]<\/p>\n","protected":false},"author":2,"featured_media":210453,"comment_status":"closed","ping_status":"closed","sticky":false,"template":"","format":"standard","meta":{"_genesis_hide_title":false,"_genesis_hide_breadcrumbs":false,"_genesis_hide_singular_image":false,"_genesis_hide_footer_widgets":false,"_genesis_custom_body_class":"","_genesis_custom_post_class":"","_genesis_layout":"","_jetpack_memberships_contains_paid_content":false,"footnotes":""},"categories":[452,379,2025,372,343],"tags":[441],"class_list":{"0":"post-212558","1":"post","2":"type-post","3":"status-publish","4":"format-standard","5":"has-post-thumbnail","7":"category-carinha-de-anjo","8":"category-novelas","9":"category-resumo","10":"category-sbt","11":"category-televisao","12":"tag-resumo-do-dia","13":"entry","14":"gs-1","15":"gs-odd","16":"gs-even","17":"gs-featured-content-entry"},"jetpack_featured_media_url":"https:\/\/www.redenoticia.com.br\/noticia\/imagens\/carinha-de-anjo-resumo-novela-sbt-elenco-infantil.jpeg","jetpack_sharing_enabled":true,"jetpack_likes_enabled":true,"_links":{"self":[{"href":"https:\/\/www.redenoticia.com.br\/noticia\/wp-json\/wp\/v2\/posts\/212558","targetHints":{"allow":["GET"]}}],"collection":[{"href":"https:\/\/www.redenoticia.com.br\/noticia\/wp-json\/wp\/v2\/posts"}],"about":[{"href":"https:\/\/www.redenoticia.com.br\/noticia\/wp-json\/wp\/v2\/types\/post"}],"author":[{"embeddable":true,"href":"https:\/\/www.redenoticia.com.br\/noticia\/wp-json\/wp\/v2\/users\/2"}],"replies":[{"embeddable":true,"href":"https:\/\/www.redenoticia.com.br\/noticia\/wp-json\/wp\/v2\/comments?post=212558"}],"version-history":[{"count":0,"href":"https:\/\/www.redenoticia.com.br\/noticia\/wp-json\/wp\/v2\/posts\/212558\/revisions"}],"wp:featuredmedia":[{"embeddable":true,"href":"https:\/\/www.redenoticia.com.br\/noticia\/wp-json\/wp\/v2\/media\/210453"}],"wp:attachment":[{"href":"https:\/\/www.redenoticia.com.br\/noticia\/wp-json\/wp\/v2\/media?parent=212558"}],"wp:term":[{"taxonomy":"category","embeddable":true,"href":"https:\/\/www.redenoticia.com.br\/noticia\/wp-json\/wp\/v2\/categories?post=212558"},{"taxonomy":"post_tag","embeddable":true,"href":"https:\/\/www.redenoticia.com.br\/noticia\/wp-json\/wp\/v2\/tags?post=212558"}],"curies":[{"name":"wp","href":"https:\/\/api.w.org\/{rel}","templated":true}]}}