{"id":212529,"date":"2021-11-12T13:14:11","date_gmt":"2021-11-12T16:14:11","guid":{"rendered":"https:\/\/www.redenoticia.com.br\/noticia\/?p=212529"},"modified":"2021-11-12T13:14:11","modified_gmt":"2021-11-12T16:14:11","slug":"resumo-carinha-de-anjo-13-11-dulce-maria-consegue-entrar-no-quarto-da-irma-cecilia","status":"publish","type":"post","link":"https:\/\/www.redenoticia.com.br\/noticia\/2021\/resumo-carinha-de-anjo-13-11-dulce-maria-consegue-entrar-no-quarto-da-irma-cecilia\/212529","title":{"rendered":"Resumo \u201cCarinha De Anjo\u201d 13\/11: Dulce Maria consegue entrar no quarto da irm\u00e3 Cec\u00edlia"},"content":{"rendered":"<p><img loading=\"lazy\" decoding=\"async\" class=\"aligncenter size-full wp-image-210452\" src=\"https:\/\/www.redenoticia.com.br\/noticia\/imagens\/carinha-de-anjo-novela-sbt-elenco-infantil.jpeg\" alt=\"\" width=\"1280\" height=\"720\" srcset=\"https:\/\/www.redenoticia.com.br\/noticia\/imagens\/carinha-de-anjo-novela-sbt-elenco-infantil.jpeg 1280w, https:\/\/www.redenoticia.com.br\/noticia\/imagens\/carinha-de-anjo-novela-sbt-elenco-infantil-250x140.jpeg 250w, https:\/\/www.redenoticia.com.br\/noticia\/imagens\/carinha-de-anjo-novela-sbt-elenco-infantil-400x225.jpeg 400w, https:\/\/www.redenoticia.com.br\/noticia\/imagens\/carinha-de-anjo-novela-sbt-elenco-infantil-768x432.jpeg 768w, https:\/\/www.redenoticia.com.br\/noticia\/imagens\/carinha-de-anjo-novela-sbt-elenco-infantil-150x85.jpeg 150w\" sizes=\"auto, (max-width: 1280px) 100vw, 1280px\" \/><\/p>\n<p><strong><em>Resumo da novela \u201cCarinha De Anjo\u201d<\/em><\/strong> em 13\/11: no cap\u00edtulo 035(*) da novela, Franciely conta para Silvestre que Dulce Maria quer ser expulsa do col\u00e9gio. Dulce Maria consegue entrar no quarto da irm\u00e3 Cec\u00edlia escondida durante a noite. A pequenina diz que falou com Papai do C\u00e9u, que deixou ela ir visit\u00e1-lo. A Madre Superiora vai at\u00e9 o quarto de Cec\u00edlia para fazer companhia e enquanto isso, Dulce Maria fica escondida debaixo da cama. Fabiana e F\u00e1tima percebem que Dulce Maria n\u00e3o est\u00e1 no quarto e logo percebem que Dulce Maria deve estar no quarto de Cec\u00edlia.<\/p>\n<p>Franciely conta para Estef\u00e2nia que Dulce Maria disse que se a irm\u00e3 Cec\u00edlia for embora ela dar\u00e1 um jeito de ser expulsa do col\u00e9gio. Gustavo vai at\u00e9 a casa de F\u00e1tima para saber como est\u00e1 Cec\u00edlia. Doutor Andr\u00e9 avisa que Cec\u00edlia j\u00e1 est\u00e1 recuperada da virose. Madre cobra de Cec\u00edlia uma posi\u00e7\u00e3o de quando ela acha que estar\u00e1 pronta para se mudar para o col\u00e9gio do Rio Grande do Sul. Cec\u00edlia diz que independente de quando for, sentir\u00e1 da mesma maneira. A Madre Superiora informa ent\u00e3o que Cec\u00edlia vai para o novo col\u00e9gio no dia seguinte. Dulce Maria e irm\u00e3 Fabiana escutam tudo atr\u00e1s da porta.<\/p>\n<p>(*) edi\u00e7\u00e3o das novelas do SBT, \u201cCarinha De Anjo\u201d, sujeito a altera\u00e7\u00e3o de data e conte\u00fado.<\/p>\n<p>Sinopse \u201cCarinha De Anjo\u201d: Dulce Maria \u00e9 uma menina doce, ingenua, inteligente e alegre de 5 anos de idade. \u00c9 brincalhona, aventureira e extremamente curiosa. Diverte a todos com seus coment\u00e1rios e perguntas indiscretas e surpreende com suas descobertas.<\/p>\n<p>Ela \u00e9 filha \u00fanica de Gustavo L\u00e1rios (Carlo Porto), bem-sucedido empres\u00e1rio da cafeicultura brasileira, e da mexicana Teresa Rezende L\u00e1rios (Lucero), m\u00e3e acolhedora de s\u00e1bios conselhos e voz ador\u00e1vel, que faleceu num acidente quando Dulce Maria tinha apenas 3 anos de idade. Traumatizado com a trag\u00e9dia, Gustavo deixou a filha no col\u00e9gio interno.<\/p>\n","protected":false},"excerpt":{"rendered":"<p>Resumo da novela \u201cCarinha De Anjo\u201d em 13\/11: no cap\u00edtulo 035(*) da novela, Franciely conta para Silvestre que Dulce Maria quer ser expulsa do col\u00e9gio. Dulce Maria consegue entrar no quarto da irm\u00e3 Cec\u00edlia escondida durante a noite. A pequenina diz que falou com Papai do C\u00e9u, que deixou ela ir visit\u00e1-lo. A Madre Superiora [&hellip;]<\/p>\n","protected":false},"author":4,"featured_media":210453,"comment_status":"closed","ping_status":"closed","sticky":false,"template":"","format":"standard","meta":{"_genesis_hide_title":false,"_genesis_hide_breadcrumbs":false,"_genesis_hide_singular_image":false,"_genesis_hide_footer_widgets":false,"_genesis_custom_body_class":"","_genesis_custom_post_class":"","_genesis_layout":"","_jetpack_memberships_contains_paid_content":false,"footnotes":""},"categories":[452,379,2025,372,343],"tags":[441],"class_list":{"0":"post-212529","1":"post","2":"type-post","3":"status-publish","4":"format-standard","5":"has-post-thumbnail","7":"category-carinha-de-anjo","8":"category-novelas","9":"category-resumo","10":"category-sbt","11":"category-televisao","12":"tag-resumo-do-dia","13":"entry","14":"gs-1","15":"gs-odd","16":"gs-even","17":"gs-featured-content-entry"},"jetpack_featured_media_url":"https:\/\/www.redenoticia.com.br\/noticia\/imagens\/carinha-de-anjo-resumo-novela-sbt-elenco-infantil.jpeg","jetpack_sharing_enabled":true,"jetpack_likes_enabled":true,"_links":{"self":[{"href":"https:\/\/www.redenoticia.com.br\/noticia\/wp-json\/wp\/v2\/posts\/212529","targetHints":{"allow":["GET"]}}],"collection":[{"href":"https:\/\/www.redenoticia.com.br\/noticia\/wp-json\/wp\/v2\/posts"}],"about":[{"href":"https:\/\/www.redenoticia.com.br\/noticia\/wp-json\/wp\/v2\/types\/post"}],"author":[{"embeddable":true,"href":"https:\/\/www.redenoticia.com.br\/noticia\/wp-json\/wp\/v2\/users\/4"}],"replies":[{"embeddable":true,"href":"https:\/\/www.redenoticia.com.br\/noticia\/wp-json\/wp\/v2\/comments?post=212529"}],"version-history":[{"count":0,"href":"https:\/\/www.redenoticia.com.br\/noticia\/wp-json\/wp\/v2\/posts\/212529\/revisions"}],"wp:featuredmedia":[{"embeddable":true,"href":"https:\/\/www.redenoticia.com.br\/noticia\/wp-json\/wp\/v2\/media\/210453"}],"wp:attachment":[{"href":"https:\/\/www.redenoticia.com.br\/noticia\/wp-json\/wp\/v2\/media?parent=212529"}],"wp:term":[{"taxonomy":"category","embeddable":true,"href":"https:\/\/www.redenoticia.com.br\/noticia\/wp-json\/wp\/v2\/categories?post=212529"},{"taxonomy":"post_tag","embeddable":true,"href":"https:\/\/www.redenoticia.com.br\/noticia\/wp-json\/wp\/v2\/tags?post=212529"}],"curies":[{"name":"wp","href":"https:\/\/api.w.org\/{rel}","templated":true}]}}