{"id":21245,"date":"2010-01-06T14:46:52","date_gmt":"2010-01-06T18:46:52","guid":{"rendered":"http:\/\/www.redenoticia.com.br\/noticia\/?p=21245"},"modified":"2010-01-06T14:46:50","modified_gmt":"2010-01-06T18:46:50","slug":"reforce-a-atencao-com-a-hidratacao-dos-pequenos-no-verao","status":"publish","type":"post","link":"https:\/\/www.redenoticia.com.br\/noticia\/2010\/reforce-a-atencao-com-a-hidratacao-dos-pequenos-no-verao\/21245","title":{"rendered":"Reforce a aten\u00e7\u00e3o com a hidrata\u00e7\u00e3o dos pequenos no ver\u00e3o"},"content":{"rendered":"<p><img loading=\"lazy\" decoding=\"async\" class=\"alignleft size-full wp-image-21246\" title=\"hidratacao verao\" src=\"https:\/\/www.redenoticia.com.br\/noticia\/imagens\/hidratacao-verao.jpg\" alt=\"\" width=\"300\" height=\"193\" srcset=\"https:\/\/www.redenoticia.com.br\/noticia\/imagens\/hidratacao-verao.jpg 300w, https:\/\/www.redenoticia.com.br\/noticia\/imagens\/hidratacao-verao-250x160.jpg 250w, https:\/\/www.redenoticia.com.br\/noticia\/imagens\/hidratacao-verao-150x96.jpg 150w\" sizes=\"auto, (max-width: 300px) 100vw, 300px\" \/>Durante o <strong><em>ver\u00e3o<\/em><\/strong> o corpo humano elimina mais liquido do que em outras \u00e9pocas do ano, por isso a <strong><em>hidrata\u00e7\u00e3o <\/em><\/strong>ganha uma import\u00e2ncia ainda maior. &#8220;O ideal \u00e9 consumir cerca de dois litros de \u00e1gua por dia, mas no ver\u00e3o pelo excesso de suor essa necessidade aumenta&#8221;, afirma o Pediatra e homeopata, Dr. Moises Chencinski.<\/p>\n<p>Com as f\u00e9rias escolares, as m\u00e3es precisam ficar atentas para a hidrata\u00e7\u00e3o de seus filhos. Normalmente eles n\u00e3o possuem o h\u00e1bito de tomar \u00e1gua e com isso podem sofrer com os efeitos da desidrata\u00e7\u00e3o.<br \/>\n&#8220;\u00c9 muito importante que os pais fiquem atentos \u00e0 hidrata\u00e7\u00e3o dos pequenos, al\u00e9m de procurarem alternativas para os que n\u00e3o gostam de tomar \u00e1gua&#8221;, explica o pediatra. Ainda segundo ele, sucos e \u00e1gua de c\u00f4co s\u00e3o boas op\u00e7\u00f5es para a hidrata\u00e7\u00e3o e o sabor pode ser um atrativo.<br \/>\n&#8220;O ideal \u00e9 o consumo de \u00e1gua, mas caso a crian\u00e7a n\u00e3o beba muita \u00e1gua, as m\u00e3es podem fazer alguns testes e ver qual suco mais agrada seus filho&#8221;, indica o doutor que lembra, ainda, da import\u00e2ncia de utilizar protetor solar e manter uma alimenta\u00e7\u00e3o balanceada.<\/p>\n","protected":false},"excerpt":{"rendered":"<p>Durante o ver\u00e3o o corpo humano elimina mais liquido do que em outras \u00e9pocas do ano, por isso a hidrata\u00e7\u00e3o ganha uma import\u00e2ncia ainda maior. &#8220;O ideal \u00e9 consumir cerca de dois litros de \u00e1gua por dia, mas no ver\u00e3o pelo excesso de suor essa necessidade aumenta&#8221;, afirma o Pediatra e homeopata, Dr. Moises Chencinski. [&hellip;]<\/p>\n","protected":false},"author":3,"featured_media":0,"comment_status":"open","ping_status":"open","sticky":false,"template":"","format":"standard","meta":{"_genesis_hide_title":false,"_genesis_hide_breadcrumbs":false,"_genesis_hide_singular_image":false,"_genesis_hide_footer_widgets":false,"_genesis_custom_body_class":"","_genesis_custom_post_class":"","_genesis_layout":"","_jetpack_memberships_contains_paid_content":false,"footnotes":""},"categories":[22],"tags":[],"class_list":{"0":"post-21245","1":"post","2":"type-post","3":"status-publish","4":"format-standard","6":"category-brasil","7":"entry","8":"has-post-thumbnail","9":"gs-1","10":"gs-odd","11":"gs-even","12":"gs-featured-content-entry"},"jetpack_featured_media_url":"","jetpack_sharing_enabled":true,"jetpack_likes_enabled":true,"_links":{"self":[{"href":"https:\/\/www.redenoticia.com.br\/noticia\/wp-json\/wp\/v2\/posts\/21245","targetHints":{"allow":["GET"]}}],"collection":[{"href":"https:\/\/www.redenoticia.com.br\/noticia\/wp-json\/wp\/v2\/posts"}],"about":[{"href":"https:\/\/www.redenoticia.com.br\/noticia\/wp-json\/wp\/v2\/types\/post"}],"author":[{"embeddable":true,"href":"https:\/\/www.redenoticia.com.br\/noticia\/wp-json\/wp\/v2\/users\/3"}],"replies":[{"embeddable":true,"href":"https:\/\/www.redenoticia.com.br\/noticia\/wp-json\/wp\/v2\/comments?post=21245"}],"version-history":[{"count":0,"href":"https:\/\/www.redenoticia.com.br\/noticia\/wp-json\/wp\/v2\/posts\/21245\/revisions"}],"wp:attachment":[{"href":"https:\/\/www.redenoticia.com.br\/noticia\/wp-json\/wp\/v2\/media?parent=21245"}],"wp:term":[{"taxonomy":"category","embeddable":true,"href":"https:\/\/www.redenoticia.com.br\/noticia\/wp-json\/wp\/v2\/categories?post=21245"},{"taxonomy":"post_tag","embeddable":true,"href":"https:\/\/www.redenoticia.com.br\/noticia\/wp-json\/wp\/v2\/tags?post=21245"}],"curies":[{"name":"wp","href":"https:\/\/api.w.org\/{rel}","templated":true}]}}