{"id":212210,"date":"2021-11-03T13:08:56","date_gmt":"2021-11-03T16:08:56","guid":{"rendered":"https:\/\/www.redenoticia.com.br\/noticia\/?p=212210"},"modified":"2021-11-03T13:08:56","modified_gmt":"2021-11-03T16:08:56","slug":"resumo-nos-tempos-do-imperador-04-11-bandidos-tentam-roubar-dinheiro-e-sequestrar-luisa","status":"publish","type":"post","link":"https:\/\/www.redenoticia.com.br\/noticia\/2021\/resumo-nos-tempos-do-imperador-04-11-bandidos-tentam-roubar-dinheiro-e-sequestrar-luisa\/212210","title":{"rendered":"Resumo \u201cNos Tempos do Imperador\u201d 04\/11: Bandidos tentam roubar dinheiro e sequestrar Lu\u00edsa"},"content":{"rendered":"<p><img loading=\"lazy\" decoding=\"async\" src=\"https:\/\/www.redenoticia.com.br\/noticia\/imagens\/resumo-nos-tempos-do-imperador-personagens-resumo-novela-das-seis-novela-da-globo.jpg\" alt=\"\" width=\"1280\" height=\"720\" class=\"aligncenter size-full wp-image-195138\" srcset=\"https:\/\/www.redenoticia.com.br\/noticia\/imagens\/resumo-nos-tempos-do-imperador-personagens-resumo-novela-das-seis-novela-da-globo.jpg 1280w, https:\/\/www.redenoticia.com.br\/noticia\/imagens\/resumo-nos-tempos-do-imperador-personagens-resumo-novela-das-seis-novela-da-globo-250x140.jpg 250w, https:\/\/www.redenoticia.com.br\/noticia\/imagens\/resumo-nos-tempos-do-imperador-personagens-resumo-novela-das-seis-novela-da-globo-400x225.jpg 400w, https:\/\/www.redenoticia.com.br\/noticia\/imagens\/resumo-nos-tempos-do-imperador-personagens-resumo-novela-das-seis-novela-da-globo-768x432.jpg 768w, https:\/\/www.redenoticia.com.br\/noticia\/imagens\/resumo-nos-tempos-do-imperador-personagens-resumo-novela-das-seis-novela-da-globo-150x85.jpg 150w, https:\/\/www.redenoticia.com.br\/noticia\/imagens\/resumo-nos-tempos-do-imperador-personagens-resumo-novela-das-seis-novela-da-globo-696x392.jpg 696w, https:\/\/www.redenoticia.com.br\/noticia\/imagens\/resumo-nos-tempos-do-imperador-personagens-resumo-novela-das-seis-novela-da-globo-1068x601.jpg 1068w\" sizes=\"auto, (max-width: 1280px) 100vw, 1280px\" \/><\/p>\n<p><em><strong>Resumo da novela \u201cNos Tempos do Imperador\u201d<\/strong><\/em> em 04\/11: no cap\u00edtulo 076(*) da novela, N\u00e9lio desmaia na frente de Tonico. C\u00e2ndida conclui que Zayla e Pilar est\u00e3o escondendo algo. Lu\u00edsa se incomoda com a harmonia entre Pedro e Teresa. Dois bandidos tentam roubar o dinheiro do sarau e sequestrar Lu\u00edsa, mas Samuel, Gast\u00e3o e Augusto os impedem. Hil\u00e1rio sugere que Quinzinho case com Vit\u00f3ria. Lu\u00edsa presta queixa da invas\u00e3o a Borges e diz a Tonico que foi Samuel quem a defendeu. Pedro alerta Celestina sobre as inten\u00e7\u00f5es de Nino. Guebo comenta com Samuel suas desconfian\u00e7as de Zayla.<\/p>\n<p>(*) edi\u00e7\u00e3o das novelas da Globo, \u201cNos Tempos do Imperador\u201d, sujeito a altera\u00e7\u00e3o de data e conte\u00fado.<\/p>\n<p>Sinopse \u201cNos Tempos do Imperador\u201d: A jovem Pilar enfrenta, desde pequena, o peso de ser uma mulher do s\u00e9culo XIX e tenta convencer o pai Eudoro (Jos\u00e9 Dumont), fazendeiro e coronel da Bahia, a deix\u00e1-la estudar. No entanto, Eudoro promete casar sua filha com o grande vil\u00e3o da novela, Tonico (Alexandre Nero), futuro candidato a deputado pela Bahia. A possibilidade de um casamento sem amor faz com que Pilar decida fugir, pois seu maior sonho \u00e9 ser m\u00e9dica. Para tr\u00e1s, ela deixa sua irm\u00e3 Dolores (Julia Freitas\/Daphne Bozaski). Em paralelo, o escravo Jorge\/Samuel, um homem corajoso e honesto, que acredita na integra\u00e7\u00e3o entre negros e brancos, luta para se tornar livre, como a maioria dos negros que vive na mesma situa\u00e7\u00e3o. Diante da realidade da escravid\u00e3o, a \u00fanica op\u00e7\u00e3o \u00e9 fugir tamb\u00e9m, mas antes que planeje algo, o destino lhe obriga a escapar sem qualquer planejamento. Durante a fuga, Pilar cruza seu caminho. Um encontro que muda a vida dos dois para sempre. O casal vai lutar pelos seus sonhos, movido pela paix\u00e3o que nutre um pelo outro, mas tamb\u00e9m deseja fazer a diferen\u00e7a na vida das pessoas. Ela acredita que vai se formar em medicina e ele cr\u00ea que pode mudar a sociedade.<\/p>\n","protected":false},"excerpt":{"rendered":"<p>Resumo da novela \u201cNos Tempos do Imperador\u201d em 04\/11: no cap\u00edtulo 076(*) da novela, N\u00e9lio desmaia na frente de Tonico. C\u00e2ndida conclui que Zayla e Pilar est\u00e3o escondendo algo. Lu\u00edsa se incomoda com a harmonia entre Pedro e Teresa. Dois bandidos tentam roubar o dinheiro do sarau e sequestrar Lu\u00edsa, mas Samuel, Gast\u00e3o e Augusto [&hellip;]<\/p>\n","protected":false},"author":4,"featured_media":209098,"comment_status":"closed","ping_status":"closed","sticky":false,"template":"","format":"standard","meta":{"_genesis_hide_title":false,"_genesis_hide_breadcrumbs":false,"_genesis_hide_singular_image":false,"_genesis_hide_footer_widgets":false,"_genesis_custom_body_class":"","_genesis_custom_post_class":"","_genesis_layout":"","_jetpack_memberships_contains_paid_content":false,"footnotes":""},"categories":[2219,379,375,2025,343],"tags":[441],"class_list":{"0":"post-212210","1":"post","2":"type-post","3":"status-publish","4":"format-standard","5":"has-post-thumbnail","7":"category-nos-tempos-do-imperador","8":"category-novelas","9":"category-rede-globo","10":"category-resumo","11":"category-televisao","12":"tag-resumo-do-dia","13":"entry","14":"gs-1","15":"gs-odd","16":"gs-even","17":"gs-featured-content-entry"},"jetpack_featured_media_url":"https:\/\/www.redenoticia.com.br\/noticia\/imagens\/nos-tempos-do-imperador-resumo.jpeg","jetpack_sharing_enabled":true,"jetpack_likes_enabled":true,"_links":{"self":[{"href":"https:\/\/www.redenoticia.com.br\/noticia\/wp-json\/wp\/v2\/posts\/212210","targetHints":{"allow":["GET"]}}],"collection":[{"href":"https:\/\/www.redenoticia.com.br\/noticia\/wp-json\/wp\/v2\/posts"}],"about":[{"href":"https:\/\/www.redenoticia.com.br\/noticia\/wp-json\/wp\/v2\/types\/post"}],"author":[{"embeddable":true,"href":"https:\/\/www.redenoticia.com.br\/noticia\/wp-json\/wp\/v2\/users\/4"}],"replies":[{"embeddable":true,"href":"https:\/\/www.redenoticia.com.br\/noticia\/wp-json\/wp\/v2\/comments?post=212210"}],"version-history":[{"count":0,"href":"https:\/\/www.redenoticia.com.br\/noticia\/wp-json\/wp\/v2\/posts\/212210\/revisions"}],"wp:featuredmedia":[{"embeddable":true,"href":"https:\/\/www.redenoticia.com.br\/noticia\/wp-json\/wp\/v2\/media\/209098"}],"wp:attachment":[{"href":"https:\/\/www.redenoticia.com.br\/noticia\/wp-json\/wp\/v2\/media?parent=212210"}],"wp:term":[{"taxonomy":"category","embeddable":true,"href":"https:\/\/www.redenoticia.com.br\/noticia\/wp-json\/wp\/v2\/categories?post=212210"},{"taxonomy":"post_tag","embeddable":true,"href":"https:\/\/www.redenoticia.com.br\/noticia\/wp-json\/wp\/v2\/tags?post=212210"}],"curies":[{"name":"wp","href":"https:\/\/api.w.org\/{rel}","templated":true}]}}