{"id":2119,"date":"2009-05-30T00:26:29","date_gmt":"2009-05-30T04:26:29","guid":{"rendered":"http:\/\/www.redenoticia.com.br\/noticia\/?p=2119"},"modified":"2009-05-30T01:03:59","modified_gmt":"2009-05-30T05:03:59","slug":"desembargador-suspende-decisao-judicial-contra-cassol","status":"publish","type":"post","link":"https:\/\/www.redenoticia.com.br\/noticia\/2009\/desembargador-suspende-decisao-judicial-contra-cassol\/2119","title":{"rendered":"Desembargador suspende decis\u00e3o judicial contra Cassol"},"content":{"rendered":"<p>O desembargador Tourinho Neto, ap\u00f3s an\u00e1lise do recurso que os advogados do governador de Rond\u00f4nia registraram nesta sexta-feira (29) no Tribunal Regional Federal da 1\u00aa Regi\u00e3o (TRF-1), suspendeu a decis\u00e3o judicial de afastamento do cargo por 90 dias.<\/p>\n<p>A decis\u00e3o judicial fixava 48 horas para que o vice-governador, Jo\u00e3o Cahula, assumisse por 90 dias o cargo de governador. Nesta a\u00e7\u00e3o o Minist\u00e9rio P\u00fablico acusa o Governador Cassol de obstruir investiga\u00e7\u00f5es e coagir testemunhas atrav\u00e9s de delegados da Pol\u00edcia Civil. Cassol responde por suposta compra de votos nas elei\u00e7\u00f5es de 2006.<\/p>\n<p>Fontes observador e rondonoticias<\/p>\n","protected":false},"excerpt":{"rendered":"<p>O desembargador Tourinho Neto, ap\u00f3s an\u00e1lise do recurso que os advogados do governador de Rond\u00f4nia registraram nesta sexta-feira (29) no Tribunal Regional Federal da 1\u00aa Regi\u00e3o (TRF-1), suspendeu a decis\u00e3o judicial de afastamento do cargo por 90 dias. A decis\u00e3o judicial fixava 48 horas para que o vice-governador, Jo\u00e3o Cahula, assumisse por 90 dias o [&hellip;]<\/p>\n","protected":false},"author":3,"featured_media":0,"comment_status":"open","ping_status":"open","sticky":false,"template":"","format":"standard","meta":{"_genesis_hide_title":false,"_genesis_hide_breadcrumbs":false,"_genesis_hide_singular_image":false,"_genesis_hide_footer_widgets":false,"_genesis_custom_body_class":"","_genesis_custom_post_class":"","_genesis_layout":"","_jetpack_memberships_contains_paid_content":false,"footnotes":""},"categories":[22],"tags":[],"class_list":{"0":"post-2119","1":"post","2":"type-post","3":"status-publish","4":"format-standard","6":"category-brasil","7":"entry","8":"gs-1","9":"gs-odd","10":"gs-even","11":"gs-featured-content-entry"},"jetpack_featured_media_url":"","jetpack_sharing_enabled":true,"jetpack_likes_enabled":true,"_links":{"self":[{"href":"https:\/\/www.redenoticia.com.br\/noticia\/wp-json\/wp\/v2\/posts\/2119","targetHints":{"allow":["GET"]}}],"collection":[{"href":"https:\/\/www.redenoticia.com.br\/noticia\/wp-json\/wp\/v2\/posts"}],"about":[{"href":"https:\/\/www.redenoticia.com.br\/noticia\/wp-json\/wp\/v2\/types\/post"}],"author":[{"embeddable":true,"href":"https:\/\/www.redenoticia.com.br\/noticia\/wp-json\/wp\/v2\/users\/3"}],"replies":[{"embeddable":true,"href":"https:\/\/www.redenoticia.com.br\/noticia\/wp-json\/wp\/v2\/comments?post=2119"}],"version-history":[{"count":0,"href":"https:\/\/www.redenoticia.com.br\/noticia\/wp-json\/wp\/v2\/posts\/2119\/revisions"}],"wp:attachment":[{"href":"https:\/\/www.redenoticia.com.br\/noticia\/wp-json\/wp\/v2\/media?parent=2119"}],"wp:term":[{"taxonomy":"category","embeddable":true,"href":"https:\/\/www.redenoticia.com.br\/noticia\/wp-json\/wp\/v2\/categories?post=2119"},{"taxonomy":"post_tag","embeddable":true,"href":"https:\/\/www.redenoticia.com.br\/noticia\/wp-json\/wp\/v2\/tags?post=2119"}],"curies":[{"name":"wp","href":"https:\/\/api.w.org\/{rel}","templated":true}]}}