{"id":211714,"date":"2021-10-21T12:28:24","date_gmt":"2021-10-21T15:28:24","guid":{"rendered":"https:\/\/www.redenoticia.com.br\/noticia\/?p=211714"},"modified":"2021-10-21T12:28:24","modified_gmt":"2021-10-21T15:28:24","slug":"resumo-carinha-de-anjo-22-10-vitor-chega-ao-brasil","status":"publish","type":"post","link":"https:\/\/www.redenoticia.com.br\/noticia\/2021\/resumo-carinha-de-anjo-22-10-vitor-chega-ao-brasil\/211714","title":{"rendered":"Resumo \u201cCarinha De Anjo\u201d 22\/10: Vitor chega ao Brasil"},"content":{"rendered":"<p><img loading=\"lazy\" decoding=\"async\" class=\"aligncenter size-full wp-image-210452\" src=\"https:\/\/www.redenoticia.com.br\/noticia\/imagens\/carinha-de-anjo-novela-sbt-elenco-infantil.jpeg\" alt=\"\" width=\"1280\" height=\"720\" srcset=\"https:\/\/www.redenoticia.com.br\/noticia\/imagens\/carinha-de-anjo-novela-sbt-elenco-infantil.jpeg 1280w, https:\/\/www.redenoticia.com.br\/noticia\/imagens\/carinha-de-anjo-novela-sbt-elenco-infantil-250x140.jpeg 250w, https:\/\/www.redenoticia.com.br\/noticia\/imagens\/carinha-de-anjo-novela-sbt-elenco-infantil-400x225.jpeg 400w, https:\/\/www.redenoticia.com.br\/noticia\/imagens\/carinha-de-anjo-novela-sbt-elenco-infantil-768x432.jpeg 768w, https:\/\/www.redenoticia.com.br\/noticia\/imagens\/carinha-de-anjo-novela-sbt-elenco-infantil-150x85.jpeg 150w\" sizes=\"auto, (max-width: 1280px) 100vw, 1280px\" \/><\/p>\n<p><strong><em>Resumo da novela \u201cCarinha De Anjo\u201d<\/em><\/strong> em 22\/10: no cap\u00edtulo 017(*) da novela, Em\u00edlio conversa com Dulce Maria no quarto. O menino diz que pediu para Z\u00e9 Felipe chamar Cec\u00edlia para ir at\u00e9 a cidade. Z\u00e9 Felipe passa o recado para a irm\u00e3 Fabiana. Rosana descobre que Dulce Maria est\u00e1 em sua casa. A carinha de anjo conta que se escondeu l\u00e1 ap\u00f3s as barbaridades que Nicole disse para ela.<\/p>\n<p>Rosana revela para Gustavo que Dulce Maria est\u00e1 em sua casa, mas que prefere deixar a menina com Em\u00edlio neste momento, que est\u00e1 triste. Cec\u00edlia vai para a cidade depois de receber o recado de Fabiana. Beatriz e Ricardo dizem que v\u00e3o embora do apartamento de Gustavo, pois muitas pessoas j\u00e1 sabem que eles est\u00e3o l\u00e1. Fl\u00e1vio sai com Madalena ap\u00f3s um ano. A garota estranha que seu ex-affair aparece, mas acaba contando para ele que o patr\u00e3o dela, Murilo, est\u00e1 desesperado com o desaparecimento da filha.<\/p>\n<p>Fl\u00e1vio aproveita a ida da mulher ao banheiro para pegar o n\u00famero de celular do pai de Beatriz. Dulce Maria conversa com Cec\u00edlia. Vitor chega ao Brasil. Estef\u00e2nia telefona para Crist\u00f3v\u00e3o e diz que n\u00e3o poder\u00e1 jantar com ele. Para n\u00e3o jantar sozinho, o homem chama Silvana. Dulce Maria conta para Gustavo que est\u00e1 muito triste com a not\u00edcia do casamento do pai. Cec\u00edlia diz para Gustavo que espera que ele tenha compreendido que a felicidade de Dulce Maria precisa vir sempre em primeiro lugar. Estef\u00e2nia aparece de surpresa no restaurante e pede desculpa para Crist\u00f3v\u00e3o.<\/p>\n<p>(*) edi\u00e7\u00e3o das novelas do SBT, \u201cCarinha De Anjo\u201d, sujeito a altera\u00e7\u00e3o de data e conte\u00fado.<\/p>\n<p>Sinopse \u201cCarinha De Anjo\u201d: Dulce Maria \u00e9 uma menina doce, ing\u00eanua, inteligente e alegre de 5 anos de idade. \u00c9 brincalhona, aventureira e extremamente curiosa. Diverte a todos com seus coment\u00e1rios e perguntas indiscretas e surpreende com suas descobertas.<\/p>\n<p>Ela \u00e9 filha \u00fanica de Gustavo L\u00e1rios (Carlo Porto), bem-sucedido empres\u00e1rio da cafeicultura brasileira, e da mexicana Teresa Rezende L\u00e1rios (Lucero), m\u00e3e acolhedora de s\u00e1bios conselhos e voz ador\u00e1vel, que faleceu num acidente quando Dulce Maria tinha apenas 3 anos de idade. Traumatizado com a trag\u00e9dia, Gustavo deixou a filha no col\u00e9gio interno.<\/p>\n","protected":false},"excerpt":{"rendered":"<p>Resumo da novela \u201cCarinha De Anjo\u201d em 22\/10: no cap\u00edtulo 017(*) da novela, Em\u00edlio conversa com Dulce Maria no quarto. O menino diz que pediu para Z\u00e9 Felipe chamar Cec\u00edlia para ir at\u00e9 a cidade. Z\u00e9 Felipe passa o recado para a irm\u00e3 Fabiana. Rosana descobre que Dulce Maria est\u00e1 em sua casa. A carinha [&hellip;]<\/p>\n","protected":false},"author":4,"featured_media":210453,"comment_status":"closed","ping_status":"closed","sticky":false,"template":"","format":"standard","meta":{"_genesis_hide_title":false,"_genesis_hide_breadcrumbs":false,"_genesis_hide_singular_image":false,"_genesis_hide_footer_widgets":false,"_genesis_custom_body_class":"","_genesis_custom_post_class":"","_genesis_layout":"","_jetpack_memberships_contains_paid_content":false,"footnotes":""},"categories":[452,379,2025,372,343],"tags":[441],"class_list":{"0":"post-211714","1":"post","2":"type-post","3":"status-publish","4":"format-standard","5":"has-post-thumbnail","7":"category-carinha-de-anjo","8":"category-novelas","9":"category-resumo","10":"category-sbt","11":"category-televisao","12":"tag-resumo-do-dia","13":"entry","14":"gs-1","15":"gs-odd","16":"gs-even","17":"gs-featured-content-entry"},"jetpack_featured_media_url":"https:\/\/www.redenoticia.com.br\/noticia\/imagens\/carinha-de-anjo-resumo-novela-sbt-elenco-infantil.jpeg","jetpack_sharing_enabled":true,"jetpack_likes_enabled":true,"_links":{"self":[{"href":"https:\/\/www.redenoticia.com.br\/noticia\/wp-json\/wp\/v2\/posts\/211714","targetHints":{"allow":["GET"]}}],"collection":[{"href":"https:\/\/www.redenoticia.com.br\/noticia\/wp-json\/wp\/v2\/posts"}],"about":[{"href":"https:\/\/www.redenoticia.com.br\/noticia\/wp-json\/wp\/v2\/types\/post"}],"author":[{"embeddable":true,"href":"https:\/\/www.redenoticia.com.br\/noticia\/wp-json\/wp\/v2\/users\/4"}],"replies":[{"embeddable":true,"href":"https:\/\/www.redenoticia.com.br\/noticia\/wp-json\/wp\/v2\/comments?post=211714"}],"version-history":[{"count":0,"href":"https:\/\/www.redenoticia.com.br\/noticia\/wp-json\/wp\/v2\/posts\/211714\/revisions"}],"wp:featuredmedia":[{"embeddable":true,"href":"https:\/\/www.redenoticia.com.br\/noticia\/wp-json\/wp\/v2\/media\/210453"}],"wp:attachment":[{"href":"https:\/\/www.redenoticia.com.br\/noticia\/wp-json\/wp\/v2\/media?parent=211714"}],"wp:term":[{"taxonomy":"category","embeddable":true,"href":"https:\/\/www.redenoticia.com.br\/noticia\/wp-json\/wp\/v2\/categories?post=211714"},{"taxonomy":"post_tag","embeddable":true,"href":"https:\/\/www.redenoticia.com.br\/noticia\/wp-json\/wp\/v2\/tags?post=211714"}],"curies":[{"name":"wp","href":"https:\/\/api.w.org\/{rel}","templated":true}]}}