{"id":211527,"date":"2021-10-16T17:44:30","date_gmt":"2021-10-16T20:44:30","guid":{"rendered":"https:\/\/www.redenoticia.com.br\/noticia\/?p=211527"},"modified":"2021-10-16T17:44:30","modified_gmt":"2021-10-16T20:44:30","slug":"resumo-carinha-de-anjo-18-10-irma-cecilia-ganha-festa-surpresa","status":"publish","type":"post","link":"https:\/\/www.redenoticia.com.br\/noticia\/2021\/resumo-carinha-de-anjo-18-10-irma-cecilia-ganha-festa-surpresa\/211527","title":{"rendered":"Resumo \u201cCarinha De Anjo\u201d 18\/10: Irm\u00e3 Cec\u00edlia ganha festa surpresa"},"content":{"rendered":"<p> <img loading=\"lazy\" decoding=\"async\" class=\"aligncenter size-full wp-image-210452\" src=\"https:\/\/www.redenoticia.com.br\/noticia\/imagens\/carinha-de-anjo-novela-sbt-elenco-infantil.jpeg\" alt=\"\" width=\"1280\" height=\"720\" srcset=\"https:\/\/www.redenoticia.com.br\/noticia\/imagens\/carinha-de-anjo-novela-sbt-elenco-infantil.jpeg 1280w, https:\/\/www.redenoticia.com.br\/noticia\/imagens\/carinha-de-anjo-novela-sbt-elenco-infantil-250x140.jpeg 250w, https:\/\/www.redenoticia.com.br\/noticia\/imagens\/carinha-de-anjo-novela-sbt-elenco-infantil-400x225.jpeg 400w, https:\/\/www.redenoticia.com.br\/noticia\/imagens\/carinha-de-anjo-novela-sbt-elenco-infantil-768x432.jpeg 768w, https:\/\/www.redenoticia.com.br\/noticia\/imagens\/carinha-de-anjo-novela-sbt-elenco-infantil-150x85.jpeg 150w\" sizes=\"auto, (max-width: 1280px) 100vw, 1280px\" \/><\/p>\n<p><strong><em>Resumo da novela \u201cCarinha De Anjo\u201d<\/em><\/strong> em 18\/10: no cap\u00edtulo 013(*) da novela, Dulce Maria volta para o col\u00e9gio e recebe provoca\u00e7\u00f5es de B\u00e1rbara e Frida. Zeca vai at\u00e9 o apartamento de Juju e conta sobre parte do resultado do concurso. Em\u00edlio dan\u00e7a uma m\u00fasica e Juju grava o irm\u00e3o. <\/p>\n<p>Zeca fica envergonhado sobre as ideias de Juju para seu novo v\u00eddeo. Tia Perucas diz para o Padre Gabriel que ainda n\u00e3o aceitou a veracidade da a\u00e7\u00e3o de Nicole e Fl\u00e1vio. Z\u00e9 Felipe conta para o pai que acha que Zeca est\u00e1 apaixonado. Osmar pressiona Nicole mais uma vez.<\/p>\n<p>In\u00e1cio pergunta para Zeca o que est\u00e1 acontecendo entre ele e Juju. O garoto explica que ela est\u00e1 lhe ajudando com o concurso. A Madre Superiora contrata P\u00e1scoal como novo jardineiro do col\u00e9gio Doce Horizonte a pedido de Dulce Maria. A carinha de anjo lembra a Madre Superiora que Cec\u00edlia far\u00e1 23 anos no dia seguinte e que quer comprar um presente para ela. Dulce Maria liga para o pai e pede ajuda para fazer a surpresa. In\u00e1cio explica como funciona o col\u00e9gio para Pascoal.<\/p>\n<p>Fabiana combina com as crian\u00e7as para arrumarem no p\u00e1tio tudo para fazer uma surpresa para o anivers\u00e1rio da irm\u00e3 Cec\u00edlia. Osmar vai atr\u00e1s de Gustavo, mas se depara com Tia Perucas, que estranha. Zeca est\u00e1 nervoso em ter que se apresentar para os jurados do concurso. Osmar vai at\u00e9 a empresa de Gustavo mandar que ele se afaste de Nicole. Gustavo se defende do homem, que vai embora. Gustavo n\u00e3o compreende quem \u00e9 Osmar. Juju leva algumas roupas que as marcas mandaram emprestadas para Zeca usar. Z\u00e9 Felipe diz que Juju \u00e9 namorada de Zeca. Irm\u00e3 Cec\u00edlia fica emocionada com a festa surpresa. Gustavo se preocupa, pois o presente que havia comprado para Cec\u00edlia foi destru\u00eddo por Osmar durante a briga. Gustavo explica para Dulce Maria que o presente da irm\u00e3 Cec\u00edlia n\u00e3o ser\u00e1 entregue na festa, por\u00e9m ele leva flores para a novi\u00e7a.<\/p>\n<p>(*) edi\u00e7\u00e3o das novelas do SBT, \u201cCarinha De Anjo\u201d, sujeito a altera\u00e7\u00e3o de data e conte\u00fado.<\/p>\n<p>Sinopse \u201cCarinha De Anjo\u201d: Dulce Maria \u00e9 uma menina doce, ingenua, inteligente e alegre de 5 anos de idade. \u00c9 brincalhona, aventureira e extremamente curiosa. Diverte a todos com seus coment\u00e1rios e perguntas indiscretas e surpreende com suas descobertas.<\/p>\n<p>Ela \u00e9 filha \u00fanica de Gustavo L\u00e1rios (Carlo Porto), bem-sucedido empres\u00e1rio da cafeicultura brasileira, e da mexicana Teresa Rezende L\u00e1rios (Lucero), m\u00e3e acolhedora de s\u00e1bios conselhos e voz ador\u00e1vel, que faleceu num acidente quando Dulce Maria tinha apenas 3 anos de idade. Traumatizado com a trag\u00e9dia, Gustavo deixou a filha no col\u00e9gio interno.<\/p>\n","protected":false},"excerpt":{"rendered":"<p>Resumo da novela \u201cCarinha De Anjo\u201d em 18\/10: no cap\u00edtulo 013(*) da novela, Dulce Maria volta para o col\u00e9gio e recebe provoca\u00e7\u00f5es de B\u00e1rbara e Frida. Zeca vai at\u00e9 o apartamento de Juju e conta sobre parte do resultado do concurso. Em\u00edlio dan\u00e7a uma m\u00fasica e Juju grava o irm\u00e3o. Zeca fica envergonhado sobre as [&hellip;]<\/p>\n","protected":false},"author":2,"featured_media":210453,"comment_status":"closed","ping_status":"closed","sticky":false,"template":"","format":"standard","meta":{"_genesis_hide_title":false,"_genesis_hide_breadcrumbs":false,"_genesis_hide_singular_image":false,"_genesis_hide_footer_widgets":false,"_genesis_custom_body_class":"","_genesis_custom_post_class":"","_genesis_layout":"","_jetpack_memberships_contains_paid_content":false,"footnotes":""},"categories":[452,379,2025,372,343],"tags":[441],"class_list":{"0":"post-211527","1":"post","2":"type-post","3":"status-publish","4":"format-standard","5":"has-post-thumbnail","7":"category-carinha-de-anjo","8":"category-novelas","9":"category-resumo","10":"category-sbt","11":"category-televisao","12":"tag-resumo-do-dia","13":"entry","14":"gs-1","15":"gs-odd","16":"gs-even","17":"gs-featured-content-entry"},"jetpack_featured_media_url":"https:\/\/www.redenoticia.com.br\/noticia\/imagens\/carinha-de-anjo-resumo-novela-sbt-elenco-infantil.jpeg","jetpack_sharing_enabled":true,"jetpack_likes_enabled":true,"_links":{"self":[{"href":"https:\/\/www.redenoticia.com.br\/noticia\/wp-json\/wp\/v2\/posts\/211527","targetHints":{"allow":["GET"]}}],"collection":[{"href":"https:\/\/www.redenoticia.com.br\/noticia\/wp-json\/wp\/v2\/posts"}],"about":[{"href":"https:\/\/www.redenoticia.com.br\/noticia\/wp-json\/wp\/v2\/types\/post"}],"author":[{"embeddable":true,"href":"https:\/\/www.redenoticia.com.br\/noticia\/wp-json\/wp\/v2\/users\/2"}],"replies":[{"embeddable":true,"href":"https:\/\/www.redenoticia.com.br\/noticia\/wp-json\/wp\/v2\/comments?post=211527"}],"version-history":[{"count":0,"href":"https:\/\/www.redenoticia.com.br\/noticia\/wp-json\/wp\/v2\/posts\/211527\/revisions"}],"wp:featuredmedia":[{"embeddable":true,"href":"https:\/\/www.redenoticia.com.br\/noticia\/wp-json\/wp\/v2\/media\/210453"}],"wp:attachment":[{"href":"https:\/\/www.redenoticia.com.br\/noticia\/wp-json\/wp\/v2\/media?parent=211527"}],"wp:term":[{"taxonomy":"category","embeddable":true,"href":"https:\/\/www.redenoticia.com.br\/noticia\/wp-json\/wp\/v2\/categories?post=211527"},{"taxonomy":"post_tag","embeddable":true,"href":"https:\/\/www.redenoticia.com.br\/noticia\/wp-json\/wp\/v2\/tags?post=211527"}],"curies":[{"name":"wp","href":"https:\/\/api.w.org\/{rel}","templated":true}]}}