{"id":211352,"date":"2021-10-12T13:53:13","date_gmt":"2021-10-12T16:53:13","guid":{"rendered":"https:\/\/www.redenoticia.com.br\/noticia\/?p=211352"},"modified":"2021-10-12T13:53:13","modified_gmt":"2021-10-12T16:53:13","slug":"resumo-carinha-de-anjo-13-10-zeca-faz-o-show-para-as-criancas-e-freiras","status":"publish","type":"post","link":"https:\/\/www.redenoticia.com.br\/noticia\/2021\/resumo-carinha-de-anjo-13-10-zeca-faz-o-show-para-as-criancas-e-freiras\/211352","title":{"rendered":"Resumo \u201cCarinha De Anjo\u201d 13\/10: Zeca faz o show para as crian\u00e7as e freiras"},"content":{"rendered":"<p><img loading=\"lazy\" decoding=\"async\" class=\"aligncenter size-full wp-image-210452\" src=\"https:\/\/www.redenoticia.com.br\/noticia\/imagens\/carinha-de-anjo-novela-sbt-elenco-infantil.jpeg\" alt=\"\" width=\"1280\" height=\"720\" srcset=\"https:\/\/www.redenoticia.com.br\/noticia\/imagens\/carinha-de-anjo-novela-sbt-elenco-infantil.jpeg 1280w, https:\/\/www.redenoticia.com.br\/noticia\/imagens\/carinha-de-anjo-novela-sbt-elenco-infantil-250x140.jpeg 250w, https:\/\/www.redenoticia.com.br\/noticia\/imagens\/carinha-de-anjo-novela-sbt-elenco-infantil-400x225.jpeg 400w, https:\/\/www.redenoticia.com.br\/noticia\/imagens\/carinha-de-anjo-novela-sbt-elenco-infantil-768x432.jpeg 768w, https:\/\/www.redenoticia.com.br\/noticia\/imagens\/carinha-de-anjo-novela-sbt-elenco-infantil-150x85.jpeg 150w\" sizes=\"auto, (max-width: 1280px) 100vw, 1280px\" \/><\/p>\n<p><strong><em>Resumo da novela \u201cCarinha De Anjo\u201d<\/em><\/strong> em 13\/10: no cap\u00edtulo 009(*) da novela, Frida e B\u00e1rbara provocam Dulce Maria. Cec\u00edlia interrompe a discuss\u00e3o. Gustavo conta para Nicole que revelou a verdade para a filha. Fabiana quer ensinar Karate para Dulce Maria. In\u00e1cio conta para Zeca que a Madre Superiora o deixou fazer um v\u00eddeo de uma apresenta\u00e7\u00e3o no p\u00e1tio do internato e que isso servir\u00e1 para a inscri\u00e7\u00e3o no concurso de m\u00fasica.<\/p>\n<p>Fabiana entra na sala da Madre Superiora escondida e telefona para a Tia Perucas. A freira pede para que a Tia Perucas compre um manual de Karat\u00ea para que ela possa se defender das colegas maiores. Estef\u00e2nia pede para que Fabiane tome ju\u00edzo. Nos sonhos, Tereza conta que quando era crian\u00e7a e morava no M\u00e9xico sofria bullying de uma garota. Tia Perucas compra o livro de karat\u00ea para Dulce Maria. Est\u00e1 tudo pronto para o show de Zeca. Fabiana tenta acalmar Zeca antes da apresenta\u00e7\u00e3o. Juju come\u00e7a a fazer filmagem de Zeca. Mais tarde, Zeca faz o show para as crian\u00e7as e freiras. In\u00e1cio participa de uma das m\u00fasicas do filho. B\u00e1rbara e Frida dizem para Madre Superiora que Dulce Maria convidou Em\u00edlio para ir ao internato.<\/p>\n<p>(*) edi\u00e7\u00e3o das novelas do SBT, \u201cCarinha De Anjo\u201d, sujeito a altera\u00e7\u00e3o de data e conte\u00fado.<\/p>\n<p>Sinopse \u201cCarinha De Anjo\u201d: Dulce Maria \u00e9 uma menina doce, ing\u00eanua, inteligente e alegre de 5 anos de idade. \u00c9 brincalhona, aventureira e extremamente curiosa. Diverte a todos com seus coment\u00e1rios e perguntas indiscretas e surpreende com suas descobertas.<\/p>\n<p>Ela \u00e9 filha \u00fanica de Gustavo L\u00e1rios (Carlo Porto), bem-sucedido empres\u00e1rio da cafeicultura brasileira, e da mexicana Teresa Rezende L\u00e1rios (Lucero), m\u00e3e acolhedora de s\u00e1bios conselhos e voz ador\u00e1vel, que faleceu num acidente quando Dulce Maria tinha apenas 3 anos de idade. Traumatizado com a trag\u00e9dia, Gustavo deixou a filha no col\u00e9gio interno.<\/p>\n","protected":false},"excerpt":{"rendered":"<p>Resumo da novela \u201cCarinha De Anjo\u201d em 13\/10: no cap\u00edtulo 009(*) da novela, Frida e B\u00e1rbara provocam Dulce Maria. Cec\u00edlia interrompe a discuss\u00e3o. Gustavo conta para Nicole que revelou a verdade para a filha. Fabiana quer ensinar Karate para Dulce Maria. In\u00e1cio conta para Zeca que a Madre Superiora o deixou fazer um v\u00eddeo de [&hellip;]<\/p>\n","protected":false},"author":4,"featured_media":210453,"comment_status":"closed","ping_status":"closed","sticky":false,"template":"","format":"standard","meta":{"_genesis_hide_title":false,"_genesis_hide_breadcrumbs":false,"_genesis_hide_singular_image":false,"_genesis_hide_footer_widgets":false,"_genesis_custom_body_class":"","_genesis_custom_post_class":"","_genesis_layout":"","_jetpack_memberships_contains_paid_content":false,"footnotes":""},"categories":[452,379,2025,372,343],"tags":[441],"class_list":{"0":"post-211352","1":"post","2":"type-post","3":"status-publish","4":"format-standard","5":"has-post-thumbnail","7":"category-carinha-de-anjo","8":"category-novelas","9":"category-resumo","10":"category-sbt","11":"category-televisao","12":"tag-resumo-do-dia","13":"entry","14":"gs-1","15":"gs-odd","16":"gs-even","17":"gs-featured-content-entry"},"jetpack_featured_media_url":"https:\/\/www.redenoticia.com.br\/noticia\/imagens\/carinha-de-anjo-resumo-novela-sbt-elenco-infantil.jpeg","jetpack_sharing_enabled":true,"jetpack_likes_enabled":true,"_links":{"self":[{"href":"https:\/\/www.redenoticia.com.br\/noticia\/wp-json\/wp\/v2\/posts\/211352","targetHints":{"allow":["GET"]}}],"collection":[{"href":"https:\/\/www.redenoticia.com.br\/noticia\/wp-json\/wp\/v2\/posts"}],"about":[{"href":"https:\/\/www.redenoticia.com.br\/noticia\/wp-json\/wp\/v2\/types\/post"}],"author":[{"embeddable":true,"href":"https:\/\/www.redenoticia.com.br\/noticia\/wp-json\/wp\/v2\/users\/4"}],"replies":[{"embeddable":true,"href":"https:\/\/www.redenoticia.com.br\/noticia\/wp-json\/wp\/v2\/comments?post=211352"}],"version-history":[{"count":0,"href":"https:\/\/www.redenoticia.com.br\/noticia\/wp-json\/wp\/v2\/posts\/211352\/revisions"}],"wp:featuredmedia":[{"embeddable":true,"href":"https:\/\/www.redenoticia.com.br\/noticia\/wp-json\/wp\/v2\/media\/210453"}],"wp:attachment":[{"href":"https:\/\/www.redenoticia.com.br\/noticia\/wp-json\/wp\/v2\/media?parent=211352"}],"wp:term":[{"taxonomy":"category","embeddable":true,"href":"https:\/\/www.redenoticia.com.br\/noticia\/wp-json\/wp\/v2\/categories?post=211352"},{"taxonomy":"post_tag","embeddable":true,"href":"https:\/\/www.redenoticia.com.br\/noticia\/wp-json\/wp\/v2\/tags?post=211352"}],"curies":[{"name":"wp","href":"https:\/\/api.w.org\/{rel}","templated":true}]}}