{"id":211257,"date":"2021-10-08T13:21:04","date_gmt":"2021-10-08T16:21:04","guid":{"rendered":"https:\/\/www.redenoticia.com.br\/noticia\/?p=211257"},"modified":"2021-10-08T13:21:04","modified_gmt":"2021-10-08T16:21:04","slug":"resumo-carinha-de-anjo-09-10-emilio-apresenta-juju-para-dulce-maria","status":"publish","type":"post","link":"https:\/\/www.redenoticia.com.br\/noticia\/2021\/resumo-carinha-de-anjo-09-10-emilio-apresenta-juju-para-dulce-maria\/211257","title":{"rendered":"Resumo \u201cCarinha De Anjo\u201d 09\/10: Em\u00edlio apresenta Juju para Dulce Maria"},"content":{"rendered":"<p><img loading=\"lazy\" decoding=\"async\" class=\"aligncenter size-full wp-image-210452\" src=\"https:\/\/www.redenoticia.com.br\/noticia\/imagens\/carinha-de-anjo-novela-sbt-elenco-infantil.jpeg\" alt=\"\" width=\"1280\" height=\"720\" srcset=\"https:\/\/www.redenoticia.com.br\/noticia\/imagens\/carinha-de-anjo-novela-sbt-elenco-infantil.jpeg 1280w, https:\/\/www.redenoticia.com.br\/noticia\/imagens\/carinha-de-anjo-novela-sbt-elenco-infantil-250x140.jpeg 250w, https:\/\/www.redenoticia.com.br\/noticia\/imagens\/carinha-de-anjo-novela-sbt-elenco-infantil-400x225.jpeg 400w, https:\/\/www.redenoticia.com.br\/noticia\/imagens\/carinha-de-anjo-novela-sbt-elenco-infantil-768x432.jpeg 768w, https:\/\/www.redenoticia.com.br\/noticia\/imagens\/carinha-de-anjo-novela-sbt-elenco-infantil-150x85.jpeg 150w\" sizes=\"auto, (max-width: 1280px) 100vw, 1280px\" \/><\/p>\n<p><strong><em>Resumo da novela \u201cCarinha De Anjo\u201d<\/em><\/strong> em 09\/10: no cap\u00edtulo 006(*) da novela, Dulce Maria acorda no hospital e fica feliz em ver o pai, Gustavo. A carinha de anjo diz que ficou com dor de barriga e explica que o r\u00e1dio n\u00e3o era dela. Gustavo se emociona e garante que ama a filha. Fl\u00e1vio e Haydee tentam planejar uma maneira para que Nicole n\u00e3o seja rejeitada por Gustavo ap\u00f3s o acidente de Dulce.<\/p>\n<p>Gustavo e Irm\u00e3 Cec\u00edlia conversam sobre o que aconteceu com Dulce no internato. Tia Perucas diz ao Padre Miguel que quer conversar com Gustavo sobre Nicole. Irm\u00e3 Cec\u00edlia telefona para a Madre Superiora e pede para passar a noite no hospital com Dulce Maria. Rosana chega em casa e interrompe o v\u00eddeo que Juju faz para o seu vlog. Z\u00e9 Felipe revela para Diana e In\u00e1cio que o r\u00e1dio que estava debaixo da cama de Dulce era o presente de Zeca. Tia Perucas e Padre Gabriel chegam em casa e avisam Silvestre que est\u00e1 tudo bem com Dulce Maria. Silvestre reclama de Silvana e diz que a s\u00edndica est\u00e1 muito intrometida no apartamento. In\u00e1cio conta para a Madre Superiora sobre a travessura de Z\u00e9 Felipe.<\/p>\n<p>Dulce Maria sonha com Tereza mais uma vez e pergunta para a m\u00e3e se as freiras podem se casar. Tereza conta que freiras n\u00e3o podem se casar. Dulce diz que Cec\u00edlia \u00e9 apenas uma novi\u00e7a e que vai torcer para ela desistir de ser freira, pois tem cara de mam\u00e3e. Haydee leva Nicole para comprar uma boneca para Dulce Maria e assim parecer que estava preocupada com a carinha de anjo. Em casa, Dulce Maria estranha Nicole a ter dado uma boneca, j\u00e1 que n\u00e3o gosta dela.<\/p>\n<p>Nicole telefona para Gustavo, que diz que n\u00e3o pode conversar com ela neste momento. A Madre Superiora chama aten\u00e7\u00e3o de Cec\u00edlia por ter passado a noite no hospital. Irm\u00e3 Fabiana d\u00e1 aula de canto para as pequeninas do internato. Cec\u00edlia passa mal. Juju e Em\u00edlio v\u00e3o at\u00e9 o apartamento de Dulce Maria ver como est\u00e1 a pequenina. Em\u00edlio apresenta Juju para Dulce Maria. Juju mostra alguns dos seus v\u00eddeos de seu canal na internet. Fabiana aconselha Cec\u00edlia a se confessar com o padre. A novi\u00e7a diz para o Padre que est\u00e1 com medo de perder a f\u00e9.<\/p>\n<p>(*) edi\u00e7\u00e3o das novelas do SBT, \u201cCarinha De Anjo\u201d, sujeito a altera\u00e7\u00e3o de data e conte\u00fado.<\/p>\n<p>Sinopse \u201cCarinha De Anjo\u201d: Dulce Maria \u00e9 uma menina doce, ingenua, inteligente e alegre de 5 anos de idade. \u00c9 brincalhona, aventureira e extremamente curiosa. Diverte a todos com seus coment\u00e1rios e perguntas indiscretas e surpreende com suas descobertas.<\/p>\n<p>Ela \u00e9 filha \u00fanica de Gustavo L\u00e1rios (Carlo Porto), bem-sucedido empres\u00e1rio da cafeicultura brasileira, e da mexicana Teresa Rezende L\u00e1rios (Lucero), m\u00e3e acolhedora de s\u00e1bios conselhos e voz ador\u00e1vel, que faleceu num acidente quando Dulce Maria tinha apenas 3 anos de idade. Traumatizado com a trag\u00e9dia, Gustavo deixou a filha no col\u00e9gio interno.<\/p>\n","protected":false},"excerpt":{"rendered":"<p>Resumo da novela \u201cCarinha De Anjo\u201d em 09\/10: no cap\u00edtulo 006(*) da novela, Dulce Maria acorda no hospital e fica feliz em ver o pai, Gustavo. A carinha de anjo diz que ficou com dor de barriga e explica que o r\u00e1dio n\u00e3o era dela. Gustavo se emociona e garante que ama a filha. Fl\u00e1vio [&hellip;]<\/p>\n","protected":false},"author":4,"featured_media":210453,"comment_status":"closed","ping_status":"closed","sticky":false,"template":"","format":"standard","meta":{"_genesis_hide_title":false,"_genesis_hide_breadcrumbs":false,"_genesis_hide_singular_image":false,"_genesis_hide_footer_widgets":false,"_genesis_custom_body_class":"","_genesis_custom_post_class":"","_genesis_layout":"","_jetpack_memberships_contains_paid_content":false,"footnotes":""},"categories":[452,379,2025,372,343],"tags":[441],"class_list":{"0":"post-211257","1":"post","2":"type-post","3":"status-publish","4":"format-standard","5":"has-post-thumbnail","7":"category-carinha-de-anjo","8":"category-novelas","9":"category-resumo","10":"category-sbt","11":"category-televisao","12":"tag-resumo-do-dia","13":"entry","14":"gs-1","15":"gs-odd","16":"gs-even","17":"gs-featured-content-entry"},"jetpack_featured_media_url":"https:\/\/www.redenoticia.com.br\/noticia\/imagens\/carinha-de-anjo-resumo-novela-sbt-elenco-infantil.jpeg","jetpack_sharing_enabled":true,"jetpack_likes_enabled":true,"_links":{"self":[{"href":"https:\/\/www.redenoticia.com.br\/noticia\/wp-json\/wp\/v2\/posts\/211257","targetHints":{"allow":["GET"]}}],"collection":[{"href":"https:\/\/www.redenoticia.com.br\/noticia\/wp-json\/wp\/v2\/posts"}],"about":[{"href":"https:\/\/www.redenoticia.com.br\/noticia\/wp-json\/wp\/v2\/types\/post"}],"author":[{"embeddable":true,"href":"https:\/\/www.redenoticia.com.br\/noticia\/wp-json\/wp\/v2\/users\/4"}],"replies":[{"embeddable":true,"href":"https:\/\/www.redenoticia.com.br\/noticia\/wp-json\/wp\/v2\/comments?post=211257"}],"version-history":[{"count":0,"href":"https:\/\/www.redenoticia.com.br\/noticia\/wp-json\/wp\/v2\/posts\/211257\/revisions"}],"wp:featuredmedia":[{"embeddable":true,"href":"https:\/\/www.redenoticia.com.br\/noticia\/wp-json\/wp\/v2\/media\/210453"}],"wp:attachment":[{"href":"https:\/\/www.redenoticia.com.br\/noticia\/wp-json\/wp\/v2\/media?parent=211257"}],"wp:term":[{"taxonomy":"category","embeddable":true,"href":"https:\/\/www.redenoticia.com.br\/noticia\/wp-json\/wp\/v2\/categories?post=211257"},{"taxonomy":"post_tag","embeddable":true,"href":"https:\/\/www.redenoticia.com.br\/noticia\/wp-json\/wp\/v2\/tags?post=211257"}],"curies":[{"name":"wp","href":"https:\/\/api.w.org\/{rel}","templated":true}]}}