{"id":210628,"date":"2021-09-21T15:19:25","date_gmt":"2021-09-21T18:19:25","guid":{"rendered":"https:\/\/www.redenoticia.com.br\/noticia\/?p=210628"},"modified":"2021-09-21T15:19:25","modified_gmt":"2021-09-21T18:19:25","slug":"resumo-tititi-22-09-clotilde-sequestra-cecilia","status":"publish","type":"post","link":"https:\/\/www.redenoticia.com.br\/noticia\/2021\/resumo-tititi-22-09-clotilde-sequestra-cecilia\/210628","title":{"rendered":"Resumo \u201cTiTiTi\u201d 22\/09: Clotilde sequestra Cec\u00edlia"},"content":{"rendered":"<p><img loading=\"lazy\" decoding=\"async\" src=\"https:\/\/www.redenoticia.com.br\/noticia\/imagens\/tititi-elenco-personagens.jpeg\" alt=\"\" width=\"1280\" height=\"720\" class=\"aligncenter size-full wp-image-204657\" srcset=\"https:\/\/www.redenoticia.com.br\/noticia\/imagens\/tititi-elenco-personagens.jpeg 1280w, https:\/\/www.redenoticia.com.br\/noticia\/imagens\/tititi-elenco-personagens-250x140.jpeg 250w, https:\/\/www.redenoticia.com.br\/noticia\/imagens\/tititi-elenco-personagens-400x225.jpeg 400w, https:\/\/www.redenoticia.com.br\/noticia\/imagens\/tititi-elenco-personagens-768x432.jpeg 768w, https:\/\/www.redenoticia.com.br\/noticia\/imagens\/tititi-elenco-personagens-150x85.jpeg 150w\" sizes=\"auto, (max-width: 1280px) 100vw, 1280px\" \/><\/p>\n<p><em><strong>Resumo da novela \u201cTiTiTi\u201d<\/strong><\/em> em 22\/09: no cap\u00edtulo 128(*) da novela, Cec\u00edlia come\u00e7a a recuperar a mem\u00f3ria e desmaia. J\u00falia reconhece o vestido da boneca de Valqu\u00edria e fica intrigada. Suzana descobre onde Camila est\u00e1 hospedada e conta para Luti. Clotilde esconde Cec\u00edlia no apartamento de Jacques. Ariclenes sonda Jacques sobre o paradeiro de Cec\u00edlia. Marcela leva Stela para ver o muro que Renato est\u00e1 pintando. Edgar confirma sua sa\u00edda da ag\u00eancia e Luisa se desespera. Ariclenes conta para Suzana que Clotilde sequestrou Cec\u00edlia e pede sua ajuda para resgat\u00e1-la.<\/p>\n<p>Cec\u00edlia volta a si e pede para ir embora. Clotilde liga para Jacques e mente sobre o paradeiro de Cec\u00edlia. Clotilde marca um encontro com Ariclenes para negociar a devolu\u00e7\u00e3o de Cec\u00edlia. Eduardo incentiva Thales a lutar por Julinho. Renato d\u00e1 uma entrevista sobre seu trabalho no muro e Marcela observa comovida. Valqu\u00edria comenta com Suzana que desconfia de que Cec\u00edlia seja sua av\u00f3. Luti chega ao hotel fazenda e flagra Camila e \u00c9rico juntos. Clotilde imp\u00f5e que Ariclenes desista da sociedade com Jaqueline e se una a Jacques.<\/p>\n<p>(*) edi\u00e7\u00e3o das novelas da Globo, \u201cTiTiTi\u201d, sujeito a altera\u00e7\u00e3o de data e conte\u00fado.<\/p>\n<p>Sinopse &#8220;TiTiTi&#8221;: Alexandre Borges e Murilo Ben\u00edcio interpretam os rivais da hist\u00f3ria, respectivamente Jacques Leclair e Victor Valentim, que passam a novela inteira se digladiando para ver quem sobressai no mundo na moda como estilista bem-sucedido, com o nome transformado em grife e as cole\u00e7\u00f5es desfiladas nas grandes semanas de moda e fotografadas para as revistas de celebridades.<\/p>\n","protected":false},"excerpt":{"rendered":"<p>Resumo da novela \u201cTiTiTi\u201d em 22\/09: no cap\u00edtulo 128(*) da novela, Cec\u00edlia come\u00e7a a recuperar a mem\u00f3ria e desmaia. J\u00falia reconhece o vestido da boneca de Valqu\u00edria e fica intrigada. Suzana descobre onde Camila est\u00e1 hospedada e conta para Luti. Clotilde esconde Cec\u00edlia no apartamento de Jacques. Ariclenes sonda Jacques sobre o paradeiro de Cec\u00edlia. [&hellip;]<\/p>\n","protected":false},"author":4,"featured_media":204655,"comment_status":"closed","ping_status":"closed","sticky":false,"template":"","format":"standard","meta":{"_genesis_hide_title":false,"_genesis_hide_breadcrumbs":false,"_genesis_hide_singular_image":false,"_genesis_hide_footer_widgets":false,"_genesis_custom_body_class":"","_genesis_custom_post_class":"","_genesis_layout":"","_jetpack_memberships_contains_paid_content":false,"footnotes":""},"categories":[379,375,2025,343,2193],"tags":[441],"class_list":{"0":"post-210628","1":"post","2":"type-post","3":"status-publish","4":"format-standard","5":"has-post-thumbnail","7":"category-novelas","8":"category-rede-globo","9":"category-resumo","10":"category-televisao","11":"category-tititi","12":"tag-resumo-do-dia","13":"entry","14":"gs-1","15":"gs-odd","16":"gs-even","17":"gs-featured-content-entry"},"jetpack_featured_media_url":"https:\/\/www.redenoticia.com.br\/noticia\/imagens\/tititi-reprise-globo-resumo-capitulos-sinopse.jpeg","jetpack_sharing_enabled":true,"jetpack_likes_enabled":true,"_links":{"self":[{"href":"https:\/\/www.redenoticia.com.br\/noticia\/wp-json\/wp\/v2\/posts\/210628","targetHints":{"allow":["GET"]}}],"collection":[{"href":"https:\/\/www.redenoticia.com.br\/noticia\/wp-json\/wp\/v2\/posts"}],"about":[{"href":"https:\/\/www.redenoticia.com.br\/noticia\/wp-json\/wp\/v2\/types\/post"}],"author":[{"embeddable":true,"href":"https:\/\/www.redenoticia.com.br\/noticia\/wp-json\/wp\/v2\/users\/4"}],"replies":[{"embeddable":true,"href":"https:\/\/www.redenoticia.com.br\/noticia\/wp-json\/wp\/v2\/comments?post=210628"}],"version-history":[{"count":0,"href":"https:\/\/www.redenoticia.com.br\/noticia\/wp-json\/wp\/v2\/posts\/210628\/revisions"}],"wp:featuredmedia":[{"embeddable":true,"href":"https:\/\/www.redenoticia.com.br\/noticia\/wp-json\/wp\/v2\/media\/204655"}],"wp:attachment":[{"href":"https:\/\/www.redenoticia.com.br\/noticia\/wp-json\/wp\/v2\/media?parent=210628"}],"wp:term":[{"taxonomy":"category","embeddable":true,"href":"https:\/\/www.redenoticia.com.br\/noticia\/wp-json\/wp\/v2\/categories?post=210628"},{"taxonomy":"post_tag","embeddable":true,"href":"https:\/\/www.redenoticia.com.br\/noticia\/wp-json\/wp\/v2\/tags?post=210628"}],"curies":[{"name":"wp","href":"https:\/\/api.w.org\/{rel}","templated":true}]}}