{"id":210344,"date":"2021-09-13T17:24:00","date_gmt":"2021-09-13T20:24:00","guid":{"rendered":"https:\/\/www.redenoticia.com.br\/noticia\/?p=210344"},"modified":"2021-09-13T17:24:00","modified_gmt":"2021-09-13T20:24:00","slug":"resumo-tititi-14-09-desiree-e-armandinho-sao-resgatados","status":"publish","type":"post","link":"https:\/\/www.redenoticia.com.br\/noticia\/2021\/resumo-tititi-14-09-desiree-e-armandinho-sao-resgatados\/210344","title":{"rendered":"Resumo \u201cTiTiTi\u201d 14\/09: Desir\u00e9e e Armandinho s\u00e3o resgatados"},"content":{"rendered":"<p><img loading=\"lazy\" decoding=\"async\" src=\"https:\/\/www.redenoticia.com.br\/noticia\/imagens\/tititi-elenco-personagens.jpeg\" alt=\"\" width=\"1280\" height=\"720\" class=\"aligncenter size-full wp-image-204657\" srcset=\"https:\/\/www.redenoticia.com.br\/noticia\/imagens\/tititi-elenco-personagens.jpeg 1280w, https:\/\/www.redenoticia.com.br\/noticia\/imagens\/tititi-elenco-personagens-250x140.jpeg 250w, https:\/\/www.redenoticia.com.br\/noticia\/imagens\/tititi-elenco-personagens-400x225.jpeg 400w, https:\/\/www.redenoticia.com.br\/noticia\/imagens\/tititi-elenco-personagens-768x432.jpeg 768w, https:\/\/www.redenoticia.com.br\/noticia\/imagens\/tititi-elenco-personagens-150x85.jpeg 150w\" sizes=\"auto, (max-width: 1280px) 100vw, 1280px\" \/><\/p>\n<p><em><strong>Resumo da novela \u201cTiTiTi\u201d<\/strong><\/em> em 14\/09: no cap\u00edtulo 122(*) da novela, Chico aconselha Ariclenes a perguntar para Cec\u00edlia se o nome de seu filho \u00e9 Andr\u00e9. Cec\u00edlia se lembra da irm\u00e3 e faz uma c\u00f3pia do vestido que lhe deu quando eram jovens. Daguilene pede para morar com os irm\u00e3os. Desir\u00e9e e Armandinho s\u00e3o resgatados. Ap\u00f3s se encontrar com Jacques, Jaqueline se anima a desenhar novos modelos. Julinho fala sobre Osmar para Thales.<\/p>\n<p>Jorgito visita Camila no hospital e descobre que Desir\u00e9e foi resgatada. Camila pede ajuda a Jorgito para se afastar de Luti. Edgar diz a Bruna que n\u00e3o sabe se ama essa nova Marcela. Jacques diz a Clotilde que Jaqueline lhe prop\u00f4s um romance secreto. Julinho fica magoado com a indiferen\u00e7a de Thales. Dona Mocinha reconhece Cec\u00edlia na foto e confirma que ela tinha um filho chamado Andr\u00e9.<\/p>\n<p>Magali rouba um beijo de Gino<\/p>\n<p>Ariclenes pede para Chico guardar segredo que Cec\u00edlia \u00e9 m\u00e3e de Jacques. St\u00e9fany diz para Desir\u00e9e que Jorgito se apaixonou por ela. Valqu\u00edria se candidata a uma bolsa de estudos em Londres e Clotilde sugere que ela inscreva Luti tamb\u00e9m. Desir\u00e9e fica indignada com a trai\u00e7\u00e3o de Jorgito. Armandinho conta para Jorgito que St\u00e9fany armou a hist\u00f3ria do sequestro.<\/p>\n<p>Magali rouba um beijo de Gino e se oferece para ser a m\u00e3e dos seus filhos. Julinho se decepciona com Thales. Stela aprova a nova cole\u00e7\u00e3o de Jaqueline. Camila se hospeda em um hotel fazenda e Luti n\u00e3o consegue falar com ela. Edgar manda um e-mail para a coluna de Marcela. Isabel d\u00e1 de presente para Renato um muro para ele grafitar. Suzana ouve Ariclenes dizer que quem faz as roupas de Valentim \u00e9 a m\u00e3e de Jacques.<\/p>\n<p>(*) edi\u00e7\u00e3o das novelas da Globo, \u201cTiTiTi\u201d, sujeito a altera\u00e7\u00e3o de data e conte\u00fado.<\/p>\n<p>Sinopse &#8220;TiTiTi&#8221;: Alexandre Borges e Murilo Ben\u00edcio interpretam os rivais da hist\u00f3ria, respectivamente Jacques Leclair e Victor Valentim, que passam a novela inteira se digladiando para ver quem sobressai no mundo na moda como estilista bem-sucedido, com o nome transformado em grife e as cole\u00e7\u00f5es desfiladas nas grandes semanas de moda e fotografadas para as revistas de celebridades.<\/p>\n","protected":false},"excerpt":{"rendered":"<p>Resumo da novela \u201cTiTiTi\u201d em 14\/09: no cap\u00edtulo 122(*) da novela, Chico aconselha Ariclenes a perguntar para Cec\u00edlia se o nome de seu filho \u00e9 Andr\u00e9. Cec\u00edlia se lembra da irm\u00e3 e faz uma c\u00f3pia do vestido que lhe deu quando eram jovens. Daguilene pede para morar com os irm\u00e3os. Desir\u00e9e e Armandinho s\u00e3o resgatados. [&hellip;]<\/p>\n","protected":false},"author":4,"featured_media":204655,"comment_status":"closed","ping_status":"closed","sticky":false,"template":"","format":"standard","meta":{"_genesis_hide_title":false,"_genesis_hide_breadcrumbs":false,"_genesis_hide_singular_image":false,"_genesis_hide_footer_widgets":false,"_genesis_custom_body_class":"","_genesis_custom_post_class":"","_genesis_layout":"","_jetpack_memberships_contains_paid_content":false,"footnotes":""},"categories":[379,375,2025,343,2193],"tags":[441],"class_list":{"0":"post-210344","1":"post","2":"type-post","3":"status-publish","4":"format-standard","5":"has-post-thumbnail","7":"category-novelas","8":"category-rede-globo","9":"category-resumo","10":"category-televisao","11":"category-tititi","12":"tag-resumo-do-dia","13":"entry","14":"gs-1","15":"gs-odd","16":"gs-even","17":"gs-featured-content-entry"},"jetpack_featured_media_url":"https:\/\/www.redenoticia.com.br\/noticia\/imagens\/tititi-reprise-globo-resumo-capitulos-sinopse.jpeg","jetpack_sharing_enabled":true,"jetpack_likes_enabled":true,"_links":{"self":[{"href":"https:\/\/www.redenoticia.com.br\/noticia\/wp-json\/wp\/v2\/posts\/210344","targetHints":{"allow":["GET"]}}],"collection":[{"href":"https:\/\/www.redenoticia.com.br\/noticia\/wp-json\/wp\/v2\/posts"}],"about":[{"href":"https:\/\/www.redenoticia.com.br\/noticia\/wp-json\/wp\/v2\/types\/post"}],"author":[{"embeddable":true,"href":"https:\/\/www.redenoticia.com.br\/noticia\/wp-json\/wp\/v2\/users\/4"}],"replies":[{"embeddable":true,"href":"https:\/\/www.redenoticia.com.br\/noticia\/wp-json\/wp\/v2\/comments?post=210344"}],"version-history":[{"count":0,"href":"https:\/\/www.redenoticia.com.br\/noticia\/wp-json\/wp\/v2\/posts\/210344\/revisions"}],"wp:featuredmedia":[{"embeddable":true,"href":"https:\/\/www.redenoticia.com.br\/noticia\/wp-json\/wp\/v2\/media\/204655"}],"wp:attachment":[{"href":"https:\/\/www.redenoticia.com.br\/noticia\/wp-json\/wp\/v2\/media?parent=210344"}],"wp:term":[{"taxonomy":"category","embeddable":true,"href":"https:\/\/www.redenoticia.com.br\/noticia\/wp-json\/wp\/v2\/categories?post=210344"},{"taxonomy":"post_tag","embeddable":true,"href":"https:\/\/www.redenoticia.com.br\/noticia\/wp-json\/wp\/v2\/tags?post=210344"}],"curies":[{"name":"wp","href":"https:\/\/api.w.org\/{rel}","templated":true}]}}