{"id":210204,"date":"2021-09-08T16:53:40","date_gmt":"2021-09-08T19:53:40","guid":{"rendered":"https:\/\/www.redenoticia.com.br\/noticia\/?p=210204"},"modified":"2021-09-08T16:53:40","modified_gmt":"2021-09-08T19:53:40","slug":"resumo-tititi-09-09-luisa-vai-ao-apartamento-de-marcela","status":"publish","type":"post","link":"https:\/\/www.redenoticia.com.br\/noticia\/2021\/resumo-tititi-09-09-luisa-vai-ao-apartamento-de-marcela\/210204","title":{"rendered":"Resumo \u201cTiTiTi\u201d 09\/09: Luisa vai ao apartamento de Marcela"},"content":{"rendered":"<p> <img loading=\"lazy\" decoding=\"async\" src=\"https:\/\/www.redenoticia.com.br\/noticia\/imagens\/tititi-elenco-personagens.jpeg\" alt=\"\" width=\"1280\" height=\"720\" class=\"aligncenter size-full wp-image-204657\" srcset=\"https:\/\/www.redenoticia.com.br\/noticia\/imagens\/tititi-elenco-personagens.jpeg 1280w, https:\/\/www.redenoticia.com.br\/noticia\/imagens\/tititi-elenco-personagens-250x140.jpeg 250w, https:\/\/www.redenoticia.com.br\/noticia\/imagens\/tititi-elenco-personagens-400x225.jpeg 400w, https:\/\/www.redenoticia.com.br\/noticia\/imagens\/tititi-elenco-personagens-768x432.jpeg 768w, https:\/\/www.redenoticia.com.br\/noticia\/imagens\/tititi-elenco-personagens-150x85.jpeg 150w\" sizes=\"auto, (max-width: 1280px) 100vw, 1280px\" \/><\/p>\n<p><em><strong>Resumo da novela \u201cTiTiTi\u201d<\/strong><\/em> em 09\/09: no cap\u00edtulo 119(*) da novela, Edgar discute com Marcela por causa de Renato. Desir\u00e9e diz que ama Jorgito e pede que Armandinho se conforme. Thales se aborrece com o ass\u00e9dio de Jacques a Jaqueline. Ariclenes fica revoltado com a trai\u00e7\u00e3o de Amanda e d\u00e1 um ultimato a Marta, que fica do lado da filha. Tha\u00edsa finge que Alfred\u00e3o \u00e9 seu namorado e provoca ci\u00fames em Eduardo. Pedro chega b\u00eabado ao bar onde Camila est\u00e1 e \u00e9 humilhado por Luti.<\/p>\n<p>Jorgito passa a noite fora de casa. Renato leva seu portf\u00f3lio para Isabel e ela diz que ir\u00e1 ajud\u00e1-lo. Luisa finge ter se recuperado e Edgar a tira da cl\u00ednica. Clotilde exige que Jaqueline se afaste de Jacques. Ramiro comenta que St\u00e9fany esteve na f\u00e1brica e Gino fica intrigado. Luisa volta para a ag\u00eancia. Pedro tenta atropelar Luti e Camila se desespera.<\/p>\n<p>St\u00e9fany se insinua para Jorgito<\/p>\n<p>Camila salva Luti e \u00e9 atropelada por Pedro. Cec\u00edlia sonha que Luti \u00e9 atacado por Valentim e avisa Ariclenes. Camila e Pedro s\u00e3o levados para o hospital. Gino questiona Jorgito sobre St\u00e9fany. Rebeca amea\u00e7a processar Pedro por tentativa de homic\u00eddio. Gino fica dividido entre o sonho de ser pai e o amor por Rebeca. Marcela leva Paulinho para a casa de Bruna e \u00e9 surpreendida pela chegada de Edgar com Lu\u00edsa.<\/p>\n<p>\u00c9rico aconselha Renato a se aperfei\u00e7oar, mas lhe d\u00e1 uma oportunidade na ag\u00eancia. Luti se declara para Camila. Magda procura Valentim. St\u00e9fany se insinua para Jorgito. Desir\u00e9e corta o p\u00e9 e Armandinho a socorre. Breno diz a Eduardo que Tha\u00edsa gosta dele. Isabel conta para Marcela que Renato trabalhar\u00e1 com seu irm\u00e3o. Lu\u00edsa aparece no apartamento de Marcela.<\/p>\n<p>(*) edi\u00e7\u00e3o das novelas da Globo, \u201cTiTiTi\u201d, sujeito a altera\u00e7\u00e3o de data e conte\u00fado.<\/p>\n<p>Sinopse &#8220;TiTiTi&#8221;: Alexandre Borges e Murilo Ben\u00edcio interpretam os rivais da hist\u00f3ria, respectivamente Jacques Leclair e Victor Valentim, que passam a novela inteira se digladiando para ver quem sobressai no mundo na moda como estilista bem-sucedido, com o nome transformado em grife e as cole\u00e7\u00f5es desfiladas nas grandes semanas de moda e fotografadas para as revistas de celebridades.<\/p>\n","protected":false},"excerpt":{"rendered":"<p>Resumo da novela \u201cTiTiTi\u201d em 09\/09: no cap\u00edtulo 119(*) da novela, Edgar discute com Marcela por causa de Renato. Desir\u00e9e diz que ama Jorgito e pede que Armandinho se conforme. Thales se aborrece com o ass\u00e9dio de Jacques a Jaqueline. Ariclenes fica revoltado com a trai\u00e7\u00e3o de Amanda e d\u00e1 um ultimato a Marta, que [&hellip;]<\/p>\n","protected":false},"author":2,"featured_media":204655,"comment_status":"closed","ping_status":"closed","sticky":false,"template":"","format":"standard","meta":{"_genesis_hide_title":false,"_genesis_hide_breadcrumbs":false,"_genesis_hide_singular_image":false,"_genesis_hide_footer_widgets":false,"_genesis_custom_body_class":"","_genesis_custom_post_class":"","_genesis_layout":"","_jetpack_memberships_contains_paid_content":false,"footnotes":""},"categories":[379,375,2025,343,2193],"tags":[441],"class_list":{"0":"post-210204","1":"post","2":"type-post","3":"status-publish","4":"format-standard","5":"has-post-thumbnail","7":"category-novelas","8":"category-rede-globo","9":"category-resumo","10":"category-televisao","11":"category-tititi","12":"tag-resumo-do-dia","13":"entry","14":"gs-1","15":"gs-odd","16":"gs-even","17":"gs-featured-content-entry"},"jetpack_featured_media_url":"https:\/\/www.redenoticia.com.br\/noticia\/imagens\/tititi-reprise-globo-resumo-capitulos-sinopse.jpeg","jetpack_sharing_enabled":true,"jetpack_likes_enabled":true,"_links":{"self":[{"href":"https:\/\/www.redenoticia.com.br\/noticia\/wp-json\/wp\/v2\/posts\/210204","targetHints":{"allow":["GET"]}}],"collection":[{"href":"https:\/\/www.redenoticia.com.br\/noticia\/wp-json\/wp\/v2\/posts"}],"about":[{"href":"https:\/\/www.redenoticia.com.br\/noticia\/wp-json\/wp\/v2\/types\/post"}],"author":[{"embeddable":true,"href":"https:\/\/www.redenoticia.com.br\/noticia\/wp-json\/wp\/v2\/users\/2"}],"replies":[{"embeddable":true,"href":"https:\/\/www.redenoticia.com.br\/noticia\/wp-json\/wp\/v2\/comments?post=210204"}],"version-history":[{"count":0,"href":"https:\/\/www.redenoticia.com.br\/noticia\/wp-json\/wp\/v2\/posts\/210204\/revisions"}],"wp:featuredmedia":[{"embeddable":true,"href":"https:\/\/www.redenoticia.com.br\/noticia\/wp-json\/wp\/v2\/media\/204655"}],"wp:attachment":[{"href":"https:\/\/www.redenoticia.com.br\/noticia\/wp-json\/wp\/v2\/media?parent=210204"}],"wp:term":[{"taxonomy":"category","embeddable":true,"href":"https:\/\/www.redenoticia.com.br\/noticia\/wp-json\/wp\/v2\/categories?post=210204"},{"taxonomy":"post_tag","embeddable":true,"href":"https:\/\/www.redenoticia.com.br\/noticia\/wp-json\/wp\/v2\/tags?post=210204"}],"curies":[{"name":"wp","href":"https:\/\/api.w.org\/{rel}","templated":true}]}}