{"id":210173,"date":"2021-09-07T15:36:38","date_gmt":"2021-09-07T18:36:38","guid":{"rendered":"https:\/\/www.redenoticia.com.br\/noticia\/?p=210173"},"modified":"2021-09-07T15:36:38","modified_gmt":"2021-09-07T18:36:38","slug":"resumo-tititi-08-09-luisa-descobre-que-renato-e-marcela-se-separaram","status":"publish","type":"post","link":"https:\/\/www.redenoticia.com.br\/noticia\/2021\/resumo-tititi-08-09-luisa-descobre-que-renato-e-marcela-se-separaram\/210173","title":{"rendered":"Resumo \u201cTiTiTi\u201d 08\/09: Lu\u00edsa descobre que Renato e Marcela se separaram"},"content":{"rendered":"<p><img loading=\"lazy\" decoding=\"async\" src=\"https:\/\/www.redenoticia.com.br\/noticia\/imagens\/tititi-elenco-personagens.jpeg\" alt=\"\" width=\"1280\" height=\"720\" class=\"aligncenter size-full wp-image-204657\" srcset=\"https:\/\/www.redenoticia.com.br\/noticia\/imagens\/tititi-elenco-personagens.jpeg 1280w, https:\/\/www.redenoticia.com.br\/noticia\/imagens\/tititi-elenco-personagens-250x140.jpeg 250w, https:\/\/www.redenoticia.com.br\/noticia\/imagens\/tititi-elenco-personagens-400x225.jpeg 400w, https:\/\/www.redenoticia.com.br\/noticia\/imagens\/tititi-elenco-personagens-768x432.jpeg 768w, https:\/\/www.redenoticia.com.br\/noticia\/imagens\/tititi-elenco-personagens-150x85.jpeg 150w\" sizes=\"auto, (max-width: 1280px) 100vw, 1280px\" \/><\/p>\n<p><em><strong>Resumo da novela \u201cTiTiTi\u201d<\/strong><\/em> em 08\/09: no cap\u00edtulo 118(*) da novela, Giancarlo sofre com a aus\u00eancia do filho. Marcela confessa para Julinho que est\u00e1 dividida entre Renato e Edgar. Desir\u00e9e ouve um barulho de helic\u00f3ptero. Jacques descobre que Jaqueline contratou dan\u00e7arinos para atrair clientes ao ateli\u00ea. J\u00falia comenta com Ariclenes que tem uma irm\u00e3. St\u00e9fany pede ajuda a Jorgito e \u00e9 acolhida por ele. Gino abandona Rebeca sozinha no restaurante e Breno chega com Dorinha.<\/p>\n<p>Francis conta para Lu\u00edsa que Renato e Marcela se separaram. Tha\u00edsa finge que se machucou e busca atendimento no hospital de Eduardo. Renato vai ao apartamento de Marcela para pegar seu desenho e mima Paulinho. Amanda confessa para Ariclenes que foi ela quem entregou o croqui do vestido de Valentim para Jacques. Armandinho agarra Desir\u00e9e. St\u00e9fany se insinua para Jorgito. Edgar chega \u00e0 casa de Marcela e v\u00ea Renato.19022011cap186.<\/p>\n<p>Jorgito passa a noite fora de casa<\/p>\n<p>Edgar discute com Marcela por causa de Renato. Desir\u00e9e diz que ama Jorgito e pede que Armandinho se conforme. Thales se aborrece com o ass\u00e9dio de Jacques a Jaqueline. Ariclenes fica revoltado com a trai\u00e7\u00e3o de Amanda e d\u00e1 um ultimato a Marta, que fica do lado da filha. Tha\u00edsa finge que Alfred\u00e3o \u00e9 seu namorado e provoca ci\u00fames em Eduardo. Pedro chega b\u00eabado ao bar onde Camila est\u00e1 e \u00e9 humilhado por Luti.<\/p>\n<p>Jorgito passa a noite fora de casa. Renato leva seu portf\u00f3lio para Isabel e ela diz que ir\u00e1 ajud\u00e1-lo. Luisa finge ter se recuperado e Edgar a tira da cl\u00ednica. Clotilde exige que Jaqueline se afaste de Jacques. Ramiro comenta que St\u00e9fany esteve na f\u00e1brica e Gino fica intrigado. Luisa volta para a ag\u00eancia. Pedro tenta atropelar Luti e Camila se desespera.<\/p>\n<p>(*) edi\u00e7\u00e3o das novelas da Globo, \u201cTiTiTi\u201d, sujeito a altera\u00e7\u00e3o de data e conte\u00fado.<\/p>\n<p>Sinopse &#8220;TiTiTi&#8221;: Alexandre Borges e Murilo Ben\u00edcio interpretam os rivais da hist\u00f3ria, respectivamente Jacques Leclair e Victor Valentim, que passam a novela inteira se digladiando para ver quem sobressai no mundo na moda como estilista bem-sucedido, com o nome transformado em grife e as cole\u00e7\u00f5es desfiladas nas grandes semanas de moda e fotografadas para as revistas de celebridades.<\/p>\n","protected":false},"excerpt":{"rendered":"<p>Resumo da novela \u201cTiTiTi\u201d em 08\/09: no cap\u00edtulo 118(*) da novela, Giancarlo sofre com a aus\u00eancia do filho. Marcela confessa para Julinho que est\u00e1 dividida entre Renato e Edgar. Desir\u00e9e ouve um barulho de helic\u00f3ptero. Jacques descobre que Jaqueline contratou dan\u00e7arinos para atrair clientes ao ateli\u00ea. J\u00falia comenta com Ariclenes que tem uma irm\u00e3. St\u00e9fany [&hellip;]<\/p>\n","protected":false},"author":4,"featured_media":204655,"comment_status":"closed","ping_status":"closed","sticky":false,"template":"","format":"standard","meta":{"_genesis_hide_title":false,"_genesis_hide_breadcrumbs":false,"_genesis_hide_singular_image":false,"_genesis_hide_footer_widgets":false,"_genesis_custom_body_class":"","_genesis_custom_post_class":"","_genesis_layout":"","_jetpack_memberships_contains_paid_content":false,"footnotes":""},"categories":[379,375,2025,343,2193],"tags":[441],"class_list":{"0":"post-210173","1":"post","2":"type-post","3":"status-publish","4":"format-standard","5":"has-post-thumbnail","7":"category-novelas","8":"category-rede-globo","9":"category-resumo","10":"category-televisao","11":"category-tititi","12":"tag-resumo-do-dia","13":"entry","14":"gs-1","15":"gs-odd","16":"gs-even","17":"gs-featured-content-entry"},"jetpack_featured_media_url":"https:\/\/www.redenoticia.com.br\/noticia\/imagens\/tititi-reprise-globo-resumo-capitulos-sinopse.jpeg","jetpack_sharing_enabled":true,"jetpack_likes_enabled":true,"_links":{"self":[{"href":"https:\/\/www.redenoticia.com.br\/noticia\/wp-json\/wp\/v2\/posts\/210173","targetHints":{"allow":["GET"]}}],"collection":[{"href":"https:\/\/www.redenoticia.com.br\/noticia\/wp-json\/wp\/v2\/posts"}],"about":[{"href":"https:\/\/www.redenoticia.com.br\/noticia\/wp-json\/wp\/v2\/types\/post"}],"author":[{"embeddable":true,"href":"https:\/\/www.redenoticia.com.br\/noticia\/wp-json\/wp\/v2\/users\/4"}],"replies":[{"embeddable":true,"href":"https:\/\/www.redenoticia.com.br\/noticia\/wp-json\/wp\/v2\/comments?post=210173"}],"version-history":[{"count":0,"href":"https:\/\/www.redenoticia.com.br\/noticia\/wp-json\/wp\/v2\/posts\/210173\/revisions"}],"wp:featuredmedia":[{"embeddable":true,"href":"https:\/\/www.redenoticia.com.br\/noticia\/wp-json\/wp\/v2\/media\/204655"}],"wp:attachment":[{"href":"https:\/\/www.redenoticia.com.br\/noticia\/wp-json\/wp\/v2\/media?parent=210173"}],"wp:term":[{"taxonomy":"category","embeddable":true,"href":"https:\/\/www.redenoticia.com.br\/noticia\/wp-json\/wp\/v2\/categories?post=210173"},{"taxonomy":"post_tag","embeddable":true,"href":"https:\/\/www.redenoticia.com.br\/noticia\/wp-json\/wp\/v2\/tags?post=210173"}],"curies":[{"name":"wp","href":"https:\/\/api.w.org\/{rel}","templated":true}]}}