{"id":210071,"date":"2021-09-05T12:05:09","date_gmt":"2021-09-05T15:05:09","guid":{"rendered":"https:\/\/www.redenoticia.com.br\/noticia\/?p=210071"},"modified":"2021-09-05T17:25:59","modified_gmt":"2021-09-05T20:25:59","slug":"resumo-amores-verdadeiros-06-09-roy-descobre-que-lili-e-uma-balvanera","status":"publish","type":"post","link":"https:\/\/www.redenoticia.com.br\/noticia\/2021\/resumo-amores-verdadeiros-06-09-roy-descobre-que-lili-e-uma-balvanera\/210071","title":{"rendered":"Resumo &#8220;Amores Verdadeiros&#8221; 06\/09: Roy descobre que Lili \u00e9 uma Balvanera"},"content":{"rendered":"<p><img loading=\"lazy\" decoding=\"async\" src=\"https:\/\/www.redenoticia.com.br\/noticia\/imagens\/amores-verdadeiros-resumo-elenco.jpg\" alt=\"\" width=\"1280\" height=\"720\" class=\"aligncenter size-full wp-image-203224\" srcset=\"https:\/\/www.redenoticia.com.br\/noticia\/imagens\/amores-verdadeiros-resumo-elenco.jpg 1280w, https:\/\/www.redenoticia.com.br\/noticia\/imagens\/amores-verdadeiros-resumo-elenco-250x140.jpg 250w, https:\/\/www.redenoticia.com.br\/noticia\/imagens\/amores-verdadeiros-resumo-elenco-400x225.jpg 400w, https:\/\/www.redenoticia.com.br\/noticia\/imagens\/amores-verdadeiros-resumo-elenco-768x432.jpg 768w, https:\/\/www.redenoticia.com.br\/noticia\/imagens\/amores-verdadeiros-resumo-elenco-150x85.jpg 150w\" sizes=\"auto, (max-width: 1280px) 100vw, 1280px\" \/><br \/>\n<strong><em>Resumo da novela &#8220;Amores Verdadeiros&#8221;<\/em><\/strong> em 06\/09: no cap\u00edtulo 151(*) da novela,  Beatriz e Salviano conversam. Ela pergunta por que foi demitido, ele diz que teve um caso com Kendra. Vit\u00f3ria em seu est\u00fadio de arte lembra-se das palavras de Lili: posso aceitar voc\u00ea como tia, mas n\u00e3o com meu pai!! Aguiar chega e a tranquiliza. Ele quer arrumar um emprego em outro lugar. Lili fala com a foto da mam\u00e3e. Ela diz que vai se vingar de Vit\u00f3ria.<\/p>\n<p>Carlos chega na mans\u00e3o. Poliana faz uma apresenta\u00e7\u00e3o para ele. Ele veio explicar a Adriana por que ela encontrou outra atriz em seu apartamento. Ela diz que n\u00e3o h\u00e1 necessidade de explicar. Carlos sabe melhor, ela est\u00e1 apenas brincando de indiferente, mas ela se importa. Ela diz que ele sempre foi sincero nos relacionamentos, pede que ele n\u00e3o se preocupe com ela.<\/p>\n<p>Nelson e Kendra v\u00e3o fazer o teste de DNA de Mia. Na cl\u00ednica, An\u00edbal e Candel\u00e1ria est\u00e3o prontos para ir embora, ele foi liberado. Salviano vem busc\u00e1-lo e diz que Nelson acabou de despedi-lo. Diz a An\u00edbal por qu\u00ea. An\u00edbal pergunta &#8216;\u00e9 verdade?&#8217;. Salviano diz que sim, antes de conhecer o Nelson. An\u00edbal ri e diz que gosta de Salviano agora mais do que nunca. Diz a Salviano que agora ele trabalhar\u00e1 diretamente para An\u00edbal.<\/p>\n<p>Em sua estufa, Lili est\u00e1 perdida em pensamentos, triste. Roy percebe. Lili traz \u00e0 tona a oposi\u00e7\u00e3o de seus pais &#8230; ent\u00e3o joga a bomba sobre ele: &#8220;Voc\u00ea est\u00e1 olhando para uma aut\u00eantica Balvanera&#8221;. Roy tem uma rea\u00e7\u00e3o bastante moderada.<\/p>\n<p>(*) edi\u00e7\u00e3o das novelas do SBT, &#8220;Amores Verdadeiros&#8221;, sujeito a altera\u00e7\u00e3o de data e conte\u00fado.<\/p>\n<p>Sinopse &#8220;Amores Verdadeiros&#8221;: Vit\u00f3ria Balvanera \u00e9 diretora de cria\u00e7\u00e3o da Meta Imagem Internacional, a mais importante ag\u00eancia de publicidade do pa\u00eds. O seu sucesso a tornou alvo de criminosos e \u00e9 durante um destes ataques que conhece Jos\u00e9 \u00c1ngelo, um simples campon\u00eas. Quando Jos\u00e9 \u00c2ngelo vai \u00e0 fazenda para pedir um emprego como capataz, um grupo de criminosos invade a propriedade para sequestrar Vit\u00f3ria. Gra\u00e7as ao seu treinamento de Aikido, ele evita o sequestro e salva Vit\u00f3ria, assim um encontro \u00fanico e emocionante surge entre eles. <\/p>\n","protected":false},"excerpt":{"rendered":"<p>Resumo da novela &#8220;Amores Verdadeiros&#8221; em 06\/09: no cap\u00edtulo 151(*) da novela, Beatriz e Salviano conversam. Ela pergunta por que foi demitido, ele diz que teve um caso com Kendra. Vit\u00f3ria em seu est\u00fadio de arte lembra-se das palavras de Lili: posso aceitar voc\u00ea como tia, mas n\u00e3o com meu pai!! Aguiar chega e a [&hellip;]<\/p>\n","protected":false},"author":4,"featured_media":203226,"comment_status":"closed","ping_status":"closed","sticky":false,"template":"","format":"standard","meta":{"_genesis_hide_title":false,"_genesis_hide_breadcrumbs":false,"_genesis_hide_singular_image":false,"_genesis_hide_footer_widgets":false,"_genesis_custom_body_class":"","_genesis_custom_post_class":"","_genesis_layout":"","_jetpack_memberships_contains_paid_content":false,"footnotes":""},"categories":[2189,379,2025,372,343],"tags":[441],"class_list":{"0":"post-210071","1":"post","2":"type-post","3":"status-publish","4":"format-standard","5":"has-post-thumbnail","7":"category-amores-verdadeiros","8":"category-novelas","9":"category-resumo","10":"category-sbt","11":"category-televisao","12":"tag-resumo-do-dia","13":"entry","14":"gs-1","15":"gs-odd","16":"gs-even","17":"gs-featured-content-entry"},"jetpack_featured_media_url":"https:\/\/www.redenoticia.com.br\/noticia\/imagens\/amor-sem-igual-resumo-logo.jpg","jetpack_sharing_enabled":true,"jetpack_likes_enabled":true,"_links":{"self":[{"href":"https:\/\/www.redenoticia.com.br\/noticia\/wp-json\/wp\/v2\/posts\/210071","targetHints":{"allow":["GET"]}}],"collection":[{"href":"https:\/\/www.redenoticia.com.br\/noticia\/wp-json\/wp\/v2\/posts"}],"about":[{"href":"https:\/\/www.redenoticia.com.br\/noticia\/wp-json\/wp\/v2\/types\/post"}],"author":[{"embeddable":true,"href":"https:\/\/www.redenoticia.com.br\/noticia\/wp-json\/wp\/v2\/users\/4"}],"replies":[{"embeddable":true,"href":"https:\/\/www.redenoticia.com.br\/noticia\/wp-json\/wp\/v2\/comments?post=210071"}],"version-history":[{"count":0,"href":"https:\/\/www.redenoticia.com.br\/noticia\/wp-json\/wp\/v2\/posts\/210071\/revisions"}],"wp:featuredmedia":[{"embeddable":true,"href":"https:\/\/www.redenoticia.com.br\/noticia\/wp-json\/wp\/v2\/media\/203226"}],"wp:attachment":[{"href":"https:\/\/www.redenoticia.com.br\/noticia\/wp-json\/wp\/v2\/media?parent=210071"}],"wp:term":[{"taxonomy":"category","embeddable":true,"href":"https:\/\/www.redenoticia.com.br\/noticia\/wp-json\/wp\/v2\/categories?post=210071"},{"taxonomy":"post_tag","embeddable":true,"href":"https:\/\/www.redenoticia.com.br\/noticia\/wp-json\/wp\/v2\/tags?post=210071"}],"curies":[{"name":"wp","href":"https:\/\/api.w.org\/{rel}","templated":true}]}}