{"id":209706,"date":"2021-08-24T15:43:06","date_gmt":"2021-08-24T18:43:06","guid":{"rendered":"https:\/\/www.redenoticia.com.br\/noticia\/?p=209706"},"modified":"2021-08-24T15:43:06","modified_gmt":"2021-08-24T18:43:06","slug":"resumo-amores-verdadeiros-25-08-aguiar-comeca-a-suspeitar-que-anibal-e-o-pai-de-cristina","status":"publish","type":"post","link":"https:\/\/www.redenoticia.com.br\/noticia\/2021\/resumo-amores-verdadeiros-25-08-aguiar-comeca-a-suspeitar-que-anibal-e-o-pai-de-cristina\/209706","title":{"rendered":"Resumo &#8220;Amores Verdadeiros&#8221; 25\/08: Aguiar come\u00e7a a suspeitar que An\u00edbal \u00e9 o pai de Cristina"},"content":{"rendered":"<p><img loading=\"lazy\" decoding=\"async\" src=\"https:\/\/www.redenoticia.com.br\/noticia\/imagens\/amores-verdadeiros-resumo-elenco.jpg\" alt=\"\" width=\"1280\" height=\"720\" class=\"aligncenter size-full wp-image-203224\" srcset=\"https:\/\/www.redenoticia.com.br\/noticia\/imagens\/amores-verdadeiros-resumo-elenco.jpg 1280w, https:\/\/www.redenoticia.com.br\/noticia\/imagens\/amores-verdadeiros-resumo-elenco-250x140.jpg 250w, https:\/\/www.redenoticia.com.br\/noticia\/imagens\/amores-verdadeiros-resumo-elenco-400x225.jpg 400w, https:\/\/www.redenoticia.com.br\/noticia\/imagens\/amores-verdadeiros-resumo-elenco-768x432.jpg 768w, https:\/\/www.redenoticia.com.br\/noticia\/imagens\/amores-verdadeiros-resumo-elenco-150x85.jpg 150w\" sizes=\"auto, (max-width: 1280px) 100vw, 1280px\" \/><br \/>\n<strong><em>Resumo da novela &#8220;Amores Verdadeiros&#8221;<\/em><\/strong> em 25\/08: no cap\u00edtulo 143(*) da novela,  An\u00edbal est\u00e1 determinado a apresentar Candel\u00e1ria como sua futura esposa. Ela est\u00e1 um pouco hesitante. Ele a arrasta para a mans\u00e3o e joga a bomba. Vit\u00f3ria pergunta: &#8220;Ela \u00e9 a mulher com quem voc\u00ea estava quando minha m\u00e3e estava morrendo?&#8221; An\u00edbal diz a Vit\u00f3ria que eles v\u00e3o ter que aceitar Candel\u00e1ria. Nelson faz coment\u00e1rios sarc\u00e1sticos. Ele vai se casar com algu\u00e9m de classe baixa e situa\u00e7\u00e3o financeira ruim. An\u00edbal diz que tem dinheiro e pode fazer o que quiser, ao contr\u00e1rio de Vit\u00f3ria e Nikki, que est\u00e3o se sobrecarregando com coisas in\u00fateis. Aguiar n\u00e3o gosta de ser classificado como imprest\u00e1vel.<\/p>\n<p>Nikki tenta preparar o jantar, mas ela queima tudo. Gusm\u00e3o diz que est\u00e1 bem e eles pedem pizza. Eles est\u00e3o falando sobre as fam\u00edlias e atualizando as coisas. Nikki faz algumas observa\u00e7\u00f5es sarc\u00e1sticas sobre Lili.<\/p>\n<p>Anibal v\u00ea Candel\u00e1ria confusa, acreditando que ela ainda precisa esconder a verdade sobre a linhagem de todos. Ele diz a ela que, se Adriana souber a verdade, os dois ser\u00e3o processados. Candel\u00e1ria promete manter o segredo por mais tempo. Roy opta por n\u00e3o sair com Omar para ler sobre jardinagem e minhocas, e parece genuinamente interessado! Omar balan\u00e7a a cabe\u00e7a.<\/p>\n<p>Adriana pergunta a Carlos para onde a rela\u00e7\u00e3o est\u00e1 indo. Carlos admite que n\u00e3o planeja se casar ou ter filhos, ele est\u00e1 muito preso em seus caminhos. Adriana diz que ela est\u00e1 muito velha para pensar em se estabelecer. Eles concordam em apenas &#8220;ver como as coisas v\u00e3o&#8221;. Lili e Poliana v\u00e3o ao cinema com Jean Marie. Guille faz um trabalho art\u00edstico mostrando Leo como um Aguiar. Parece que Guille est\u00e1 aceitando como as coisas s\u00e3o. Salviano se refere a Guille como o filho &#8220;dele&#8221;.<\/p>\n<p>Nelson tira uma foto da pequena Mia no hospital e a envia pelo celular para Kendra. Ela est\u00e1 relaxando em um spa, enquanto Nelson acha que ela est\u00e1 triste no funeral de sua tia. Nikki est\u00e1 conversando com o pequeno Gusm\u00e3o e falando sobre como vov\u00f4 cortou seus cart\u00f5es de cr\u00e9dito. Vit\u00f3ria est\u00e1 indignada com o pai querer se casar com Candel\u00e1ria. Ela presume que Aguiar sabia disso de antem\u00e3o e ele est\u00e1 guardando mais segredos. Ela se surpreende que Aguiar n\u00e3o saiba e fica toda doce com ele. Ele come\u00e7a a ligar os pontos e quer falar com Candel\u00e1ria o mais r\u00e1pido poss\u00edvel.<\/p>\n<p>An\u00edbal faz planos e tenta manipular Candel\u00e1ria. Aguiar volta a ver Candel\u00e1ria implorar perd\u00e3o a Cristina, em frente \u00e0 Virgem de Guadalupe. Ele conecta todos os pontos e come\u00e7a a suspeitar que An\u00edbal \u00e9 o pai de Cristina. Ele confronta Candel\u00e1ria. Ela admite que anos atr\u00e1s conheceu An\u00edbal e se apaixonou por ele, mas diz que se perdeu ao descobrir que ele era casado. De qualquer forma, ela diz que Vit\u00f3ria pensa que ela \u00e9 uma esp\u00e9cie de amante. Aguiar promete esclarecer tudo para Vit\u00f3ria.<\/p>\n<p>(*) edi\u00e7\u00e3o das novelas do SBT, &#8220;Amores Verdadeiros&#8221;, sujeito a altera\u00e7\u00e3o de data e conte\u00fado.<\/p>\n<p>Sinopse &#8220;Amores Verdadeiros&#8221;: Vit\u00f3ria Balvanera \u00e9 diretora de cria\u00e7\u00e3o da Meta Imagem Internacional, a mais importante ag\u00eancia de publicidade do pa\u00eds. O seu sucesso a tornou alvo de criminosos e \u00e9 durante um destes ataques que conhece Jos\u00e9 \u00c1ngelo, um simples campon\u00eas. Quando Jos\u00e9 \u00c2ngelo vai \u00e0 fazenda para pedir um emprego como capataz, um grupo de criminosos invade a propriedade para sequestrar Vit\u00f3ria. Gra\u00e7as ao seu treinamento de Aikido, ele evita o sequestro e salva Vit\u00f3ria, assim um encontro \u00fanico e emocionante surge entre eles. <\/p>\n","protected":false},"excerpt":{"rendered":"<p>Resumo da novela &#8220;Amores Verdadeiros&#8221; em 25\/08: no cap\u00edtulo 143(*) da novela, An\u00edbal est\u00e1 determinado a apresentar Candel\u00e1ria como sua futura esposa. Ela est\u00e1 um pouco hesitante. Ele a arrasta para a mans\u00e3o e joga a bomba. Vit\u00f3ria pergunta: &#8220;Ela \u00e9 a mulher com quem voc\u00ea estava quando minha m\u00e3e estava morrendo?&#8221; An\u00edbal diz a [&hellip;]<\/p>\n","protected":false},"author":4,"featured_media":203226,"comment_status":"closed","ping_status":"closed","sticky":false,"template":"","format":"standard","meta":{"_genesis_hide_title":false,"_genesis_hide_breadcrumbs":false,"_genesis_hide_singular_image":false,"_genesis_hide_footer_widgets":false,"_genesis_custom_body_class":"","_genesis_custom_post_class":"","_genesis_layout":"","_jetpack_memberships_contains_paid_content":false,"footnotes":""},"categories":[2189,379,2025,372,343],"tags":[441],"class_list":{"0":"post-209706","1":"post","2":"type-post","3":"status-publish","4":"format-standard","5":"has-post-thumbnail","7":"category-amores-verdadeiros","8":"category-novelas","9":"category-resumo","10":"category-sbt","11":"category-televisao","12":"tag-resumo-do-dia","13":"entry","14":"gs-1","15":"gs-odd","16":"gs-even","17":"gs-featured-content-entry"},"jetpack_featured_media_url":"https:\/\/www.redenoticia.com.br\/noticia\/imagens\/amor-sem-igual-resumo-logo.jpg","jetpack_sharing_enabled":true,"jetpack_likes_enabled":true,"_links":{"self":[{"href":"https:\/\/www.redenoticia.com.br\/noticia\/wp-json\/wp\/v2\/posts\/209706","targetHints":{"allow":["GET"]}}],"collection":[{"href":"https:\/\/www.redenoticia.com.br\/noticia\/wp-json\/wp\/v2\/posts"}],"about":[{"href":"https:\/\/www.redenoticia.com.br\/noticia\/wp-json\/wp\/v2\/types\/post"}],"author":[{"embeddable":true,"href":"https:\/\/www.redenoticia.com.br\/noticia\/wp-json\/wp\/v2\/users\/4"}],"replies":[{"embeddable":true,"href":"https:\/\/www.redenoticia.com.br\/noticia\/wp-json\/wp\/v2\/comments?post=209706"}],"version-history":[{"count":0,"href":"https:\/\/www.redenoticia.com.br\/noticia\/wp-json\/wp\/v2\/posts\/209706\/revisions"}],"wp:featuredmedia":[{"embeddable":true,"href":"https:\/\/www.redenoticia.com.br\/noticia\/wp-json\/wp\/v2\/media\/203226"}],"wp:attachment":[{"href":"https:\/\/www.redenoticia.com.br\/noticia\/wp-json\/wp\/v2\/media?parent=209706"}],"wp:term":[{"taxonomy":"category","embeddable":true,"href":"https:\/\/www.redenoticia.com.br\/noticia\/wp-json\/wp\/v2\/categories?post=209706"},{"taxonomy":"post_tag","embeddable":true,"href":"https:\/\/www.redenoticia.com.br\/noticia\/wp-json\/wp\/v2\/tags?post=209706"}],"curies":[{"name":"wp","href":"https:\/\/api.w.org\/{rel}","templated":true}]}}