{"id":209167,"date":"2021-08-08T17:13:37","date_gmt":"2021-08-08T20:13:37","guid":{"rendered":"https:\/\/www.redenoticia.com.br\/noticia\/?p=209167"},"modified":"2021-08-08T17:13:37","modified_gmt":"2021-08-08T20:13:37","slug":"resumo-tititi-09-08-renato-ve-paulinho-no-colo-de-edgar","status":"publish","type":"post","link":"https:\/\/www.redenoticia.com.br\/noticia\/2021\/resumo-tititi-09-08-renato-ve-paulinho-no-colo-de-edgar\/209167","title":{"rendered":"Resumo \u201cTiTiTi\u201d 09\/08: Renato v\u00ea Paulinho no colo de Edgar"},"content":{"rendered":"<p> <img loading=\"lazy\" decoding=\"async\" src=\"https:\/\/www.redenoticia.com.br\/noticia\/imagens\/tititi-elenco-personagens.jpeg\" alt=\"\" width=\"1280\" height=\"720\" class=\"aligncenter size-full wp-image-204657\" srcset=\"https:\/\/www.redenoticia.com.br\/noticia\/imagens\/tititi-elenco-personagens.jpeg 1280w, https:\/\/www.redenoticia.com.br\/noticia\/imagens\/tititi-elenco-personagens-250x140.jpeg 250w, https:\/\/www.redenoticia.com.br\/noticia\/imagens\/tititi-elenco-personagens-400x225.jpeg 400w, https:\/\/www.redenoticia.com.br\/noticia\/imagens\/tititi-elenco-personagens-768x432.jpeg 768w, https:\/\/www.redenoticia.com.br\/noticia\/imagens\/tititi-elenco-personagens-150x85.jpeg 150w\" sizes=\"auto, (max-width: 1280px) 100vw, 1280px\" \/><\/p>\n<p><em><strong>Resumo da novela \u201cTiTiTi\u201d<\/strong><\/em> em 09\/08: no cap\u00edtulo 096(*) da novela, Marta pressiona Gabriela a desistir do casamento. Dorinha aconselha Amanda a n\u00e3o medir for\u00e7as com Marcela. Marta diz que n\u00e3o vai ao casamento da filha e convence o pessoal da vila a n\u00e3o ir. Gabriela pede para Luti lev\u00e1-la \u00e0 igreja e ele acaba concordando. Clotilde marca uma reuni\u00e3o com Thales e Lourdes. Desir\u00e9e desabafa com a m\u00e3e e teme ter perdido Jorgito.<\/p>\n<p>Dona Mocinha incentiva Armandinho a se aproximar da irm\u00e3. Rebeca sugere que Tha\u00edsa converse com o pai. Pedro e Gabriela se casam. Nicole sai de casa com Desir\u00e9e e \u00e9 surpreendida pelos paparazzi. Adriano conta para Suzana que publicou no site da revista a foto sobre o suposto romance entre Nicole e Valentim. Pedro leva Gabriela para o seu quarto e ela simula ter sido agarrada \u00e0 for\u00e7a.<\/p>\n<p>Ariclenes v\u00ea a foto de Nicole na internet e pressiona a costureira a contar a verdade. Chico assume que se encontrou com Nicole no ateli\u00ea e Ariclenes o demite. Lourdes cobre a oferta de Thales e Jacques fecha neg\u00f3cio com a mo\u00e7a. Edgar avista Paulinho na pracinha com a bab\u00e1 e se aproxima. Ariclenes flagra M\u00e1rio espionando o seu ateli\u00ea. Renato v\u00ea Paulinho no colo de Edgar.<\/p>\n<p>Pedro despreza Gabriela e a abandona na noite de n\u00fapcias<\/p>\n<p>Renato evita brigar com Edgar e o convida para ir at\u00e9 sua casa. M\u00e1rio nega que estava espionando Valentim e, para despistar, pede um emprego a Ariclenes. Gino e Desir\u00e9e incentivam Nicole a assumir seu namoro com Chico. Armandinho diz \u00e0 av\u00f3 que ir\u00e1 lutar pela heran\u00e7a de Orlando Bianchi. Ariclenes aceita que M\u00e1rio trabalhe no ateli\u00ea e revela seu disfarce para ele. Olga rasga a carta de Valentim e Cec\u00edlia fica arrasada.<\/p>\n<p>Queiroz descobre que existe um estilista com o nome de Victor Valentim. M\u00e1rio conta para Jaqueline que Ariclenes \u00e9 o comprador misterioso da grife de Jacques e ela arma um plano para retomar a marca. Jacques recebe uma foto de Lourdes com Ariclenes e conclui que o comprador da sua grife \u00e9 Valentim. Pedro despreza Gabriela e a abandona na noite de n\u00fapcias. A confus\u00e3o de Desir\u00e9e com os paparazzi se espalha na internet e prejudica sua carreira.<\/p>\n<p>Renato sugere a Marcela que eles levem Paulinho ao parque. Ariclenes teme que Jacques desista do neg\u00f3cio e pede para Lourdes acelerar a assinatura do contrato. Jaqueline v\u00ea o panfleto que Tha\u00edsa criou para encontrar seu pai e resolve procurar a filha. Magali convoca Armandinho para uma conversa de irm\u00e3os. Jacques surge na casa de Ariclenes.<\/p>\n<p>(*) edi\u00e7\u00e3o das novelas da Globo, \u201cTiTiTi\u201d, sujeito a altera\u00e7\u00e3o de data e conte\u00fado.<\/p>\n<p>Sinopse &#8220;TiTiTi&#8221;: Alexandre Borges e Murilo Ben\u00edcio interpretam os rivais da hist\u00f3ria, respectivamente Jacques Leclair e Victor Valentim, que passam a novela inteira se digladiando para ver quem sobressai no mundo na moda como estilista bem-sucedido, com o nome transformado em grife e as cole\u00e7\u00f5es desfiladas nas grandes semanas de moda e fotografadas para as revistas de celebridades.<\/p>\n","protected":false},"excerpt":{"rendered":"<p>Resumo da novela \u201cTiTiTi\u201d em 09\/08: no cap\u00edtulo 096(*) da novela, Marta pressiona Gabriela a desistir do casamento. Dorinha aconselha Amanda a n\u00e3o medir for\u00e7as com Marcela. Marta diz que n\u00e3o vai ao casamento da filha e convence o pessoal da vila a n\u00e3o ir. Gabriela pede para Luti lev\u00e1-la \u00e0 igreja e ele acaba [&hellip;]<\/p>\n","protected":false},"author":2,"featured_media":204655,"comment_status":"closed","ping_status":"closed","sticky":false,"template":"","format":"standard","meta":{"_genesis_hide_title":false,"_genesis_hide_breadcrumbs":false,"_genesis_hide_singular_image":false,"_genesis_hide_footer_widgets":false,"_genesis_custom_body_class":"","_genesis_custom_post_class":"","_genesis_layout":"","_jetpack_memberships_contains_paid_content":false,"footnotes":""},"categories":[379,375,2025,343,2193],"tags":[441],"class_list":{"0":"post-209167","1":"post","2":"type-post","3":"status-publish","4":"format-standard","5":"has-post-thumbnail","7":"category-novelas","8":"category-rede-globo","9":"category-resumo","10":"category-televisao","11":"category-tititi","12":"tag-resumo-do-dia","13":"entry","14":"gs-1","15":"gs-odd","16":"gs-even","17":"gs-featured-content-entry"},"jetpack_featured_media_url":"https:\/\/www.redenoticia.com.br\/noticia\/imagens\/tititi-reprise-globo-resumo-capitulos-sinopse.jpeg","jetpack_sharing_enabled":true,"jetpack_likes_enabled":true,"_links":{"self":[{"href":"https:\/\/www.redenoticia.com.br\/noticia\/wp-json\/wp\/v2\/posts\/209167","targetHints":{"allow":["GET"]}}],"collection":[{"href":"https:\/\/www.redenoticia.com.br\/noticia\/wp-json\/wp\/v2\/posts"}],"about":[{"href":"https:\/\/www.redenoticia.com.br\/noticia\/wp-json\/wp\/v2\/types\/post"}],"author":[{"embeddable":true,"href":"https:\/\/www.redenoticia.com.br\/noticia\/wp-json\/wp\/v2\/users\/2"}],"replies":[{"embeddable":true,"href":"https:\/\/www.redenoticia.com.br\/noticia\/wp-json\/wp\/v2\/comments?post=209167"}],"version-history":[{"count":0,"href":"https:\/\/www.redenoticia.com.br\/noticia\/wp-json\/wp\/v2\/posts\/209167\/revisions"}],"wp:featuredmedia":[{"embeddable":true,"href":"https:\/\/www.redenoticia.com.br\/noticia\/wp-json\/wp\/v2\/media\/204655"}],"wp:attachment":[{"href":"https:\/\/www.redenoticia.com.br\/noticia\/wp-json\/wp\/v2\/media?parent=209167"}],"wp:term":[{"taxonomy":"category","embeddable":true,"href":"https:\/\/www.redenoticia.com.br\/noticia\/wp-json\/wp\/v2\/categories?post=209167"},{"taxonomy":"post_tag","embeddable":true,"href":"https:\/\/www.redenoticia.com.br\/noticia\/wp-json\/wp\/v2\/tags?post=209167"}],"curies":[{"name":"wp","href":"https:\/\/api.w.org\/{rel}","templated":true}]}}