{"id":209124,"date":"2021-08-06T14:20:38","date_gmt":"2021-08-06T17:20:38","guid":{"rendered":"https:\/\/www.redenoticia.com.br\/noticia\/?p=209124"},"modified":"2021-08-06T14:20:38","modified_gmt":"2021-08-06T17:20:38","slug":"resumo-imperio-07-08-vicente-e-preso","status":"publish","type":"post","link":"https:\/\/www.redenoticia.com.br\/noticia\/2021\/resumo-imperio-07-08-vicente-e-preso\/209124","title":{"rendered":"Resumo \u201cImp\u00e9rio\u201d 07\/08: Vicente \u00e9 preso"},"content":{"rendered":"<p><img loading=\"lazy\" decoding=\"async\" class=\"aligncenter size-full wp-image-205063\" src=\"https:\/\/www.redenoticia.com.br\/noticia\/imagens\/novela-imperio-resumo-elenco.jpeg\" alt=\"\" width=\"1280\" height=\"720\" srcset=\"https:\/\/www.redenoticia.com.br\/noticia\/imagens\/novela-imperio-resumo-elenco.jpeg 1280w, https:\/\/www.redenoticia.com.br\/noticia\/imagens\/novela-imperio-resumo-elenco-250x140.jpeg 250w, https:\/\/www.redenoticia.com.br\/noticia\/imagens\/novela-imperio-resumo-elenco-400x225.jpeg 400w, https:\/\/www.redenoticia.com.br\/noticia\/imagens\/novela-imperio-resumo-elenco-768x432.jpeg 768w, https:\/\/www.redenoticia.com.br\/noticia\/imagens\/novela-imperio-resumo-elenco-150x85.jpeg 150w\" sizes=\"auto, (max-width: 1280px) 100vw, 1280px\" \/><\/p>\n<p><em><strong>Resumo novela \u201cImp\u00e9rio\u201d<\/strong><\/em> em 07\/08: no cap\u00edtulo 102(*) da novela, Jos\u00e9 Alfredo explica para Cristina como conseguiu sua pedra de volta. Pietro v\u00ea Cora chegar em casa com Josu\u00e9 e espalha a fofoca para Xana. Vicente argumenta com o chefe da fiscaliza\u00e7\u00e3o e pede para Maria Clara avisar a Cl\u00e1udio. Kelly fica penalizada com o estado de Maria \u00cdsis. Cristina se irrita com uma discuss\u00e3o na casa de Jos\u00e9 Alfredo. Jo\u00e3o Lucas tenta entender o desprezo do pai. Beatriz ajuda Leonardo. Enrico impede a entrada de Cl\u00e1udio no restaurante.<\/p>\n<p>Cora tenta se lembrar de sua suposta noite com Jos\u00e9 Alfredo. Vicente desconfia de que o restaurante foi sabotado. Vicente \u00e9 preso e Maria Clara o acompanha. Antoninho anuncia o tema para o novo samba enredo e pede para Orville pintar os pain\u00e9is da escola. T\u00e9o termina mais uma mat\u00e9ria sobre Jos\u00e9 Alfredo. Maur\u00edlio procura Danielle. Cl\u00e1udio avisa a Merival sobre a pris\u00e3o de Vicente. Felipe assume o lugar de Vicente no restaurante. Jos\u00e9 Alfredo revela para Jo\u00e3o Lucas que Maria \u00cdsis engravidou do filho.<\/p>\n<p>Danielle faz um acordo com Maur\u00edlio<\/p>\n<p>Maria Marta ouve a conversa entre Jo\u00e3o Lucas e Jos\u00e9 Alfredo e comemora ao saber que o Comendador n\u00e3o pode mais ter filhos. Robert\u00e3o tenta consolar Maria \u00cdsis. Cora decide procurar Jos\u00e9 Alfredo. Arnold\u00e3o se insinua para Juju. Felipe \u00e9 autorit\u00e1rio com a equipe e Luigi e Ant\u00f4nio se irritam.<\/p>\n<p>\u00c9rika n\u00e3o consegue uma declara\u00e7\u00e3o de Cl\u00e1udio para T\u00e9o e o blogueiro decide inventar uma not\u00edcia sobre o esc\u00e2ndalo no restaurante. Cora aparece na joalheria Imp\u00e9rio. Danielle faz um acordo com Maur\u00edlio. Cl\u00e1udio fala com Enrico sobre sua ida ao restaurante no momento da fiscaliza\u00e7\u00e3o sanit\u00e1ria. Jos\u00e9 Alfredo confessa a Cora que n\u00e3o passou a noite com ela.<\/p>\n<p>(*) edi\u00e7\u00e3o das novelas da Globo, \u201cImp\u00e9rio\u201d, sujeito a altera\u00e7\u00e3o de data e conte\u00fado.<\/p>\n<p>Sinopse Novela &#8220;Imp\u00e9rio&#8221;: hist\u00f3ria do pernambucano Jos\u00e9 Alfredo de Medeiros (Chay Suede\/Alexandre Nero), o homem de preto. Dono de uma rede de joalherias, o Comendador tem tr\u00eas filhos com a aristocrata falida Maria Marta Mendon\u00e7a e Albuquerque (Adriana Birolli\/Lilia Cabral): Jos\u00e9 Pedro (Caio Blat), Maria Clara (Andreia Horta) e Jo\u00e3o Lucas (Daniel Rocha). Os tr\u00eas disputam a heran\u00e7a da empresa constru\u00edda pelo pai.<\/p>\n","protected":false},"excerpt":{"rendered":"<p>Resumo novela \u201cImp\u00e9rio\u201d em 07\/08: no cap\u00edtulo 102(*) da novela, Jos\u00e9 Alfredo explica para Cristina como conseguiu sua pedra de volta. Pietro v\u00ea Cora chegar em casa com Josu\u00e9 e espalha a fofoca para Xana. Vicente argumenta com o chefe da fiscaliza\u00e7\u00e3o e pede para Maria Clara avisar a Cl\u00e1udio. Kelly fica penalizada com o [&hellip;]<\/p>\n","protected":false},"author":4,"featured_media":205061,"comment_status":"closed","ping_status":"closed","sticky":false,"template":"","format":"standard","meta":{"_genesis_hide_title":false,"_genesis_hide_breadcrumbs":false,"_genesis_hide_singular_image":false,"_genesis_hide_footer_widgets":false,"_genesis_custom_body_class":"","_genesis_custom_post_class":"","_genesis_layout":"","_jetpack_memberships_contains_paid_content":false,"footnotes":""},"categories":[2196,379,375,2025,343],"tags":[441],"class_list":{"0":"post-209124","1":"post","2":"type-post","3":"status-publish","4":"format-standard","5":"has-post-thumbnail","7":"category-imperio","8":"category-novelas","9":"category-rede-globo","10":"category-resumo","11":"category-televisao","12":"tag-resumo-do-dia","13":"entry","14":"gs-1","15":"gs-odd","16":"gs-even","17":"gs-featured-content-entry"},"jetpack_featured_media_url":"https:\/\/www.redenoticia.com.br\/noticia\/imagens\/novela-imperio-resumo-elenco-globo.jpeg","jetpack_sharing_enabled":true,"jetpack_likes_enabled":true,"_links":{"self":[{"href":"https:\/\/www.redenoticia.com.br\/noticia\/wp-json\/wp\/v2\/posts\/209124","targetHints":{"allow":["GET"]}}],"collection":[{"href":"https:\/\/www.redenoticia.com.br\/noticia\/wp-json\/wp\/v2\/posts"}],"about":[{"href":"https:\/\/www.redenoticia.com.br\/noticia\/wp-json\/wp\/v2\/types\/post"}],"author":[{"embeddable":true,"href":"https:\/\/www.redenoticia.com.br\/noticia\/wp-json\/wp\/v2\/users\/4"}],"replies":[{"embeddable":true,"href":"https:\/\/www.redenoticia.com.br\/noticia\/wp-json\/wp\/v2\/comments?post=209124"}],"version-history":[{"count":0,"href":"https:\/\/www.redenoticia.com.br\/noticia\/wp-json\/wp\/v2\/posts\/209124\/revisions"}],"wp:featuredmedia":[{"embeddable":true,"href":"https:\/\/www.redenoticia.com.br\/noticia\/wp-json\/wp\/v2\/media\/205061"}],"wp:attachment":[{"href":"https:\/\/www.redenoticia.com.br\/noticia\/wp-json\/wp\/v2\/media?parent=209124"}],"wp:term":[{"taxonomy":"category","embeddable":true,"href":"https:\/\/www.redenoticia.com.br\/noticia\/wp-json\/wp\/v2\/categories?post=209124"},{"taxonomy":"post_tag","embeddable":true,"href":"https:\/\/www.redenoticia.com.br\/noticia\/wp-json\/wp\/v2\/tags?post=209124"}],"curies":[{"name":"wp","href":"https:\/\/api.w.org\/{rel}","templated":true}]}}