{"id":2087,"date":"2009-05-28T09:29:23","date_gmt":"2009-05-28T13:29:23","guid":{"rendered":"http:\/\/www.redenoticia.com.br\/noticia\/?p=2087"},"modified":"2009-05-28T15:22:06","modified_gmt":"2009-05-28T19:22:06","slug":"poder-executivo-deve-publicar-receitas-e-gastos-em-tempo-real","status":"publish","type":"post","link":"https:\/\/www.redenoticia.com.br\/noticia\/2009\/poder-executivo-deve-publicar-receitas-e-gastos-em-tempo-real\/2087","title":{"rendered":"Poder Executivo deve publicar receitas e gastos em tempo real"},"content":{"rendered":"<p><span class=\"titulo11\"><\/span><span style=\"font-size: 11pt; font-family: Arial; color: windowtext;\"><br \/>\n<\/span><span style=\"font-size: 11pt; font-family: Arial; color: windowtext;\">Est\u00e1 publicada na edi\u00e7\u00e3o de hoje (28) do <em><span style=\"color: windowtext;\">Di\u00e1rio Oficial da Uni\u00e3o<\/span><\/em> a norma que obriga os governos federal, estaduais e municipais a tornarem dispon\u00edveis, em tempo real, na <em>internet<\/em>, receitas e gastos.<\/span><\/p>\n<p class=\"western\"><span style=\"font-size: 11pt; font-family: Arial; color: windowtext;\">A finalidade da Lei Complementar n.\u00ba 131 \u00e9 dar transpar\u00eancia \u00e0 administra\u00e7\u00e3o p\u00fablica, al\u00e9m de incentivar a participa\u00e7\u00e3o popular e a realiza\u00e7\u00e3o de audi\u00eancias p\u00fablicas na elabora\u00e7\u00e3o de planos e diretrizes or\u00e7ament\u00e1rias.<\/span><\/p>\n<p class=\"western\"><span style=\"font-size: 11pt; font-family: Arial; color: windowtext;\">De acordo com o texto, Uni\u00e3o, estados, Distrito Federal e cidades com mais de cem mil habitantes t\u00eam um ano para colocar a medida em pr\u00e1tica, munic\u00edpios com 50 a 100 mil habitantes, dois anos, e cidades com at\u00e9 50 mil habitantes, quatro anos.<\/span><\/p>\n<p class=\"western\"><span style=\"font-size: 11pt; font-family: Arial; color: windowtext;\">O gestor que n\u00e3o divulgar as informa\u00e7\u00f5es poder\u00e1 ter o repasse de verbas federais suspenso. Qualquer cidad\u00e3o, partido pol\u00edtico, sindicato ou associa\u00e7\u00e3o pode denunciar aos tribunais de contas e Minist\u00e9rio P\u00fablico quem n\u00e3o estiver cumprindo a lei.<\/span><\/p>\n<p class=\"western\"><span style=\"font-size: 11pt; font-family: Arial; color: windowtext;\">O site da administra\u00e7\u00e3o municipal em Ji-Paran\u00e1 Rond\u00f4nia j\u00e1 est\u00e1 em fase de testes. Inicialmente contemplar\u00e1 informa\u00e7\u00f5es de projetos e, no prazo estabelecido, deve fornecer as informa\u00e7\u00f5es determinadas e\u00a0 publicadas no di\u00e1rio oficial.<br \/>\n<\/span><\/p>\n<p class=\"MsoNormal\"><span class=\"assinatura11\"><span style=\"font-size: 11pt; font-family: Arial; color: windowtext;\"><!-- .replace('','').replace('\n\n','') -->Dados da Ag\u00eancia Brasil <\/span><\/span><span style=\"font-size: 11pt; font-family: Arial;\"><br \/>\n<!--[if !supportLineBreakNewLine]--><br \/>\n<!--[endif]--><\/span><\/p>\n","protected":false},"excerpt":{"rendered":"<p>Est\u00e1 publicada na edi\u00e7\u00e3o de hoje (28) do Di\u00e1rio Oficial da Uni\u00e3o a norma que obriga os governos federal, estaduais e municipais a tornarem dispon\u00edveis, em tempo real, na internet, receitas e gastos. A finalidade da Lei Complementar n.\u00ba 131 \u00e9 dar transpar\u00eancia \u00e0 administra\u00e7\u00e3o p\u00fablica, al\u00e9m de incentivar a participa\u00e7\u00e3o popular e a realiza\u00e7\u00e3o [&hellip;]<\/p>\n","protected":false},"author":3,"featured_media":0,"comment_status":"open","ping_status":"open","sticky":false,"template":"","format":"standard","meta":{"_genesis_hide_title":false,"_genesis_hide_breadcrumbs":false,"_genesis_hide_singular_image":false,"_genesis_hide_footer_widgets":false,"_genesis_custom_body_class":"","_genesis_custom_post_class":"","_genesis_layout":"","_jetpack_memberships_contains_paid_content":false,"footnotes":""},"categories":[22],"tags":[],"class_list":{"0":"post-2087","1":"post","2":"type-post","3":"status-publish","4":"format-standard","6":"category-brasil","7":"entry","8":"gs-1","9":"gs-odd","10":"gs-even","11":"gs-featured-content-entry"},"jetpack_featured_media_url":"","jetpack_sharing_enabled":true,"jetpack_likes_enabled":true,"_links":{"self":[{"href":"https:\/\/www.redenoticia.com.br\/noticia\/wp-json\/wp\/v2\/posts\/2087","targetHints":{"allow":["GET"]}}],"collection":[{"href":"https:\/\/www.redenoticia.com.br\/noticia\/wp-json\/wp\/v2\/posts"}],"about":[{"href":"https:\/\/www.redenoticia.com.br\/noticia\/wp-json\/wp\/v2\/types\/post"}],"author":[{"embeddable":true,"href":"https:\/\/www.redenoticia.com.br\/noticia\/wp-json\/wp\/v2\/users\/3"}],"replies":[{"embeddable":true,"href":"https:\/\/www.redenoticia.com.br\/noticia\/wp-json\/wp\/v2\/comments?post=2087"}],"version-history":[{"count":0,"href":"https:\/\/www.redenoticia.com.br\/noticia\/wp-json\/wp\/v2\/posts\/2087\/revisions"}],"wp:attachment":[{"href":"https:\/\/www.redenoticia.com.br\/noticia\/wp-json\/wp\/v2\/media?parent=2087"}],"wp:term":[{"taxonomy":"category","embeddable":true,"href":"https:\/\/www.redenoticia.com.br\/noticia\/wp-json\/wp\/v2\/categories?post=2087"},{"taxonomy":"post_tag","embeddable":true,"href":"https:\/\/www.redenoticia.com.br\/noticia\/wp-json\/wp\/v2\/tags?post=2087"}],"curies":[{"name":"wp","href":"https:\/\/api.w.org\/{rel}","templated":true}]}}