{"id":20859,"date":"2009-12-29T18:51:11","date_gmt":"2009-12-29T22:51:11","guid":{"rendered":"http:\/\/www.redenoticia.com.br\/noticia\/?p=20859"},"modified":"2009-12-31T16:20:56","modified_gmt":"2009-12-31T20:20:56","slug":"previsao-do-tempo-%e2%80%93-chuvas-fortes-em-grande-parte-do-brasil-3012","status":"publish","type":"post","link":"https:\/\/www.redenoticia.com.br\/noticia\/2009\/previsao-do-tempo-%e2%80%93-chuvas-fortes-em-grande-parte-do-brasil-3012\/20859","title":{"rendered":"Previs\u00e3o do tempo \u2013 chuvas fortes em grande parte do Brasil (30\/12)"},"content":{"rendered":"<p><strong><em><img loading=\"lazy\" decoding=\"async\" class=\"alignleft size-full wp-image-20744\" title=\"previsao tempo\" src=\"https:\/\/www.redenoticia.com.br\/noticia\/imagens\/previsao-tempo-27-a-29-12.jpg\" alt=\"\" width=\"300\" height=\"193\" srcset=\"https:\/\/www.redenoticia.com.br\/noticia\/imagens\/previsao-tempo-27-a-29-12.jpg 300w, https:\/\/www.redenoticia.com.br\/noticia\/imagens\/previsao-tempo-27-a-29-12-250x160.jpg 250w, https:\/\/www.redenoticia.com.br\/noticia\/imagens\/previsao-tempo-27-a-29-12-150x96.jpg 150w\" sizes=\"auto, (max-width: 300px) 100vw, 300px\" \/>Previs\u00e3o do tempo<\/em><\/strong> \u2013 segundo a meteorologia CPTEC\/INPE, nesta quarta-feira (30\/12), ocorrer\u00e3o chuvas fortes no norte e oeste do RS, centro-oeste e sudeste de SC, centro-sul e norte do PR, SP, MS, centro-sul e \u00e1reas serranas do RJ, GO, MG (exceto o centro-norte), oeste e sul do ES, MT (com menores chances no oeste), MA (exceto o litoral), PI (exceto o litoral), centro-oeste e sul da BA, sul do CE, oeste de PE, RO, centro-sul e leste do AM, centro-sul, leste e nordeste do PA e leste do AP.<\/p>\n<p>Previs\u00e3o do tempo na Regi\u00e3o Centro-Oeste em 30\/12\/2009: Em todas as \u00e1reas da Regi\u00e3o: nublado com pancadas de chuva localmente forte a qualquer hora do dia. As temperaturas estar\u00e3o est\u00e1veis. Temperatura m\u00e1xima: 31C no sudoeste de MT. Temperatura m\u00ednima: 19C no leste de GO.<\/p>\n<p>Previs\u00e3o do tempo na Regi\u00e3o Nordeste em 30\/12\/2009: No leste da BA,no norte do CE e do RN, em SE e no sul de AL: sol entre varia\u00e7\u00e3o de nuvens. No centro-oeste da BA, no centro-sul do PI e no MA: nublado com pancadas de chuva localmente forte a qualquer hora do dia. Nas demais \u00e1reas do PI, da BA e do CE e no oeste de PE: sol com varia\u00e7\u00e3o de nuvens e pancadas isoladas de chuva. Nas demais \u00e1reas da Regi\u00e3o: sol com poucas nuvens e uma pequena possibilidade de pancadas isoladas de chuva. As temperaturas seguir\u00e3o est\u00e1veis. Temperatura m\u00e1xima: 35C no nordeste da BA. Temperatura m\u00ednima: 18C no oeste da BA.<\/p>\n<p>Previs\u00e3o do tempo na Regi\u00e3o Norte em 30\/12\/2009: No norte do AM e em RR: sol entre poucas nuvens. No nordeste do AM, no noroeste do PA e no extremo oeste do AP: sol com nebulosidade vari\u00e1vel e uma pequena possibilidade de pancadas de chuva. No centro-sudeste do AM, no TO e nas demais \u00e1reas do PA: nublado com fortes pancadas de chuva. Nas demais \u00e1reas da Regi\u00e3o: sol com varia\u00e7\u00e3o de nuvens e pancadas isoladas de chuva. As temperaturas seguir\u00e3o est\u00e1veis. Temperatura m\u00e1xima: 35C no norte de RR. Temperatura m\u00ednima: 19C no sul do TO.<\/p>\n<p>Previs\u00e3o do tempo na Regi\u00e3o Sudeste em 30\/12\/2009: No sul de SP: sol com varia\u00e7\u00e3o de nuvens. No nordeste de MG e no ES: sol com nebulosidade vari\u00e1vel e com pancadas de chuva a qualquer momento. No centro-leste de SP, incluindo a capital paulista: nublado com pancadas isoladas de chuva \u00e0 tarde. Nas demais \u00e1reas da Regi\u00e3o: sol entre muitas nuvens e pancadas e chuva localmente forte a qualquer hora do dia. As temperaturas estar\u00e3o est\u00e1veis. Temperatura m\u00e1xima: 30C no norte do RJ e no ES. Temperatura m\u00ednima: 16C na Serra da Mantiqueira.<\/p>\n<p>Previs\u00e3o do tempo na Regi\u00e3o Sul em 30\/12\/2009: No leste de SC e do PR: sol com varia\u00e7\u00e3o de nuvens e uma pequena possibilidade de pancadas de chuva. No sudoeste do RS: nublado com chuva pela manh\u00e3 passando a nublado no decorrer do dia. No leste do RS: tempo inst\u00e1vel, com poucas aberturas de sol e chuva isolada a qualquer hora o dia. No nordeste do RS e na faixa central do PR e de SC: sol com varia\u00e7\u00e3o de nuvens e fortes pancadas de chuva isolada. Nas demais \u00e1reas da Regi\u00e3o: sol entre muitas nuvens e fortes pancadas isoladas de chuva. As temperaturas estar\u00e3o em pequeno decl\u00ednio. Temperatura m\u00e1xima: 31C no sudoeste do RS. Temperatura m\u00ednima: 17C na Serra Geral.<\/p>\n<p>Previs\u00e3o do tempo CPTEC\/INPE<\/p>\n","protected":false},"excerpt":{"rendered":"<p>Previs\u00e3o do tempo \u2013 segundo a meteorologia CPTEC\/INPE, nesta quarta-feira (30\/12), ocorrer\u00e3o chuvas fortes no norte e oeste do RS, centro-oeste e sudeste de SC, centro-sul e norte do PR, SP, MS, centro-sul e \u00e1reas serranas do RJ, GO, MG (exceto o centro-norte), oeste e sul do ES, MT (com menores chances no oeste), MA [&hellip;]<\/p>\n","protected":false},"author":3,"featured_media":0,"comment_status":"open","ping_status":"open","sticky":false,"template":"","format":"standard","meta":{"_genesis_hide_title":false,"_genesis_hide_breadcrumbs":false,"_genesis_hide_singular_image":false,"_genesis_hide_footer_widgets":false,"_genesis_custom_body_class":"","_genesis_custom_post_class":"","_genesis_layout":"","_jetpack_memberships_contains_paid_content":false,"footnotes":""},"categories":[22,327,376],"tags":[],"class_list":{"0":"post-20859","1":"post","2":"type-post","3":"status-publish","4":"format-standard","6":"category-brasil","7":"category-clima","8":"category-clima-brasil","9":"entry","10":"gs-1","11":"gs-odd","12":"gs-even","13":"gs-featured-content-entry"},"jetpack_featured_media_url":"","jetpack_sharing_enabled":true,"jetpack_likes_enabled":true,"_links":{"self":[{"href":"https:\/\/www.redenoticia.com.br\/noticia\/wp-json\/wp\/v2\/posts\/20859","targetHints":{"allow":["GET"]}}],"collection":[{"href":"https:\/\/www.redenoticia.com.br\/noticia\/wp-json\/wp\/v2\/posts"}],"about":[{"href":"https:\/\/www.redenoticia.com.br\/noticia\/wp-json\/wp\/v2\/types\/post"}],"author":[{"embeddable":true,"href":"https:\/\/www.redenoticia.com.br\/noticia\/wp-json\/wp\/v2\/users\/3"}],"replies":[{"embeddable":true,"href":"https:\/\/www.redenoticia.com.br\/noticia\/wp-json\/wp\/v2\/comments?post=20859"}],"version-history":[{"count":0,"href":"https:\/\/www.redenoticia.com.br\/noticia\/wp-json\/wp\/v2\/posts\/20859\/revisions"}],"wp:attachment":[{"href":"https:\/\/www.redenoticia.com.br\/noticia\/wp-json\/wp\/v2\/media?parent=20859"}],"wp:term":[{"taxonomy":"category","embeddable":true,"href":"https:\/\/www.redenoticia.com.br\/noticia\/wp-json\/wp\/v2\/categories?post=20859"},{"taxonomy":"post_tag","embeddable":true,"href":"https:\/\/www.redenoticia.com.br\/noticia\/wp-json\/wp\/v2\/tags?post=20859"}],"curies":[{"name":"wp","href":"https:\/\/api.w.org\/{rel}","templated":true}]}}