{"id":208176,"date":"2021-07-06T12:35:13","date_gmt":"2021-07-06T15:35:13","guid":{"rendered":"https:\/\/www.redenoticia.com.br\/noticia\/?p=208176"},"modified":"2021-07-06T12:35:13","modified_gmt":"2021-07-06T15:35:13","slug":"resumo-a-vida-da-gente-07-07-cecilia-vence-a-partida","status":"publish","type":"post","link":"https:\/\/www.redenoticia.com.br\/noticia\/2021\/resumo-a-vida-da-gente-07-07-cecilia-vence-a-partida\/208176","title":{"rendered":"Resumo \u201cA Vida da Gente\u201d 07\/07: Cec\u00edlia vence a partida"},"content":{"rendered":"<p><img loading=\"lazy\" decoding=\"async\" src=\"https:\/\/www.redenoticia.com.br\/noticia\/imagens\/a-vida-da-gente-elenco-principal.jpg\" alt=\"\" width=\"1280\" height=\"720\" class=\"aligncenter size-full wp-image-203501\" srcset=\"https:\/\/www.redenoticia.com.br\/noticia\/imagens\/a-vida-da-gente-elenco-principal.jpg 1280w, https:\/\/www.redenoticia.com.br\/noticia\/imagens\/a-vida-da-gente-elenco-principal-250x140.jpg 250w, https:\/\/www.redenoticia.com.br\/noticia\/imagens\/a-vida-da-gente-elenco-principal-400x225.jpg 400w, https:\/\/www.redenoticia.com.br\/noticia\/imagens\/a-vida-da-gente-elenco-principal-768x432.jpg 768w, https:\/\/www.redenoticia.com.br\/noticia\/imagens\/a-vida-da-gente-elenco-principal-150x85.jpg 150w\" sizes=\"auto, (max-width: 1280px) 100vw, 1280px\" \/><\/p>\n<p><em><strong>Resumo da novela \u201cA Vida da Gente\u201d<\/strong><\/em> em 07\/07: no cap\u00edtulo 110(*) da novela, Rodrigo fica encantado ao ver Manuela arrumada para sair. Louren\u00e7o diz que lutar\u00e1 pela guarda de Tiago. L\u00facio tenta tranquilizar Ana. Marcos se preocupa com Sofia. Moema convence In\u00e1 a conversar com Laudelino. Eva se irrita com o desempenho de Sofia.<\/p>\n<p>Cec\u00edlia vence a partida e Vit\u00f3ria sorri satisfeita. Ana conforta Sofia. Vit\u00f3ria se preocupa com o estado emocional de Cec\u00edlia. Louren\u00e7o afirma para seu advogado que pretende fazer o que estiver ao seu alcance para ficar com Tiago.<\/p>\n<p>(*) edi\u00e7\u00e3o das novelas da Globo, \u201cA Vida da Gente\u201d, sujeito a altera\u00e7\u00e3o de data e conte\u00fado.<\/p>\n<p>Sinopse \u201cA Vida da Gente\u201d: Dois jovens, criados como irm\u00e3os, se apaixonam perdidamente, tendo de enfrentar a contrariedade de seus pais. Ana (Fernanda Vasconcellos) e Rodrigo (Rafael Cardoso) s\u00e3o filhos, respectivamente, de Eva (Ana Beatriz Nogueira) e Jonas (Paulo Betti), que, casados, criam juntos seus filhos de outras rela\u00e7\u00f5es. Ana tem uma irm\u00e3, Manuela (Marjorie Estiano), preterida por sua m\u00e3e. Ana descobre estar gr\u00e1vida. Antes de dar a not\u00edcia a Rodrigo, ela acaba aceitando o plano de sua m\u00e3e: esconder a gravidez. Ao nascer, a crian\u00e7a seria entregue \u00e0 ado\u00e7\u00e3o. Um acidente muda o destino da fam\u00edlia. Ana entra em um coma profundo e, segundo os m\u00e9dicos, talvez irrevers\u00edvel.<\/p>\n","protected":false},"excerpt":{"rendered":"<p>Resumo da novela \u201cA Vida da Gente\u201d em 07\/07: no cap\u00edtulo 110(*) da novela, Rodrigo fica encantado ao ver Manuela arrumada para sair. Louren\u00e7o diz que lutar\u00e1 pela guarda de Tiago. L\u00facio tenta tranquilizar Ana. Marcos se preocupa com Sofia. Moema convence In\u00e1 a conversar com Laudelino. Eva se irrita com o desempenho de Sofia. [&hellip;]<\/p>\n","protected":false},"author":4,"featured_media":203502,"comment_status":"closed","ping_status":"closed","sticky":false,"template":"","format":"standard","meta":{"_genesis_hide_title":false,"_genesis_hide_breadcrumbs":false,"_genesis_hide_singular_image":false,"_genesis_hide_footer_widgets":false,"_genesis_custom_body_class":"","_genesis_custom_post_class":"","_genesis_layout":"","_jetpack_memberships_contains_paid_content":false,"footnotes":""},"categories":[2190,379,375,2025,343],"tags":[441],"class_list":{"0":"post-208176","1":"post","2":"type-post","3":"status-publish","4":"format-standard","5":"has-post-thumbnail","7":"category-a-vida-da-gente","8":"category-novelas","9":"category-rede-globo","10":"category-resumo","11":"category-televisao","12":"tag-resumo-do-dia","13":"entry","14":"gs-1","15":"gs-odd","16":"gs-even","17":"gs-featured-content-entry"},"jetpack_featured_media_url":"https:\/\/www.redenoticia.com.br\/noticia\/imagens\/a-vida-da-gente-elenco-logo.jpg","jetpack_sharing_enabled":true,"jetpack_likes_enabled":true,"_links":{"self":[{"href":"https:\/\/www.redenoticia.com.br\/noticia\/wp-json\/wp\/v2\/posts\/208176","targetHints":{"allow":["GET"]}}],"collection":[{"href":"https:\/\/www.redenoticia.com.br\/noticia\/wp-json\/wp\/v2\/posts"}],"about":[{"href":"https:\/\/www.redenoticia.com.br\/noticia\/wp-json\/wp\/v2\/types\/post"}],"author":[{"embeddable":true,"href":"https:\/\/www.redenoticia.com.br\/noticia\/wp-json\/wp\/v2\/users\/4"}],"replies":[{"embeddable":true,"href":"https:\/\/www.redenoticia.com.br\/noticia\/wp-json\/wp\/v2\/comments?post=208176"}],"version-history":[{"count":0,"href":"https:\/\/www.redenoticia.com.br\/noticia\/wp-json\/wp\/v2\/posts\/208176\/revisions"}],"wp:featuredmedia":[{"embeddable":true,"href":"https:\/\/www.redenoticia.com.br\/noticia\/wp-json\/wp\/v2\/media\/203502"}],"wp:attachment":[{"href":"https:\/\/www.redenoticia.com.br\/noticia\/wp-json\/wp\/v2\/media?parent=208176"}],"wp:term":[{"taxonomy":"category","embeddable":true,"href":"https:\/\/www.redenoticia.com.br\/noticia\/wp-json\/wp\/v2\/categories?post=208176"},{"taxonomy":"post_tag","embeddable":true,"href":"https:\/\/www.redenoticia.com.br\/noticia\/wp-json\/wp\/v2\/tags?post=208176"}],"curies":[{"name":"wp","href":"https:\/\/api.w.org\/{rel}","templated":true}]}}