{"id":2081,"date":"2009-05-27T19:34:19","date_gmt":"2009-05-27T23:34:19","guid":{"rendered":"http:\/\/www.redenoticia.com.br\/noticia\/?p=2081"},"modified":"2009-05-27T19:34:19","modified_gmt":"2009-05-27T23:34:19","slug":"aposentados-que-emitiram-procuracao-e-mudaram-de-endereco-devem-regularizar-cadastro","status":"publish","type":"post","link":"https:\/\/www.redenoticia.com.br\/noticia\/2009\/aposentados-que-emitiram-procuracao-e-mudaram-de-endereco-devem-regularizar-cadastro\/2081","title":{"rendered":"Aposentados que emitiram procura\u00e7\u00e3o e mudaram de endere\u00e7o devem regularizar cadastro"},"content":{"rendered":"<p class=\"MsoNormal\"><span style=\"font-size: 11pt; font-family: Arial;\">Cento e cinquenta e tr\u00eas aposentados e pensionistas est\u00e3o sendo convocados pelo Instituto Nacional do Seguro Social (INSS), por meio de editais publicados em jornais de grande circula\u00e7\u00e3o nos estados. <\/span><\/p>\n<p class=\"MsoNormal\"><span style=\"font-size: 11pt; font-family: Arial;\">Eles devem regularizar o cadastro em 30 dias ou ter\u00e3o o pagamento suspenso.<\/span><\/p>\n<p class=\"MsoNormal\"><span style=\"font-size: 11pt; font-family: Arial;\" lang=\"PT\">Fazem parte da rela\u00e7\u00e3o de convocados benefici\u00e1rios que n\u00e3o foram encontrados no endere\u00e7o indicado.<\/span><span style=\"font-size: 11pt; font-family: Arial;\"><\/span><\/p>\n<p class=\"MsoNormal\"><span style=\"font-size: 11pt; font-family: Arial;\">Os aposentados convocados devem comparecer at\u00e9 27 de Junho na ag\u00eancia da Previd\u00eancia Social que mant\u00e9m o seu benef\u00edcio levando o CPF, um documento de identidade com foto e o endere\u00e7o atualizado do titular.<\/span><\/p>\n<p><span style=\"font-size: 11pt; font-family: Arial;\">Da Ag\u00eancia Brasil<br \/>\n<!--[if !supportLineBreakNewLine]--><br \/>\n<!--[endif]--><\/span><\/p>\n","protected":false},"excerpt":{"rendered":"<p>Cento e cinquenta e tr\u00eas aposentados e pensionistas est\u00e3o sendo convocados pelo Instituto Nacional do Seguro Social (INSS), por meio de editais publicados em jornais de grande circula\u00e7\u00e3o nos estados. Eles devem regularizar o cadastro em 30 dias ou ter\u00e3o o pagamento suspenso. Fazem parte da rela\u00e7\u00e3o de convocados benefici\u00e1rios que n\u00e3o foram encontrados no [&hellip;]<\/p>\n","protected":false},"author":3,"featured_media":0,"comment_status":"open","ping_status":"open","sticky":false,"template":"","format":"standard","meta":{"_genesis_hide_title":false,"_genesis_hide_breadcrumbs":false,"_genesis_hide_singular_image":false,"_genesis_hide_footer_widgets":false,"_genesis_custom_body_class":"","_genesis_custom_post_class":"","_genesis_layout":"","_jetpack_memberships_contains_paid_content":false,"footnotes":""},"categories":[22],"tags":[],"class_list":{"0":"post-2081","1":"post","2":"type-post","3":"status-publish","4":"format-standard","6":"category-brasil","7":"entry","8":"gs-1","9":"gs-odd","10":"gs-even","11":"gs-featured-content-entry"},"jetpack_featured_media_url":"","jetpack_sharing_enabled":true,"jetpack_likes_enabled":true,"_links":{"self":[{"href":"https:\/\/www.redenoticia.com.br\/noticia\/wp-json\/wp\/v2\/posts\/2081","targetHints":{"allow":["GET"]}}],"collection":[{"href":"https:\/\/www.redenoticia.com.br\/noticia\/wp-json\/wp\/v2\/posts"}],"about":[{"href":"https:\/\/www.redenoticia.com.br\/noticia\/wp-json\/wp\/v2\/types\/post"}],"author":[{"embeddable":true,"href":"https:\/\/www.redenoticia.com.br\/noticia\/wp-json\/wp\/v2\/users\/3"}],"replies":[{"embeddable":true,"href":"https:\/\/www.redenoticia.com.br\/noticia\/wp-json\/wp\/v2\/comments?post=2081"}],"version-history":[{"count":0,"href":"https:\/\/www.redenoticia.com.br\/noticia\/wp-json\/wp\/v2\/posts\/2081\/revisions"}],"wp:attachment":[{"href":"https:\/\/www.redenoticia.com.br\/noticia\/wp-json\/wp\/v2\/media?parent=2081"}],"wp:term":[{"taxonomy":"category","embeddable":true,"href":"https:\/\/www.redenoticia.com.br\/noticia\/wp-json\/wp\/v2\/categories?post=2081"},{"taxonomy":"post_tag","embeddable":true,"href":"https:\/\/www.redenoticia.com.br\/noticia\/wp-json\/wp\/v2\/tags?post=2081"}],"curies":[{"name":"wp","href":"https:\/\/api.w.org\/{rel}","templated":true}]}}